{"id":14541,"date":"2022-08-28T17:37:17","date_gmt":"2022-08-28T17:37:17","guid":{"rendered":"https:\/\/face.unt.edu.ar\/web\/?p=14541"},"modified":"2022-08-28T18:09:49","modified_gmt":"2022-08-28T18:09:49","slug":"el-dr-juan-pablo-lichmajer-presentara-su-libro-sobre-alberdi-en-nuestra-facultad","status":"publish","type":"post","link":"https:\/\/face.unt.edu.ar\/web\/blog\/el-dr-juan-pablo-lichmajer-presentara-su-libro-sobre-alberdi-en-nuestra-facultad\/","title":{"rendered":"El Dr. Juan Pablo Lichtmajer presentar\u00e1 su libro sobre Alberdi en nuestra Facultad"},"content":{"rendered":"<div dir=\"auto\">El <strong>martes 30 de agosto<\/strong>, se realizar\u00e1\u00a0 en nuestra <strong>Facultad de Ciencias Econ\u00f3micas de la UNT<\/strong>, la <strong>presentaci\u00f3n del libro \u201cAlberdi: La noble igualdad\u201d<\/strong>, del ministro de Educaci\u00f3n, <strong>Dr. Juan Pablo Lichtmajer<\/strong>.<\/div>\n<div dir=\"auto\"><\/div>\n<div dir=\"auto\">Tendr\u00e1 lugar a las <strong>18.30 horas<\/strong>, en el <strong>aula 19<\/strong> de esta Casa de Estudios, con modalidad <strong>presencial<\/strong>.<\/div>\n<div dir=\"auto\"><\/div>\n<div dir=\"auto\">Est\u00e1 <strong>destinada a toda la comunidad universitaria<\/strong>.<\/div>\n<div dir=\"auto\"><\/div>\n<div dir=\"auto\">El conferencista estar\u00e1 acompa\u00f1ado en esta oportunidad, por el decano de nuestra unidad acad\u00e9mica, <strong>Mg. Jorge Rospide<\/strong>, y por el exdecano, <strong>Mg. Jos\u00e9 Luis Jim\u00e9nez<\/strong>, teniendo en cuenta que el libro (en su primer cap\u00edtulo), combina tres planos de an\u00e1lisis hist\u00f3rico: el econ\u00f3mico, el geopol\u00edtico y el ideol\u00f3gico. La yuxtaposici\u00f3n de estos \u00e1mbitos permite enmarcar el escenario en el cual se produjeron la Revoluci\u00f3n de Mayo, la posterior Declaraci\u00f3n de la Independencia en el Congreso de Tucum\u00e1n y las primeras d\u00e9cadas de vida de la Argentina emancipada. La mirada econ\u00f3mica busca las ra\u00edces profundas del desmantelamiento del imperio espa\u00f1ol; en particular, se refiere a la transici\u00f3n del modelo econ\u00f3mico mercantilista espa\u00f1ol a la apertura comercial posterior a la revoluci\u00f3n (con todas las contradicciones, tensiones y dificultades que este movimiento caus\u00f3).<\/div>\n<div dir=\"auto\"><\/div>\n<div dir=\"auto\">Ser\u00e1 un encuentro para debatir el presente, pensando en qui\u00e9nes fuimos, qui\u00e9nes somos y qui\u00e9nes queremos ser.<\/div>\n","protected":false},"excerpt":{"rendered":"<p>El martes 30 de agosto, se realizar\u00e1\u00a0 en nuestra Facultad de Ciencias Econ\u00f3micas de la UNT, la presentaci\u00f3n del libro \u201cAlberdi: La noble igualdad\u201d, del ministro de Educaci\u00f3n, Dr. Juan Pablo Lichtmajer. Tendr\u00e1 lugar a las 18.30 horas, en el aula 19 de esta Casa de Estudios, con modalidad presencial. Est\u00e1 destinada a toda la [&hellip;]<\/p>\n","protected":false},"author":2,"featured_media":14543,"comment_status":"open","ping_status":"open","sticky":false,"template":"","format":"standard","meta":{"_et_pb_use_builder":"","_et_pb_old_content":"","_et_gb_content_width":"","footnotes":""},"categories":[4],"tags":[],"_links":{"self":[{"href":"https:\/\/face.unt.edu.ar\/web\/wp-json\/wp\/v2\/posts\/14541"}],"collection":[{"href":"https:\/\/face.unt.edu.ar\/web\/wp-json\/wp\/v2\/posts"}],"about":[{"href":"https:\/\/face.unt.edu.ar\/web\/wp-json\/wp\/v2\/types\/post"}],"author":[{"embeddable":true,"href":"https:\/\/face.unt.edu.ar\/web\/wp-json\/wp\/v2\/users\/2"}],"replies":[{"embeddable":true,"href":"https:\/\/face.unt.edu.ar\/web\/wp-json\/wp\/v2\/comments?post=14541"}],"version-history":[{"count":3,"href":"https:\/\/face.unt.edu.ar\/web\/wp-json\/wp\/v2\/posts\/14541\/revisions"}],"predecessor-version":[{"id":14545,"href":"https:\/\/face.unt.edu.ar\/web\/wp-json\/wp\/v2\/posts\/14541\/revisions\/14545"}],"wp:featuredmedia":[{"embeddable":true,"href":"https:\/\/face.unt.edu.ar\/web\/wp-json\/wp\/v2\/media\/14543"}],"wp:attachment":[{"href":"https:\/\/face.unt.edu.ar\/web\/wp-json\/wp\/v2\/media?parent=14541"}],"wp:term":[{"taxonomy":"category","embeddable":true,"href":"https:\/\/face.unt.edu.ar\/web\/wp-json\/wp\/v2\/categories?post=14541"},{"taxonomy":"post_tag","embeddable":true,"href":"https:\/\/face.unt.edu.ar\/web\/wp-json\/wp\/v2\/tags?post=14541"}],"curies":[{"name":"wp","href":"https:\/\/api.w.org\/{rel}","templated":true}]}}