{"id":14547,"date":"2022-08-31T16:07:41","date_gmt":"2022-08-31T16:07:41","guid":{"rendered":"https:\/\/face.unt.edu.ar\/web\/?p=14547"},"modified":"2022-08-31T16:08:28","modified_gmt":"2022-08-31T16:08:28","slug":"el-decano-hizo-entrega-de-titulos-universitarios-de-grado","status":"publish","type":"post","link":"https:\/\/face.unt.edu.ar\/web\/blog\/el-decano-hizo-entrega-de-titulos-universitarios-de-grado\/","title":{"rendered":"El Decano hizo entrega de t\u00edtulos universitarios de Grado"},"content":{"rendered":"<div class=\"\" data-block=\"true\" data-editor=\"2gtl0\" data-offset-key=\"78hqi-0-0\">\n<div class=\"_1mf _1mj\" data-offset-key=\"78hqi-0-0\"><\/div>\n<\/div>\n<div class=\"\" data-block=\"true\" data-editor=\"2gtl0\" data-offset-key=\"5dkk6-0-0\">\n<div class=\"_1mf _1mj\" data-offset-key=\"5dkk6-0-0\">En horas de la ma\u00f1ana, en <strong>juras privadas<\/strong>, el decano de nuestra<strong> Facultad de Ciencias Econ\u00f3micas, Mg. Jorge Rospide,<\/strong> tom\u00f3 juramento e hizo entrega de sus t\u00edtulos universitarios a los nuevos graduados de la <strong>carrera de Contador P\u00fablico Nacional.<\/strong><\/div>\n<\/div>\n<div class=\"\" data-block=\"true\" data-editor=\"2gtl0\" data-offset-key=\"35m9j-0-0\">\n<div class=\"_1mf _1mj\" data-offset-key=\"35m9j-0-0\"><\/div>\n<\/div>\n<div class=\"\" data-block=\"true\" data-editor=\"2gtl0\" data-offset-key=\"eu0mi-0-0\">\n<div class=\"_1mf _1mj\" data-offset-key=\"eu0mi-0-0\"><span data-offset-key=\"eu0mi-0-0\">Fue una ceremonia especial la que se vivi\u00f3 en la sala el Consejo Directivo, donde el Decano expres\u00f3: \u201cMuchas felicidades a ustedes y a sus familias, recibir hoy este diploma es s\u00edmbolo del esfuerzo y sacrificio. Mis mejores deseos en su vida profesional.\u201d<\/span><\/div>\n<\/div>\n<div data-offset-key=\"eu0mi-0-0\">.<\/div>\n<div class=\"\" data-block=\"true\" data-editor=\"2gtl0\" data-offset-key=\"eu0mi-0-0\">\n<div data-offset-key=\"eu0mi-0-0\"><\/div>\n<div data-offset-key=\"eu0mi-0-0\"><a href=\"https:\/\/face.unt.edu.ar\/web\/wp-content\/uploads\/2022\/08\/1-2.jpg\"><img decoding=\"async\" loading=\"lazy\" class=\"alignnone wp-image-14550\" src=\"https:\/\/face.unt.edu.ar\/web\/wp-content\/uploads\/2022\/08\/1-2-300x169.jpg\" alt=\"\" width=\"330\" height=\"186\" srcset=\"https:\/\/face.unt.edu.ar\/web\/wp-content\/uploads\/2022\/08\/1-2-300x169.jpg 300w, https:\/\/face.unt.edu.ar\/web\/wp-content\/uploads\/2022\/08\/1-2-1024x577.jpg 1024w, https:\/\/face.unt.edu.ar\/web\/wp-content\/uploads\/2022\/08\/1-2-768x432.jpg 768w, https:\/\/face.unt.edu.ar\/web\/wp-content\/uploads\/2022\/08\/1-2-1536x865.jpg 1536w, https:\/\/face.unt.edu.ar\/web\/wp-content\/uploads\/2022\/08\/1-2-696x392.jpg 696w, https:\/\/face.unt.edu.ar\/web\/wp-content\/uploads\/2022\/08\/1-2-1392x784.jpg 1392w, https:\/\/face.unt.edu.ar\/web\/wp-content\/uploads\/2022\/08\/1-2-1068x601.jpg 1068w, https:\/\/face.unt.edu.ar\/web\/wp-content\/uploads\/2022\/08\/1-2-746x420.jpg 746w, https:\/\/face.unt.edu.ar\/web\/wp-content\/uploads\/2022\/08\/1-2-1492x840.jpg 1492w, https:\/\/face.unt.edu.ar\/web\/wp-content\/uploads\/2022\/08\/1-2-1920x1081.jpg 1920w, https:\/\/face.unt.edu.ar\/web\/wp-content\/uploads\/2022\/08\/1-2.jpg 2048w\" sizes=\"(max-width: 330px) 100vw, 330px\" \/><\/a> <a href=\"https:\/\/face.unt.edu.ar\/web\/wp-content\/uploads\/2022\/08\/6-1.jpg\"><img decoding=\"async\" loading=\"lazy\" class=\"alignnone wp-image-14551\" src=\"https:\/\/face.unt.edu.ar\/web\/wp-content\/uploads\/2022\/08\/6-1-300x169.jpg\" alt=\"\" width=\"321\" height=\"181\" srcset=\"https:\/\/face.unt.edu.ar\/web\/wp-content\/uploads\/2022\/08\/6-1-300x169.jpg 300w, https:\/\/face.unt.edu.ar\/web\/wp-content\/uploads\/2022\/08\/6-1-1024x577.jpg 1024w, https:\/\/face.unt.edu.ar\/web\/wp-content\/uploads\/2022\/08\/6-1-768x432.jpg 768w, https:\/\/face.unt.edu.ar\/web\/wp-content\/uploads\/2022\/08\/6-1-1536x865.jpg 1536w, https:\/\/face.unt.edu.ar\/web\/wp-content\/uploads\/2022\/08\/6-1-696x392.jpg 696w, https:\/\/face.unt.edu.ar\/web\/wp-content\/uploads\/2022\/08\/6-1-1392x784.jpg 1392w, https:\/\/face.unt.edu.ar\/web\/wp-content\/uploads\/2022\/08\/6-1-1068x601.jpg 1068w, https:\/\/face.unt.edu.ar\/web\/wp-content\/uploads\/2022\/08\/6-1-746x420.jpg 746w, https:\/\/face.unt.edu.ar\/web\/wp-content\/uploads\/2022\/08\/6-1-1492x840.jpg 1492w, https:\/\/face.unt.edu.ar\/web\/wp-content\/uploads\/2022\/08\/6-1-1920x1081.jpg 1920w, https:\/\/face.unt.edu.ar\/web\/wp-content\/uploads\/2022\/08\/6-1.jpg 2048w\" sizes=\"(max-width: 321px) 100vw, 321px\" \/><\/a><\/div>\n<\/div>\n<div class=\"_1mf _1mj\" data-offset-key=\"98ofm-0-0\"><span data-offset-key=\"98ofm-0-0\">\u00a0<\/span><\/div>\n<div data-offset-key=\"98ofm-0-0\"><\/div>\n<div class=\"\" data-block=\"true\" data-editor=\"2gtl0\" data-offset-key=\"6j3im-0-0\">\n<div class=\"_1mf _1mj\" data-offset-key=\"6j3im-0-0\"><span data-offset-key=\"6j3im-0-0\">Desde nuestra Facultad seguiremos fomentando la diversidad en la formaci\u00f3n, la capacidad cr\u00edtica de nuestros estudiantes y trabajando para brindar las herramientas necesarias para que cada uno de ellos pueda insertarse en un mercado laboral cada vez m\u00e1s cambiante.<\/span><\/div>\n<\/div>\n<div data-offset-key=\"6j3im-0-0\"><\/div>\n<div class=\"\" data-block=\"true\" data-editor=\"2gtl0\" data-offset-key=\"6j3im-0-0\">\n<div data-offset-key=\"6j3im-0-0\">.<\/div>\n<\/div>\n<div data-offset-key=\"6j3im-0-0\"><a href=\"https:\/\/face.unt.edu.ar\/web\/wp-content\/uploads\/2022\/08\/8-1.jpg\"><img decoding=\"async\" loading=\"lazy\" class=\"alignnone wp-image-14554\" src=\"https:\/\/face.unt.edu.ar\/web\/wp-content\/uploads\/2022\/08\/8-1-300x169.jpg\" alt=\"\" width=\"351\" height=\"198\" srcset=\"https:\/\/face.unt.edu.ar\/web\/wp-content\/uploads\/2022\/08\/8-1-300x169.jpg 300w, https:\/\/face.unt.edu.ar\/web\/wp-content\/uploads\/2022\/08\/8-1-1024x577.jpg 1024w, https:\/\/face.unt.edu.ar\/web\/wp-content\/uploads\/2022\/08\/8-1-768x432.jpg 768w, https:\/\/face.unt.edu.ar\/web\/wp-content\/uploads\/2022\/08\/8-1-1536x865.jpg 1536w, https:\/\/face.unt.edu.ar\/web\/wp-content\/uploads\/2022\/08\/8-1-696x392.jpg 696w, https:\/\/face.unt.edu.ar\/web\/wp-content\/uploads\/2022\/08\/8-1-1392x784.jpg 1392w, https:\/\/face.unt.edu.ar\/web\/wp-content\/uploads\/2022\/08\/8-1-1068x601.jpg 1068w, https:\/\/face.unt.edu.ar\/web\/wp-content\/uploads\/2022\/08\/8-1-746x420.jpg 746w, https:\/\/face.unt.edu.ar\/web\/wp-content\/uploads\/2022\/08\/8-1-1492x840.jpg 1492w, https:\/\/face.unt.edu.ar\/web\/wp-content\/uploads\/2022\/08\/8-1-1920x1081.jpg 1920w, https:\/\/face.unt.edu.ar\/web\/wp-content\/uploads\/2022\/08\/8-1.jpg 2048w\" sizes=\"(max-width: 351px) 100vw, 351px\" \/><\/a><a href=\"https:\/\/face.unt.edu.ar\/web\/wp-content\/uploads\/2022\/08\/2-3.jpg\"><img decoding=\"async\" loading=\"lazy\" class=\"alignnone size-medium wp-image-14548\" src=\"https:\/\/face.unt.edu.ar\/web\/wp-content\/uploads\/2022\/08\/2-3-300x200.jpg\" alt=\"\" width=\"300\" height=\"200\" srcset=\"https:\/\/face.unt.edu.ar\/web\/wp-content\/uploads\/2022\/08\/2-3-300x200.jpg 300w, https:\/\/face.unt.edu.ar\/web\/wp-content\/uploads\/2022\/08\/2-3-1024x683.jpg 1024w, https:\/\/face.unt.edu.ar\/web\/wp-content\/uploads\/2022\/08\/2-3-768x512.jpg 768w, https:\/\/face.unt.edu.ar\/web\/wp-content\/uploads\/2022\/08\/2-3-1536x1024.jpg 1536w, https:\/\/face.unt.edu.ar\/web\/wp-content\/uploads\/2022\/08\/2-3-696x464.jpg 696w, https:\/\/face.unt.edu.ar\/web\/wp-content\/uploads\/2022\/08\/2-3-1392x928.jpg 1392w, https:\/\/face.unt.edu.ar\/web\/wp-content\/uploads\/2022\/08\/2-3-1068x712.jpg 1068w, https:\/\/face.unt.edu.ar\/web\/wp-content\/uploads\/2022\/08\/2-3-630x420.jpg 630w, https:\/\/face.unt.edu.ar\/web\/wp-content\/uploads\/2022\/08\/2-3-1260x840.jpg 1260w, https:\/\/face.unt.edu.ar\/web\/wp-content\/uploads\/2022\/08\/2-3-1920x1280.jpg 1920w, https:\/\/face.unt.edu.ar\/web\/wp-content\/uploads\/2022\/08\/2-3.jpg 2048w\" sizes=\"(max-width: 300px) 100vw, 300px\" \/><\/a><a href=\"https:\/\/face.unt.edu.ar\/web\/wp-content\/uploads\/2022\/08\/5-2.jpg\"><img decoding=\"async\" loading=\"lazy\" class=\"wp-image-14553 aligncenter\" src=\"https:\/\/face.unt.edu.ar\/web\/wp-content\/uploads\/2022\/08\/5-2-300x169.jpg\" alt=\"\" width=\"444\" height=\"250\" srcset=\"https:\/\/face.unt.edu.ar\/web\/wp-content\/uploads\/2022\/08\/5-2-300x169.jpg 300w, https:\/\/face.unt.edu.ar\/web\/wp-content\/uploads\/2022\/08\/5-2-1024x577.jpg 1024w, https:\/\/face.unt.edu.ar\/web\/wp-content\/uploads\/2022\/08\/5-2-768x432.jpg 768w, https:\/\/face.unt.edu.ar\/web\/wp-content\/uploads\/2022\/08\/5-2-1536x865.jpg 1536w, https:\/\/face.unt.edu.ar\/web\/wp-content\/uploads\/2022\/08\/5-2-696x392.jpg 696w, https:\/\/face.unt.edu.ar\/web\/wp-content\/uploads\/2022\/08\/5-2-1392x784.jpg 1392w, https:\/\/face.unt.edu.ar\/web\/wp-content\/uploads\/2022\/08\/5-2-1068x601.jpg 1068w, https:\/\/face.unt.edu.ar\/web\/wp-content\/uploads\/2022\/08\/5-2-746x420.jpg 746w, https:\/\/face.unt.edu.ar\/web\/wp-content\/uploads\/2022\/08\/5-2-1492x840.jpg 1492w, https:\/\/face.unt.edu.ar\/web\/wp-content\/uploads\/2022\/08\/5-2-1920x1081.jpg 1920w, https:\/\/face.unt.edu.ar\/web\/wp-content\/uploads\/2022\/08\/5-2.jpg 2048w\" sizes=\"(max-width: 444px) 100vw, 444px\" \/><\/a><\/div>\n","protected":false},"excerpt":{"rendered":"<p>En horas de la ma\u00f1ana, en juras privadas, el decano de nuestra Facultad de Ciencias Econ\u00f3micas, Mg. Jorge Rospide, tom\u00f3 juramento e hizo entrega de sus t\u00edtulos universitarios a los nuevos graduados de la carrera de Contador P\u00fablico Nacional. Fue una ceremonia especial la que se vivi\u00f3 en la sala el Consejo Directivo, donde el [&hellip;]<\/p>\n","protected":false},"author":123457,"featured_media":14552,"comment_status":"open","ping_status":"open","sticky":false,"template":"","format":"standard","meta":{"_et_pb_use_builder":"","_et_pb_old_content":"","_et_gb_content_width":"","footnotes":""},"categories":[4],"tags":[],"_links":{"self":[{"href":"https:\/\/face.unt.edu.ar\/web\/wp-json\/wp\/v2\/posts\/14547"}],"collection":[{"href":"https:\/\/face.unt.edu.ar\/web\/wp-json\/wp\/v2\/posts"}],"about":[{"href":"https:\/\/face.unt.edu.ar\/web\/wp-json\/wp\/v2\/types\/post"}],"author":[{"embeddable":true,"href":"https:\/\/face.unt.edu.ar\/web\/wp-json\/wp\/v2\/users\/123457"}],"replies":[{"embeddable":true,"href":"https:\/\/face.unt.edu.ar\/web\/wp-json\/wp\/v2\/comments?post=14547"}],"version-history":[{"count":6,"href":"https:\/\/face.unt.edu.ar\/web\/wp-json\/wp\/v2\/posts\/14547\/revisions"}],"predecessor-version":[{"id":14562,"href":"https:\/\/face.unt.edu.ar\/web\/wp-json\/wp\/v2\/posts\/14547\/revisions\/14562"}],"wp:featuredmedia":[{"embeddable":true,"href":"https:\/\/face.unt.edu.ar\/web\/wp-json\/wp\/v2\/media\/14552"}],"wp:attachment":[{"href":"https:\/\/face.unt.edu.ar\/web\/wp-json\/wp\/v2\/media?parent=14547"}],"wp:term":[{"taxonomy":"category","embeddable":true,"href":"https:\/\/face.unt.edu.ar\/web\/wp-json\/wp\/v2\/categories?post=14547"},{"taxonomy":"post_tag","embeddable":true,"href":"https:\/\/face.unt.edu.ar\/web\/wp-json\/wp\/v2\/tags?post=14547"}],"curies":[{"name":"wp","href":"https:\/\/api.w.org\/{rel}","templated":true}]}}