{"id":14573,"date":"2022-09-01T11:57:38","date_gmt":"2022-09-01T11:57:38","guid":{"rendered":"https:\/\/face.unt.edu.ar\/web\/?p=14573"},"modified":"2022-09-01T11:58:55","modified_gmt":"2022-09-01T11:58:55","slug":"curso-de-extension-metodologias-agiles-gestionar-en-contextos-de-cambio-e-incertidumbre-2","status":"publish","type":"post","link":"https:\/\/face.unt.edu.ar\/web\/blog\/curso-de-extension-metodologias-agiles-gestionar-en-contextos-de-cambio-e-incertidumbre-2\/","title":{"rendered":"Curso de Extensi\u00f3n \u00abMetodolog\u00edas \u00e1giles: gestionar en contextos de cambio e incertidumbre\u00bb"},"content":{"rendered":"<p><strong>A partir del 6 de septiembre<\/strong> se dictar\u00e1 el Curso de Extensi\u00f3n\u00a0<b>\u201cMetodolog\u00edas\u00a0<\/b><b>\u00e1giles<\/b><b>: gestionar en contextos de cambio e incertidumbre\u201d<\/b>, que estar\u00e1 a cargo del Lic. Esteban David Mulki, docente de la Facultad de Ciencias Econ\u00f3micas.<\/p>\n<p>Se desarrollar\u00e1 en cuatro encuentros los d\u00edas<strong>\u00a06, 8, 13 y 15 de Septiembre de 18:30 a 21:30 hs.\u00a0<\/strong><strong>en Aula a informar de la Facultad de Ciencias Econ\u00f3micas de la UNT<\/strong><\/p>\n<p><strong>Cupo Limitado: 30 participantes.\u00a0<\/strong><\/p>\n<p><strong>Inversi\u00f3n: $5.200<\/strong><\/p>\n<p><strong>Inscripci\u00f3n:<\/strong> <strong><a href=\"https:\/\/asociacioncooperadoraface.mitiendanube.com\/productos\/curso-metodologias-agiles-gestionar-en-contextos-de-cambio-e-incertidumbre\" target=\"_blank\" rel=\"noopener\" data-saferedirecturl=\"https:\/\/www.google.com\/url?q=https:\/\/asociacioncooperadoraface.mitiendanube.com\/productos\/curso-metodologias-agiles-gestionar-en-contextos-de-cambio-e-incertidumbre&amp;source=gmail&amp;ust=1662119483248000&amp;usg=AOvVaw3NsDQmqdw8JcPW0VfgX7Je\">https:\/\/asociacioncooperadoraface.mitiendanube.com\/productos\/curso-metodologias-agiles-gestionar-en-contextos-de-cambio-e-incertidumbre<\/a><\/strong><\/p>\n<p><img decoding=\"async\" loading=\"lazy\" class=\"aligncenter  wp-image-14574\" src=\"https:\/\/face.unt.edu.ar\/web\/wp-content\/uploads\/2022\/09\/metodologias-agiles-212x300.png\" alt=\"\" width=\"433\" height=\"613\" srcset=\"https:\/\/face.unt.edu.ar\/web\/wp-content\/uploads\/2022\/09\/metodologias-agiles-212x300.png 212w, https:\/\/face.unt.edu.ar\/web\/wp-content\/uploads\/2022\/09\/metodologias-agiles-724x1024.png 724w, https:\/\/face.unt.edu.ar\/web\/wp-content\/uploads\/2022\/09\/metodologias-agiles-768x1086.png 768w, https:\/\/face.unt.edu.ar\/web\/wp-content\/uploads\/2022\/09\/metodologias-agiles-1086x1536.png 1086w, https:\/\/face.unt.edu.ar\/web\/wp-content\/uploads\/2022\/09\/metodologias-agiles-696x984.png 696w, https:\/\/face.unt.edu.ar\/web\/wp-content\/uploads\/2022\/09\/metodologias-agiles-1392x1969.png 1392w, https:\/\/face.unt.edu.ar\/web\/wp-content\/uploads\/2022\/09\/metodologias-agiles-1068x1511.png 1068w, https:\/\/face.unt.edu.ar\/web\/wp-content\/uploads\/2022\/09\/metodologias-agiles-297x420.png 297w, https:\/\/face.unt.edu.ar\/web\/wp-content\/uploads\/2022\/09\/metodologias-agiles-594x840.png 594w, https:\/\/face.unt.edu.ar\/web\/wp-content\/uploads\/2022\/09\/metodologias-agiles.png 1414w\" sizes=\"(max-width: 433px) 100vw, 433px\" \/><\/p>\n<p>&nbsp;<\/p>\n<p><strong>Fundamentaci\u00f3n<\/strong><\/p>\n<p>El mundo cambia a un ritmo nunca antes visto y el mundo de los negocios no es la excepci\u00f3n. Lo que funcion\u00f3 en el pasado no ofrece garant\u00edas hoy. Nuevos contextos requieren nuevos paradigmas y nuevas herramientas. Partiendo de los principios y valores del agilismo, se presentar\u00e1n metodolog\u00edas como Scrum y Kanban que le permitir\u00e1n organizar equipos de trabajo eficientes y eficaces que puedan aceptar la incertidumbre y el cambio como parte de su d\u00eda a d\u00eda y metodolog\u00edas como Lean Startup a trav\u00e9s de las cuales podr\u00e1 validar y desarrollar ideas de negocios novedosas de manera r\u00e1pida y con la menor inversi\u00f3n de recursos posible.<\/p>\n<p><strong>Objetivos<\/strong><\/p>\n<ul>\n<li>Identificar el contexto adecuado para la aplicaci\u00f3n de metodolog\u00edas \u00e1giles.<\/li>\n<li>Conocer los precursores de las metodolog\u00edas \u00e1giles en la gesti\u00f3n y los fundamentos sobre los cu\u00e1les se apoyan las mismas.<\/li>\n<li>Identificar los roles, ceremonias y artefactos de la metodolog\u00eda Scrum.<\/li>\n<li>Comprender los principios fundamentales de la metodolog\u00eda Kanban.<\/li>\n<li>Evaluar las particularidades asociadas a la implementaci\u00f3n de metodolog\u00edas \u00e1giles en contextos diferentes al desarrollo de software.<\/li>\n<li>Aprender los conceptos fundamentales sobre la metodolog\u00eda Lean Startup y el ciclo de desarrollo que propone.<\/li>\n<li>Comprender la esencia de un producto m\u00ednimo viable y de qu\u00e9 manera el mismo puede utilizarse para obtener aprendizaje validado.<\/li>\n<\/ul>\n<p><strong>Contenidos<\/strong><\/p>\n<p><strong>\u00a0Agilismo<\/strong><\/p>\n<p>Definici\u00f3n de metodolog\u00edas \u00e1giles y agilismo. Antecedentes: metodolog\u00edas de desarrollo de software, kean manufacturing, kaizen. Complejo vs Complicado. Complejidad de Cynefin. Matriz de Stacey. El manifiesto \u00e1gil: valores y principios.<\/p>\n<p><strong>Scrum<\/strong><\/p>\n<p>Definici\u00f3n de Scrum. Valores y principios. El proceso de scrum. Roles: Producto Owner, Srum Master y el equipo. Ceremonias: sprint, planning, daily, review y retrospectiva. Artefactos: product backlog, sprint backlog e incremento. Desaf\u00edos de Scrum fuera del desarrollo de software.<\/p>\n<p><strong>Kanban<\/strong><\/p>\n<p>Principios b\u00e1sicos. El tablero Kanban. Las pr\u00e1cticas centrales: visibilizar, limitar el trabajo en progreso, gestionar el flujo, aplicar la mejora continua. Medici\u00f3n y anal\u00edtica.<\/p>\n<p><strong>Lean Startup<\/strong><\/p>\n<p>Concepto de Startup. Caracter\u00edsticas y beneficios del m\u00e9todo. Principios. Proceso: Construir, Medir y Aprender. Hip\u00f3tesis de valor y de crecimiento. Los experimentos como mecanismo para generar aprendizaje validad. Producto m\u00ednimo viable. M\u00e9tricas.<\/p>\n<p><strong>\u00a0<\/strong>El\u00a0curso\u00a0est\u00e1 destinado a<\/p>\n<ul>\n<li>Emprendedores.<\/li>\n<li>Licenciados en Administraci\u00f3n de Empresas, profesionales en Ciencias Econ\u00f3micas y otros profesionales que deseen incorporar herramientas que le permitan desarrollar nuevos modelos de negocios y organizar equipos de trabajo en contextos de incertidumbre.<\/li>\n<li>Ingenieros en Sistemas, Computaci\u00f3n y otros profesionales asociados a tecnolog\u00eda y sistemas.<\/li>\n<li>Estudiantes de Ciencias Econ\u00f3micas, Marketing, Sistemas y carreras afines.<\/li>\n<\/ul>\n<p>&nbsp;<\/p>\n","protected":false},"excerpt":{"rendered":"<p>A partir del 6 de septiembre se dictar\u00e1 el Curso de Extensi\u00f3n\u00a0\u201cMetodolog\u00edas\u00a0\u00e1giles: gestionar en contextos de cambio e incertidumbre\u201d, que estar\u00e1 a cargo del Lic. Esteban David Mulki, docente de la Facultad de Ciencias Econ\u00f3micas. Se desarrollar\u00e1 en cuatro encuentros los d\u00edas\u00a06, 8, 13 y 15 de Septiembre de 18:30 a 21:30 hs.\u00a0en Aula a [&hellip;]<\/p>\n","protected":false},"author":2,"featured_media":14577,"comment_status":"open","ping_status":"open","sticky":false,"template":"","format":"standard","meta":{"_et_pb_use_builder":"","_et_pb_old_content":"","_et_gb_content_width":"","footnotes":""},"categories":[4],"tags":[],"_links":{"self":[{"href":"https:\/\/face.unt.edu.ar\/web\/wp-json\/wp\/v2\/posts\/14573"}],"collection":[{"href":"https:\/\/face.unt.edu.ar\/web\/wp-json\/wp\/v2\/posts"}],"about":[{"href":"https:\/\/face.unt.edu.ar\/web\/wp-json\/wp\/v2\/types\/post"}],"author":[{"embeddable":true,"href":"https:\/\/face.unt.edu.ar\/web\/wp-json\/wp\/v2\/users\/2"}],"replies":[{"embeddable":true,"href":"https:\/\/face.unt.edu.ar\/web\/wp-json\/wp\/v2\/comments?post=14573"}],"version-history":[{"count":3,"href":"https:\/\/face.unt.edu.ar\/web\/wp-json\/wp\/v2\/posts\/14573\/revisions"}],"predecessor-version":[{"id":14578,"href":"https:\/\/face.unt.edu.ar\/web\/wp-json\/wp\/v2\/posts\/14573\/revisions\/14578"}],"wp:featuredmedia":[{"embeddable":true,"href":"https:\/\/face.unt.edu.ar\/web\/wp-json\/wp\/v2\/media\/14577"}],"wp:attachment":[{"href":"https:\/\/face.unt.edu.ar\/web\/wp-json\/wp\/v2\/media?parent=14573"}],"wp:term":[{"taxonomy":"category","embeddable":true,"href":"https:\/\/face.unt.edu.ar\/web\/wp-json\/wp\/v2\/categories?post=14573"},{"taxonomy":"post_tag","embeddable":true,"href":"https:\/\/face.unt.edu.ar\/web\/wp-json\/wp\/v2\/tags?post=14573"}],"curies":[{"name":"wp","href":"https:\/\/api.w.org\/{rel}","templated":true}]}}