{"id":14586,"date":"2022-09-01T17:15:59","date_gmt":"2022-09-01T17:15:59","guid":{"rendered":"https:\/\/face.unt.edu.ar\/web\/?p=14586"},"modified":"2022-09-01T17:15:59","modified_gmt":"2022-09-01T17:15:59","slug":"manuel-sbdar-presentara-su-libro-en-nuestra-facultad","status":"publish","type":"post","link":"https:\/\/face.unt.edu.ar\/web\/blog\/manuel-sbdar-presentara-su-libro-en-nuestra-facultad\/","title":{"rendered":"Manuel Sbdar presentar\u00e1 su libro en nuestra Facultad"},"content":{"rendered":"<p>El <strong>Mg. Manuel Sbdar<\/strong> llega a nuestra Facultad de Ciencias Econ\u00f3micas de la UNT para presentar su libro <strong>\u201cNi grandes, ni peque\u00f1as. Inteligentes\u201d<\/strong>.<\/p>\n<p>Ser\u00e1 el pr\u00f3ximo martes <strong>06 de septiembre<\/strong>, a las <strong>18:30 horas<\/strong>, en el <strong>aula 19<\/strong> de nuestra Facultad.<\/p>\n<p>El disertante estar\u00e1 acompa\u00f1ado por el decano, <strong>Mg. Jorge Rospide<\/strong> y el exdecano, <strong>Mg. Jos\u00e9 Luis Jim\u00e9nez<\/strong>.<\/p>\n<p>&nbsp;<\/p>\n<p><strong>Comentario sobre el libro:<\/strong><\/p>\n<p>Una empresa que se amiga con el <strong>CONOCIMIENTO <\/strong>(y, mucho mejor, si lo hace de manera sistem\u00e1tica) es una empresa \u2013 grande, peque\u00f1a, no importa \u2013 que se vuelve inteligente. Para hacerlo, debe entender que hay por lo menos cuatro \u201cInteligencias\u201d que debe tener bajo an\u00e1lisis y control: ORGANIZACIONAL, REPUTACIONAL, FINANCIERA y DIGITAL. Cuatro Inteligencias para desarrollaren profundidad y tambi\u00e9n en velocidad, porque la mejor decisi\u00f3n tomada es la peor decisi\u00f3n.<\/p>\n<p><strong>Sobre el autor:<\/strong><\/p>\n<p>Manuel Sbdar es investigador, docente, escritor y\u00a0emprendedor.\u00a0Es Licenciado en Administraci\u00f3n, graduado de nuestra Facultad y\u00a0es MBA de la Escuela Superior de Administraci\u00f3n y Direcci\u00f3n de\u00a0Empresas, ESADE (Barcelona, Espa\u00f1a). Entre 2003 y 2007 fue Director de Educaci\u00f3n Ejecutiva, del Executive\u00a0MBA y del MBA de la Universidad Di Tella (Buenos Aires, Argentina).\u00a0Es autor de 12 libros. Creador del M\u00e9todo Palancas de Empresas Perdurables. En 2005 fund\u00f3 y hasta la actualidad dirige Materiabiz, Escuela de Negocios. Preside la Fundaci\u00f3n Educativa Materia P\u00fablica. Es Vicepresidente de Educaci\u00f3n del Club atl\u00e9tico River Plate.<\/p>\n","protected":false},"excerpt":{"rendered":"<p>El Mg. Manuel Sbdar llega a nuestra Facultad de Ciencias Econ\u00f3micas de la UNT para presentar su libro \u201cNi grandes, ni peque\u00f1as. Inteligentes\u201d. Ser\u00e1 el pr\u00f3ximo martes 06 de septiembre, a las 18:30 horas, en el aula 19 de nuestra Facultad. El disertante estar\u00e1 acompa\u00f1ado por el decano, Mg. Jorge Rospide y el exdecano, Mg. [&hellip;]<\/p>\n","protected":false},"author":2,"featured_media":14587,"comment_status":"open","ping_status":"open","sticky":false,"template":"","format":"standard","meta":{"_et_pb_use_builder":"","_et_pb_old_content":"","_et_gb_content_width":"","footnotes":""},"categories":[4],"tags":[958,959,960],"_links":{"self":[{"href":"https:\/\/face.unt.edu.ar\/web\/wp-json\/wp\/v2\/posts\/14586"}],"collection":[{"href":"https:\/\/face.unt.edu.ar\/web\/wp-json\/wp\/v2\/posts"}],"about":[{"href":"https:\/\/face.unt.edu.ar\/web\/wp-json\/wp\/v2\/types\/post"}],"author":[{"embeddable":true,"href":"https:\/\/face.unt.edu.ar\/web\/wp-json\/wp\/v2\/users\/2"}],"replies":[{"embeddable":true,"href":"https:\/\/face.unt.edu.ar\/web\/wp-json\/wp\/v2\/comments?post=14586"}],"version-history":[{"count":1,"href":"https:\/\/face.unt.edu.ar\/web\/wp-json\/wp\/v2\/posts\/14586\/revisions"}],"predecessor-version":[{"id":14588,"href":"https:\/\/face.unt.edu.ar\/web\/wp-json\/wp\/v2\/posts\/14586\/revisions\/14588"}],"wp:featuredmedia":[{"embeddable":true,"href":"https:\/\/face.unt.edu.ar\/web\/wp-json\/wp\/v2\/media\/14587"}],"wp:attachment":[{"href":"https:\/\/face.unt.edu.ar\/web\/wp-json\/wp\/v2\/media?parent=14586"}],"wp:term":[{"taxonomy":"category","embeddable":true,"href":"https:\/\/face.unt.edu.ar\/web\/wp-json\/wp\/v2\/categories?post=14586"},{"taxonomy":"post_tag","embeddable":true,"href":"https:\/\/face.unt.edu.ar\/web\/wp-json\/wp\/v2\/tags?post=14586"}],"curies":[{"name":"wp","href":"https:\/\/api.w.org\/{rel}","templated":true}]}}