{"id":14590,"date":"2022-09-05T12:45:06","date_gmt":"2022-09-05T12:45:06","guid":{"rendered":"https:\/\/face.unt.edu.ar\/web\/?p=14590"},"modified":"2022-09-05T12:45:06","modified_gmt":"2022-09-05T12:45:06","slug":"xii-jornada-de-convivencia-de-la-licenciatura-en-administracion","status":"publish","type":"post","link":"https:\/\/face.unt.edu.ar\/web\/blog\/xii-jornada-de-convivencia-de-la-licenciatura-en-administracion\/","title":{"rendered":"XII Jornada de Convivencia de la Licenciatura en Administraci\u00f3n"},"content":{"rendered":"<p>Como cada a\u00f1o se realizar\u00e1 en nuestra Facultad la tradicional <strong>Jornada de Convivencia de la Licenciatura en Administraci\u00f3n<\/strong>.<\/p>\n<p>Ser\u00e1 el <strong>s\u00e1bado 10 de septiembre<\/strong>, de <strong>09:30 a 18:00<\/strong> horas.<\/p>\n<p>La actividad est\u00e1 destinada a <strong>estudiantes <\/strong>y <strong>docentes<\/strong> de la carrera.<\/p>\n<p>Se trata de un espacio de integraci\u00f3n e intercambio en el que se compartir\u00e1n distintas actividades de formaci\u00f3n y recreaci\u00f3n, por eso se recomienda vestir ropa y zapatillas c\u00f3modas y traer elementos para prevenci\u00f3n de COVID-19 (barbijo, sanitizante de manos, etc). Tambi\u00e9n los participantes pueden traer su mate y algo dulce o salado para compartir en la merienda.<\/p>\n<p>El <strong>costo<\/strong> de la Jornada es de <strong>$1200<\/strong> (incluye almuerzo y break)<\/p>\n<p>El plazo para <strong>inscribirse es hasta el mi\u00e9rcoles 08 de septiembre<\/strong>.<\/p>\n<p><strong>\u00bfC\u00f3mo participar? : <\/strong><\/p>\n<p>Primero debe realizar el pago de la jornada.<\/p>\n<p><a href=\"https:\/\/asociacioncooperadoraface.mitiendanube.com\/productos\/xii-jornada-de-convivencia-de-la-licenciatura-en-administracion\/?fbclid=IwAR150XagWBTxUDjnxvvaYV1IHZU7zCU70jTml2PEadSKESyq9xvmV-YdazE\" target=\"_blank\" rel=\"noopener\"><strong>Link de pago &#8211; Hacer clic aqu\u00ed<\/strong><\/a><\/p>\n<p>Luego debe completar el formulario de inscripci\u00f3n.<\/p>\n<p><a href=\"https:\/\/docs.google.com\/forms\/d\/10TpLEmN8AwAQtAtBiRflYyUp-2Qw15iIwkRoGehcb7Y\/viewform?ts=630e94cb&amp;fbclid=IwAR0LXafla3rg6jkZiF3ADn1NllukoNn-Dy-iJdtnjXdbEwC3_-LYIHydJD8&amp;edit_requested=true\" target=\"_blank\" rel=\"noopener\"><strong>Inscripciones &#8211; Hacer clic aqu\u00ed<\/strong><\/a><\/p>\n<p>Si tiene alg\u00fan estudiante tiene alguna dificultad para abonar la totalidad de la jornada, debe en comunicarse con el profesor Esp. Javier Garc\u00eda v\u00eda correo electr\u00f3nico <a href=\"mailto:jagarcia@face.unt.edu.ar\"><strong>jagarcia@face.unt.edu.ar<\/strong><\/a><\/p>\n<p>\u00a1Desde el <strong>Instituto de Administraci\u00f3n<\/strong> se invita a estudiantes y docentes a sumarse a esta Jornada!<\/p>\n","protected":false},"excerpt":{"rendered":"<p>Como cada a\u00f1o se realizar\u00e1 en nuestra Facultad la tradicional Jornada de Convivencia de la Licenciatura en Administraci\u00f3n. Ser\u00e1 el s\u00e1bado 10 de septiembre, de 09:30 a 18:00 horas. La actividad est\u00e1 destinada a estudiantes y docentes de la carrera. Se trata de un espacio de integraci\u00f3n e intercambio en el que se compartir\u00e1n distintas [&hellip;]<\/p>\n","protected":false},"author":2,"featured_media":14591,"comment_status":"open","ping_status":"open","sticky":false,"template":"","format":"standard","meta":{"_et_pb_use_builder":"","_et_pb_old_content":"","_et_gb_content_width":"","footnotes":""},"categories":[4],"tags":[],"_links":{"self":[{"href":"https:\/\/face.unt.edu.ar\/web\/wp-json\/wp\/v2\/posts\/14590"}],"collection":[{"href":"https:\/\/face.unt.edu.ar\/web\/wp-json\/wp\/v2\/posts"}],"about":[{"href":"https:\/\/face.unt.edu.ar\/web\/wp-json\/wp\/v2\/types\/post"}],"author":[{"embeddable":true,"href":"https:\/\/face.unt.edu.ar\/web\/wp-json\/wp\/v2\/users\/2"}],"replies":[{"embeddable":true,"href":"https:\/\/face.unt.edu.ar\/web\/wp-json\/wp\/v2\/comments?post=14590"}],"version-history":[{"count":1,"href":"https:\/\/face.unt.edu.ar\/web\/wp-json\/wp\/v2\/posts\/14590\/revisions"}],"predecessor-version":[{"id":14592,"href":"https:\/\/face.unt.edu.ar\/web\/wp-json\/wp\/v2\/posts\/14590\/revisions\/14592"}],"wp:featuredmedia":[{"embeddable":true,"href":"https:\/\/face.unt.edu.ar\/web\/wp-json\/wp\/v2\/media\/14591"}],"wp:attachment":[{"href":"https:\/\/face.unt.edu.ar\/web\/wp-json\/wp\/v2\/media?parent=14590"}],"wp:term":[{"taxonomy":"category","embeddable":true,"href":"https:\/\/face.unt.edu.ar\/web\/wp-json\/wp\/v2\/categories?post=14590"},{"taxonomy":"post_tag","embeddable":true,"href":"https:\/\/face.unt.edu.ar\/web\/wp-json\/wp\/v2\/tags?post=14590"}],"curies":[{"name":"wp","href":"https:\/\/api.w.org\/{rel}","templated":true}]}}