{"id":14607,"date":"2022-09-06T16:22:52","date_gmt":"2022-09-06T16:22:52","guid":{"rendered":"https:\/\/face.unt.edu.ar\/web\/?p=14607"},"modified":"2022-09-07T14:36:23","modified_gmt":"2022-09-07T14:36:23","slug":"donacion-de-archivo-historico-para-la-biblioteca-de-nuestra-facultad","status":"publish","type":"post","link":"https:\/\/face.unt.edu.ar\/web\/blog\/donacion-de-archivo-historico-para-la-biblioteca-de-nuestra-facultad\/","title":{"rendered":"Donaci\u00f3n de archivo hist\u00f3rico para la Biblioteca de nuestra Facultad"},"content":{"rendered":"<p>Recibimos en nuestra Biblioteca <strong>la donaci\u00f3n de una colecci\u00f3n de archivos hist\u00f3ricos<\/strong> que fueron generados, encuadernados y resguardados por\u00a0<strong>Antonio Jim\u00e9nez, ex Nodocente\u00a0 <\/strong>de nuestra casa de estudios, qui\u00e9n\u00a0 adem\u00e1s, es abuelo del <strong>profesor Javier Zayun,<\/strong> docente de nuestra <strong>Facultad de Ciencias Econ\u00f3micas de la UNT.<\/strong><\/p>\n<p>Se trata de una <strong>colecci\u00f3n de ejemplares originales del diario \u201cLa Gaceta\u201d<\/strong>, compaginados en la Universidad Nacional de Tucum\u00e1n y que abarcan el <strong>periodo de la d\u00e9cada del \u201840 al \u00b460.<\/strong><\/p>\n<p>La colecci\u00f3n se encuentra resguardada en nuestra Biblioteca, en un mueble especial y estar\u00e1 a disposici\u00f3n de todos los docentes, investigadores y estudiantes quieran consultarlo.<\/p>\n<p><em>\u201cPara nosotros es un material muy importante en cuanto a lo afectivo, pero creemos que socialmente y para todo aqu\u00e9l que lo pueda consultar en la Facultad tiene un grand\u00edsimo valor hist\u00f3rico, de consulta, de conocimiento y todo lo que se refiere al desarrollo de nuestra provincia, del pa\u00eds y del mundo.\u201d Prof. Javier Zayun<\/em><\/p>\n<p>Desde la Facultad de Ciencias Econ\u00f3micas agradecemos al profesor Zayun por permitirnos resguardar y conservar este capital bibliogr\u00e1fico hist\u00f3rico que le fue legado por su abuelo Antonio Jim\u00e9nez. Es un gran aporte al patrimonio de nuestra instituci\u00f3n.<\/p>\n<p>&nbsp;<\/p>\n<p><iframe loading=\"lazy\" title=\"Donaci\u00f3n de archivos para nuestra FACE UNT- Ex Nodocente Antonio Jim\u00e9nez\" width=\"1080\" height=\"608\" src=\"https:\/\/www.youtube.com\/embed\/EakATGCOQuY?feature=oembed\"  allow=\"accelerometer; autoplay; clipboard-write; encrypted-media; gyroscope; picture-in-picture; web-share\" referrerpolicy=\"strict-origin-when-cross-origin\" allowfullscreen><\/iframe><\/p>\n","protected":false},"excerpt":{"rendered":"<p>Recibimos en nuestra Biblioteca la donaci\u00f3n de una colecci\u00f3n de archivos hist\u00f3ricos que fueron generados, encuadernados y resguardados por\u00a0Antonio Jim\u00e9nez, ex Nodocente\u00a0 de nuestra casa de estudios, qui\u00e9n\u00a0 adem\u00e1s, es abuelo del profesor Javier Zayun, docente de nuestra Facultad de Ciencias Econ\u00f3micas de la UNT. Se trata de una colecci\u00f3n de ejemplares originales del diario [&hellip;]<\/p>\n","protected":false},"author":123457,"featured_media":14610,"comment_status":"open","ping_status":"open","sticky":false,"template":"","format":"standard","meta":{"_et_pb_use_builder":"","_et_pb_old_content":"","_et_gb_content_width":"","footnotes":""},"categories":[4],"tags":[441,963,36,962],"_links":{"self":[{"href":"https:\/\/face.unt.edu.ar\/web\/wp-json\/wp\/v2\/posts\/14607"}],"collection":[{"href":"https:\/\/face.unt.edu.ar\/web\/wp-json\/wp\/v2\/posts"}],"about":[{"href":"https:\/\/face.unt.edu.ar\/web\/wp-json\/wp\/v2\/types\/post"}],"author":[{"embeddable":true,"href":"https:\/\/face.unt.edu.ar\/web\/wp-json\/wp\/v2\/users\/123457"}],"replies":[{"embeddable":true,"href":"https:\/\/face.unt.edu.ar\/web\/wp-json\/wp\/v2\/comments?post=14607"}],"version-history":[{"count":2,"href":"https:\/\/face.unt.edu.ar\/web\/wp-json\/wp\/v2\/posts\/14607\/revisions"}],"predecessor-version":[{"id":14617,"href":"https:\/\/face.unt.edu.ar\/web\/wp-json\/wp\/v2\/posts\/14607\/revisions\/14617"}],"wp:featuredmedia":[{"embeddable":true,"href":"https:\/\/face.unt.edu.ar\/web\/wp-json\/wp\/v2\/media\/14610"}],"wp:attachment":[{"href":"https:\/\/face.unt.edu.ar\/web\/wp-json\/wp\/v2\/media?parent=14607"}],"wp:term":[{"taxonomy":"category","embeddable":true,"href":"https:\/\/face.unt.edu.ar\/web\/wp-json\/wp\/v2\/categories?post=14607"},{"taxonomy":"post_tag","embeddable":true,"href":"https:\/\/face.unt.edu.ar\/web\/wp-json\/wp\/v2\/tags?post=14607"}],"curies":[{"name":"wp","href":"https:\/\/api.w.org\/{rel}","templated":true}]}}