{"id":14618,"date":"2022-09-07T16:33:14","date_gmt":"2022-09-07T16:33:14","guid":{"rendered":"https:\/\/face.unt.edu.ar\/web\/?p=14618"},"modified":"2022-09-07T16:33:14","modified_gmt":"2022-09-07T16:33:14","slug":"una-empresa-inteligente-es-aquella-capaz-de-prescindir-manuel-sbdar","status":"publish","type":"post","link":"https:\/\/face.unt.edu.ar\/web\/blog\/una-empresa-inteligente-es-aquella-capaz-de-prescindir-manuel-sbdar\/","title":{"rendered":"\u201cUna empresa inteligente es aquella capaz de prescindir\u201d Manuel Sbdar\u00a0"},"content":{"rendered":"<p>En el marco de su presentaci\u00f3n por distintos puntos del pa\u00eds,<strong> Manuel Sbdar<\/strong> lleg\u00f3 a nuestra <strong>Facultad de Ciencias Econ\u00f3micas de la UNT<\/strong> para compartir una charla sobre su \u00faltimo <strong>libro \u201cNi grandes, ni peque\u00f1as. Inteligentes\u201d<\/strong>, que tiene por objetivo llevar el rendimiento de las empresas m\u00e1s all\u00e1 de la suma de sus integrantes, incluido su due\u00f1o.<\/p>\n<p>Sbdar, fue recibido en la sala del Consejo Directivo por el <strong>decano, Mg. Jorge Rospide; el vicedecano, Esp. Gustavo Sota; el ex decano, Mg. Jos\u00e9 Luis Jim\u00e9nez; <\/strong>autoridadesde la FACE, docentes y estudiantes de nuestra Casa de Estudios.<\/p>\n<p><a href=\"https:\/\/face.unt.edu.ar\/web\/wp-content\/uploads\/2022\/09\/8.jpg\"><img decoding=\"async\" loading=\"lazy\" class=\"wp-image-14620 aligncenter\" src=\"https:\/\/face.unt.edu.ar\/web\/wp-content\/uploads\/2022\/09\/8-300x169.jpg\" alt=\"\" width=\"486\" height=\"274\" srcset=\"https:\/\/face.unt.edu.ar\/web\/wp-content\/uploads\/2022\/09\/8-300x169.jpg 300w, https:\/\/face.unt.edu.ar\/web\/wp-content\/uploads\/2022\/09\/8-1024x576.jpg 1024w, https:\/\/face.unt.edu.ar\/web\/wp-content\/uploads\/2022\/09\/8-768x432.jpg 768w, https:\/\/face.unt.edu.ar\/web\/wp-content\/uploads\/2022\/09\/8-1536x863.jpg 1536w, https:\/\/face.unt.edu.ar\/web\/wp-content\/uploads\/2022\/09\/8-696x391.jpg 696w, https:\/\/face.unt.edu.ar\/web\/wp-content\/uploads\/2022\/09\/8-1392x782.jpg 1392w, https:\/\/face.unt.edu.ar\/web\/wp-content\/uploads\/2022\/09\/8-1068x600.jpg 1068w, https:\/\/face.unt.edu.ar\/web\/wp-content\/uploads\/2022\/09\/8-747x420.jpg 747w, https:\/\/face.unt.edu.ar\/web\/wp-content\/uploads\/2022\/09\/8-1495x840.jpg 1495w, https:\/\/face.unt.edu.ar\/web\/wp-content\/uploads\/2022\/09\/8-1920x1079.jpg 1920w, https:\/\/face.unt.edu.ar\/web\/wp-content\/uploads\/2022\/09\/8.jpg 2048w\" sizes=\"(max-width: 486px) 100vw, 486px\" \/><\/a><\/p>\n<p>Fue un encuentro muy din\u00e1mico, que inici\u00f3 con las palabras de bienvenida por parte del Decano de nuestra Casa. Seguidamente el ex decano, se refiri\u00f3 brevemente al libro y a\u00a0continuaci\u00f3n, Sbdar profundiz\u00f3 en algunos conceptos e invit\u00f3 a los presentes a participar de un role playing para asimilar de una manera m\u00e1s pr\u00e1ctica lo expuesto.<\/p>\n<p><a href=\"https:\/\/face.unt.edu.ar\/web\/wp-content\/uploads\/2022\/09\/7.jpg\"><img decoding=\"async\" loading=\"lazy\" class=\"wp-image-14622 aligncenter\" src=\"https:\/\/face.unt.edu.ar\/web\/wp-content\/uploads\/2022\/09\/7-300x169.jpg\" alt=\"\" width=\"482\" height=\"272\" srcset=\"https:\/\/face.unt.edu.ar\/web\/wp-content\/uploads\/2022\/09\/7-300x169.jpg 300w, https:\/\/face.unt.edu.ar\/web\/wp-content\/uploads\/2022\/09\/7-1024x576.jpg 1024w, https:\/\/face.unt.edu.ar\/web\/wp-content\/uploads\/2022\/09\/7-768x432.jpg 768w, https:\/\/face.unt.edu.ar\/web\/wp-content\/uploads\/2022\/09\/7-1536x863.jpg 1536w, https:\/\/face.unt.edu.ar\/web\/wp-content\/uploads\/2022\/09\/7-696x391.jpg 696w, https:\/\/face.unt.edu.ar\/web\/wp-content\/uploads\/2022\/09\/7-1392x782.jpg 1392w, https:\/\/face.unt.edu.ar\/web\/wp-content\/uploads\/2022\/09\/7-1068x600.jpg 1068w, https:\/\/face.unt.edu.ar\/web\/wp-content\/uploads\/2022\/09\/7-747x420.jpg 747w, https:\/\/face.unt.edu.ar\/web\/wp-content\/uploads\/2022\/09\/7-1495x840.jpg 1495w, https:\/\/face.unt.edu.ar\/web\/wp-content\/uploads\/2022\/09\/7-1920x1079.jpg 1920w, https:\/\/face.unt.edu.ar\/web\/wp-content\/uploads\/2022\/09\/7.jpg 2048w\" sizes=\"(max-width: 482px) 100vw, 482px\" \/><\/a><\/p>\n<p>Su libro gira en torno a \u00a0las 4 inteligencias b\u00e1sicas: inteligencia organizacional, inteligencia reputacional, inteligencia financiera e inteligencia digital; \u00abinteligencias transversales para entender c\u00f3mo llevar una empresa al siguiente nivel. Una empresa que se amiga con el conocimiento es una empresa que se vuelve inteligente\u00bb. Se refiri\u00f3 adem\u00e1s, a los modelos de negocio y se\u00f1al\u00f3 al respecto la importancia\u00a0 de que las empresas implementen de manera diaria un tablero de gesti\u00f3n, \u201cporque lo que no se mide no se controla\u201d.<\/p>\n<p><a href=\"https:\/\/face.unt.edu.ar\/web\/wp-content\/uploads\/2022\/09\/3.jpg\"><img decoding=\"async\" loading=\"lazy\" class=\"alignnone size-medium wp-image-14623\" src=\"https:\/\/face.unt.edu.ar\/web\/wp-content\/uploads\/2022\/09\/3-300x169.jpg\" alt=\"\" width=\"300\" height=\"169\" srcset=\"https:\/\/face.unt.edu.ar\/web\/wp-content\/uploads\/2022\/09\/3-300x169.jpg 300w, https:\/\/face.unt.edu.ar\/web\/wp-content\/uploads\/2022\/09\/3-1024x576.jpg 1024w, https:\/\/face.unt.edu.ar\/web\/wp-content\/uploads\/2022\/09\/3-768x432.jpg 768w, https:\/\/face.unt.edu.ar\/web\/wp-content\/uploads\/2022\/09\/3-1536x863.jpg 1536w, https:\/\/face.unt.edu.ar\/web\/wp-content\/uploads\/2022\/09\/3-696x391.jpg 696w, https:\/\/face.unt.edu.ar\/web\/wp-content\/uploads\/2022\/09\/3-1392x782.jpg 1392w, https:\/\/face.unt.edu.ar\/web\/wp-content\/uploads\/2022\/09\/3-1068x600.jpg 1068w, https:\/\/face.unt.edu.ar\/web\/wp-content\/uploads\/2022\/09\/3-747x420.jpg 747w, https:\/\/face.unt.edu.ar\/web\/wp-content\/uploads\/2022\/09\/3-1495x840.jpg 1495w, https:\/\/face.unt.edu.ar\/web\/wp-content\/uploads\/2022\/09\/3-1920x1079.jpg 1920w, https:\/\/face.unt.edu.ar\/web\/wp-content\/uploads\/2022\/09\/3.jpg 2048w\" sizes=\"(max-width: 300px) 100vw, 300px\" \/><\/a> <a href=\"https:\/\/face.unt.edu.ar\/web\/wp-content\/uploads\/2022\/09\/5.jpg\"><img decoding=\"async\" loading=\"lazy\" class=\"alignnone size-medium wp-image-14624\" src=\"https:\/\/face.unt.edu.ar\/web\/wp-content\/uploads\/2022\/09\/5-300x169.jpg\" alt=\"\" width=\"300\" height=\"169\" srcset=\"https:\/\/face.unt.edu.ar\/web\/wp-content\/uploads\/2022\/09\/5-300x169.jpg 300w, https:\/\/face.unt.edu.ar\/web\/wp-content\/uploads\/2022\/09\/5-1024x576.jpg 1024w, https:\/\/face.unt.edu.ar\/web\/wp-content\/uploads\/2022\/09\/5-768x432.jpg 768w, https:\/\/face.unt.edu.ar\/web\/wp-content\/uploads\/2022\/09\/5-1536x863.jpg 1536w, https:\/\/face.unt.edu.ar\/web\/wp-content\/uploads\/2022\/09\/5-696x391.jpg 696w, https:\/\/face.unt.edu.ar\/web\/wp-content\/uploads\/2022\/09\/5-1392x782.jpg 1392w, https:\/\/face.unt.edu.ar\/web\/wp-content\/uploads\/2022\/09\/5-1068x600.jpg 1068w, https:\/\/face.unt.edu.ar\/web\/wp-content\/uploads\/2022\/09\/5-747x420.jpg 747w, https:\/\/face.unt.edu.ar\/web\/wp-content\/uploads\/2022\/09\/5-1495x840.jpg 1495w, https:\/\/face.unt.edu.ar\/web\/wp-content\/uploads\/2022\/09\/5-1920x1079.jpg 1920w, https:\/\/face.unt.edu.ar\/web\/wp-content\/uploads\/2022\/09\/5.jpg 2048w\" sizes=\"(max-width: 300px) 100vw, 300px\" \/><\/a><\/p>\n<p>Cabe destacar que Manuel Sbdar es graduado de nuestra Facultad y expres\u00f3 sentir una gran felicidad y emoci\u00f3n al regresar a esta Casa de Estudios, transitar nuevamente las instalaciones y reencontrarse con amigos y colegas. Finalmente agradeci\u00f3 a los presentes por la participaci\u00f3n y a las autoridades de la Facultad por el recibimiento tan cordial.<\/p>\n<p>&nbsp;<\/p>\n<p><a href=\"https:\/\/face.unt.edu.ar\/web\/wp-content\/uploads\/2022\/09\/9.jpg\"><img decoding=\"async\" loading=\"lazy\" class=\"wp-image-14625 aligncenter\" src=\"https:\/\/face.unt.edu.ar\/web\/wp-content\/uploads\/2022\/09\/9-300x169.jpg\" alt=\"\" width=\"504\" height=\"284\" srcset=\"https:\/\/face.unt.edu.ar\/web\/wp-content\/uploads\/2022\/09\/9-300x169.jpg 300w, https:\/\/face.unt.edu.ar\/web\/wp-content\/uploads\/2022\/09\/9-1024x576.jpg 1024w, https:\/\/face.unt.edu.ar\/web\/wp-content\/uploads\/2022\/09\/9-768x432.jpg 768w, https:\/\/face.unt.edu.ar\/web\/wp-content\/uploads\/2022\/09\/9-1536x863.jpg 1536w, https:\/\/face.unt.edu.ar\/web\/wp-content\/uploads\/2022\/09\/9-696x391.jpg 696w, https:\/\/face.unt.edu.ar\/web\/wp-content\/uploads\/2022\/09\/9-1392x782.jpg 1392w, https:\/\/face.unt.edu.ar\/web\/wp-content\/uploads\/2022\/09\/9-1068x600.jpg 1068w, https:\/\/face.unt.edu.ar\/web\/wp-content\/uploads\/2022\/09\/9-747x420.jpg 747w, https:\/\/face.unt.edu.ar\/web\/wp-content\/uploads\/2022\/09\/9-1495x840.jpg 1495w, https:\/\/face.unt.edu.ar\/web\/wp-content\/uploads\/2022\/09\/9-1920x1079.jpg 1920w, https:\/\/face.unt.edu.ar\/web\/wp-content\/uploads\/2022\/09\/9.jpg 2048w\" sizes=\"(max-width: 504px) 100vw, 504px\" \/><\/a><\/p>\n<p>&nbsp;<\/p>\n","protected":false},"excerpt":{"rendered":"<p>En el marco de su presentaci\u00f3n por distintos puntos del pa\u00eds, Manuel Sbdar lleg\u00f3 a nuestra Facultad de Ciencias Econ\u00f3micas de la UNT para compartir una charla sobre su \u00faltimo libro \u201cNi grandes, ni peque\u00f1as. Inteligentes\u201d, que tiene por objetivo llevar el rendimiento de las empresas m\u00e1s all\u00e1 de la suma de sus integrantes, incluido [&hellip;]<\/p>\n","protected":false},"author":123457,"featured_media":14619,"comment_status":"open","ping_status":"open","sticky":false,"template":"","format":"standard","meta":{"_et_pb_use_builder":"","_et_pb_old_content":"","_et_gb_content_width":"","footnotes":""},"categories":[4],"tags":[376,608,965,36,966,956],"_links":{"self":[{"href":"https:\/\/face.unt.edu.ar\/web\/wp-json\/wp\/v2\/posts\/14618"}],"collection":[{"href":"https:\/\/face.unt.edu.ar\/web\/wp-json\/wp\/v2\/posts"}],"about":[{"href":"https:\/\/face.unt.edu.ar\/web\/wp-json\/wp\/v2\/types\/post"}],"author":[{"embeddable":true,"href":"https:\/\/face.unt.edu.ar\/web\/wp-json\/wp\/v2\/users\/123457"}],"replies":[{"embeddable":true,"href":"https:\/\/face.unt.edu.ar\/web\/wp-json\/wp\/v2\/comments?post=14618"}],"version-history":[{"count":5,"href":"https:\/\/face.unt.edu.ar\/web\/wp-json\/wp\/v2\/posts\/14618\/revisions"}],"predecessor-version":[{"id":14631,"href":"https:\/\/face.unt.edu.ar\/web\/wp-json\/wp\/v2\/posts\/14618\/revisions\/14631"}],"wp:featuredmedia":[{"embeddable":true,"href":"https:\/\/face.unt.edu.ar\/web\/wp-json\/wp\/v2\/media\/14619"}],"wp:attachment":[{"href":"https:\/\/face.unt.edu.ar\/web\/wp-json\/wp\/v2\/media?parent=14618"}],"wp:term":[{"taxonomy":"category","embeddable":true,"href":"https:\/\/face.unt.edu.ar\/web\/wp-json\/wp\/v2\/categories?post=14618"},{"taxonomy":"post_tag","embeddable":true,"href":"https:\/\/face.unt.edu.ar\/web\/wp-json\/wp\/v2\/tags?post=14618"}],"curies":[{"name":"wp","href":"https:\/\/api.w.org\/{rel}","templated":true}]}}