{"id":14658,"date":"2022-09-09T18:52:18","date_gmt":"2022-09-09T18:52:18","guid":{"rendered":"https:\/\/face.unt.edu.ar\/web\/?p=14658"},"modified":"2022-09-12T13:04:45","modified_gmt":"2022-09-12T13:04:45","slug":"curso-prevencion-y-cuidados-de-la-voz","status":"publish","type":"post","link":"https:\/\/face.unt.edu.ar\/web\/blog\/curso-prevencion-y-cuidados-de-la-voz\/","title":{"rendered":"Curso \u201cPrevenci\u00f3n y cuidados de la voz\u201d"},"content":{"rendered":"<p>El pr\u00f3ximo <strong>jueves 15 de septiembre<\/strong> se dictar\u00e1 el <strong>Curso \u201cPrevenci\u00f3n y cuidados de la voz\u201d<\/strong>,<strong> destinado a los docentes<\/strong> de nuestra Facultad.<\/p>\n<p>Estar\u00e1 a cargo de la <strong>Lic. Alejandra Marosi<\/strong>.<\/p>\n<p>Se realizar\u00e1 en el <strong>horario de 15:30 a 17:00 horas<\/strong>, con <strong>modalidad virtual<\/strong> (Zoom).<\/p>\n<p>Es una actividad <strong>gratuita<\/strong>.<\/p>\n<p>Se otorgar\u00e1 <strong>certificado<\/strong>.<\/p>\n<p>La <strong>inscripci\u00f3n<\/strong> se realiza en el siguiente link: <strong><a href=\"https:\/\/docs.google.com\/forms\/d\/1PRb87nV7vNDs9PVp7TqcItwK4YOOwaFGN0U_4oB5JSk\/edit\" target=\"_blank\" rel=\"noopener\">https:\/\/docs.google.com\/forms\/d\/1PRb87nV7vNDs9PVp7TqcItwK4YOOwaFGN0U_4oB5JSk\/edit<\/a><\/strong><\/p>\n<p>El Curso es organizado por el <strong>Instituto de Investigaciones Contables<\/strong>.<\/p>\n<p><img decoding=\"async\" loading=\"lazy\" class=\"aligncenter wp-image-14659\" src=\"https:\/\/face.unt.edu.ar\/web\/wp-content\/uploads\/2022\/09\/cuidados-de-la-voz-face-unt-216x300.jpeg\" alt=\"\" width=\"503\" height=\"699\" srcset=\"https:\/\/face.unt.edu.ar\/web\/wp-content\/uploads\/2022\/09\/cuidados-de-la-voz-face-unt-216x300.jpeg 216w, https:\/\/face.unt.edu.ar\/web\/wp-content\/uploads\/2022\/09\/cuidados-de-la-voz-face-unt-738x1024.jpeg 738w, https:\/\/face.unt.edu.ar\/web\/wp-content\/uploads\/2022\/09\/cuidados-de-la-voz-face-unt-303x420.jpeg 303w\" sizes=\"(max-width: 503px) 100vw, 503px\" \/><\/p>\n","protected":false},"excerpt":{"rendered":"<p>El pr\u00f3ximo jueves 15 de septiembre se dictar\u00e1 el Curso \u201cPrevenci\u00f3n y cuidados de la voz\u201d, destinado a los docentes de nuestra Facultad. Estar\u00e1 a cargo de la Lic. Alejandra Marosi. Se realizar\u00e1 en el horario de 15:30 a 17:00 horas, con modalidad virtual (Zoom). Es una actividad gratuita. Se otorgar\u00e1 certificado. La inscripci\u00f3n se [&hellip;]<\/p>\n","protected":false},"author":2,"featured_media":14661,"comment_status":"open","ping_status":"open","sticky":false,"template":"","format":"standard","meta":{"_et_pb_use_builder":"","_et_pb_old_content":"","_et_gb_content_width":"","footnotes":""},"categories":[4],"tags":[376,968,652,969,444],"_links":{"self":[{"href":"https:\/\/face.unt.edu.ar\/web\/wp-json\/wp\/v2\/posts\/14658"}],"collection":[{"href":"https:\/\/face.unt.edu.ar\/web\/wp-json\/wp\/v2\/posts"}],"about":[{"href":"https:\/\/face.unt.edu.ar\/web\/wp-json\/wp\/v2\/types\/post"}],"author":[{"embeddable":true,"href":"https:\/\/face.unt.edu.ar\/web\/wp-json\/wp\/v2\/users\/2"}],"replies":[{"embeddable":true,"href":"https:\/\/face.unt.edu.ar\/web\/wp-json\/wp\/v2\/comments?post=14658"}],"version-history":[{"count":5,"href":"https:\/\/face.unt.edu.ar\/web\/wp-json\/wp\/v2\/posts\/14658\/revisions"}],"predecessor-version":[{"id":14714,"href":"https:\/\/face.unt.edu.ar\/web\/wp-json\/wp\/v2\/posts\/14658\/revisions\/14714"}],"wp:featuredmedia":[{"embeddable":true,"href":"https:\/\/face.unt.edu.ar\/web\/wp-json\/wp\/v2\/media\/14661"}],"wp:attachment":[{"href":"https:\/\/face.unt.edu.ar\/web\/wp-json\/wp\/v2\/media?parent=14658"}],"wp:term":[{"taxonomy":"category","embeddable":true,"href":"https:\/\/face.unt.edu.ar\/web\/wp-json\/wp\/v2\/categories?post=14658"},{"taxonomy":"post_tag","embeddable":true,"href":"https:\/\/face.unt.edu.ar\/web\/wp-json\/wp\/v2\/tags?post=14658"}],"curies":[{"name":"wp","href":"https:\/\/api.w.org\/{rel}","templated":true}]}}