{"id":14683,"date":"2022-09-10T14:43:22","date_gmt":"2022-09-10T14:43:22","guid":{"rendered":"https:\/\/face.unt.edu.ar\/web\/?p=14683"},"modified":"2022-09-10T15:06:05","modified_gmt":"2022-09-10T15:06:05","slug":"se-lanzo-el-plan-de-modernizacion-de-aulas-de-nuestra-facultad","status":"publish","type":"post","link":"https:\/\/face.unt.edu.ar\/web\/blog\/se-lanzo-el-plan-de-modernizacion-de-aulas-de-nuestra-facultad\/","title":{"rendered":"Se lanz\u00f3 el Plan de Modernizaci\u00f3n de Aulas de nuestra Facultad"},"content":{"rendered":"<p>El decano, <strong>Mg. Jorge Rospide<\/strong> y el vicedecano, <strong>Esp. Gustavo Sota<\/strong>, encabezaron el <strong>lanzamiento <\/strong>del <strong>Plan de Modernizaci\u00f3n de Aulas <\/strong>de nuestra <strong>Facultad de Ciencias Econ\u00f3micas de la UNT<\/strong>.<\/p>\n<p>Estuvieron presentes los secretarios del gabinete y docentes de esta Casa de Estudios.<\/p>\n<p>En la ocasi\u00f3n, se exhibi\u00f3 c\u00f3mo funciona el nuevo equipamiento de aulas h\u00edbridas, transmitiendo el evento simult\u00e1neamente mediante videoconferencia (Zoom). Adem\u00e1s, el Decano explic\u00f3 cu\u00e1les son las acciones que conforman el proyecto que tienen planificado desarrollar paulatinamente durante los pr\u00f3ximos 4 a\u00f1os de gesti\u00f3n, y que incluyen la incorporaci\u00f3n de nuevas tecnolog\u00edas, m\u00e1s capacitaci\u00f3n para los docentes y la implementaci\u00f3n de nuevos sistemas administrativos.<\/p>\n<p>&nbsp;<\/p>\n<p><a href=\"https:\/\/face.unt.edu.ar\/web\/wp-content\/uploads\/2022\/09\/elemento-1.png\"><img decoding=\"async\" loading=\"lazy\" class=\"alignnone wp-image-14686\" src=\"https:\/\/face.unt.edu.ar\/web\/wp-content\/uploads\/2022\/09\/elemento-1-300x157.png\" alt=\"\" width=\"322\" height=\"168\" srcset=\"https:\/\/face.unt.edu.ar\/web\/wp-content\/uploads\/2022\/09\/elemento-1-300x157.png 300w, https:\/\/face.unt.edu.ar\/web\/wp-content\/uploads\/2022\/09\/elemento-1-768x403.png 768w, https:\/\/face.unt.edu.ar\/web\/wp-content\/uploads\/2022\/09\/elemento-1-696x365.png 696w, https:\/\/face.unt.edu.ar\/web\/wp-content\/uploads\/2022\/09\/elemento-1-801x420.png 801w, https:\/\/face.unt.edu.ar\/web\/wp-content\/uploads\/2022\/09\/elemento-1.png 971w\" sizes=\"(max-width: 322px) 100vw, 322px\" \/><\/a> <a href=\"https:\/\/face.unt.edu.ar\/web\/wp-content\/uploads\/2022\/09\/Sin-titulo4.png\"><img decoding=\"async\" loading=\"lazy\" class=\"alignnone wp-image-14687\" src=\"https:\/\/face.unt.edu.ar\/web\/wp-content\/uploads\/2022\/09\/Sin-titulo4-300x147.png\" alt=\"\" width=\"341\" height=\"167\" srcset=\"https:\/\/face.unt.edu.ar\/web\/wp-content\/uploads\/2022\/09\/Sin-titulo4-300x147.png 300w, https:\/\/face.unt.edu.ar\/web\/wp-content\/uploads\/2022\/09\/Sin-titulo4-1024x502.png 1024w, https:\/\/face.unt.edu.ar\/web\/wp-content\/uploads\/2022\/09\/Sin-titulo4-768x376.png 768w, https:\/\/face.unt.edu.ar\/web\/wp-content\/uploads\/2022\/09\/Sin-titulo4-324x160.png 324w, https:\/\/face.unt.edu.ar\/web\/wp-content\/uploads\/2022\/09\/Sin-titulo4-648x320.png 648w, https:\/\/face.unt.edu.ar\/web\/wp-content\/uploads\/2022\/09\/Sin-titulo4-533x261.png 533w, https:\/\/face.unt.edu.ar\/web\/wp-content\/uploads\/2022\/09\/Sin-titulo4-1066x522.png 1066w, https:\/\/face.unt.edu.ar\/web\/wp-content\/uploads\/2022\/09\/Sin-titulo4-696x341.png 696w, https:\/\/face.unt.edu.ar\/web\/wp-content\/uploads\/2022\/09\/Sin-titulo4-1068x523.png 1068w, https:\/\/face.unt.edu.ar\/web\/wp-content\/uploads\/2022\/09\/Sin-titulo4-858x420.png 858w, https:\/\/face.unt.edu.ar\/web\/wp-content\/uploads\/2022\/09\/Sin-titulo4.png 1221w\" sizes=\"(max-width: 341px) 100vw, 341px\" \/><\/a><\/p>\n<p>\u201cLa clave para mejorar educativamente es ir avanzando paulatinamente acorde avanzan los nuevos tiempos. Vivimos en una nueva era y estamos siendo atravesados por la tecnolog\u00eda. En este sentido buscamos promover en nuestra Facultad el acceso a dispositivos tecnol\u00f3gicos que nos ayuden a progresar; nuestras aulas deben hablar este lenguaje, por eso estamos muy contentos de poder inaugurar hoy este Plan de Modernizaci\u00f3n de Aula\u201d, expres\u00f3 el Decano. Adem\u00e1s, dijo que \u201choy damos inicio formal a este programa que hace varios meses venimos trabajando, que ocupa lo relacionado con la modernizaci\u00f3n tecnol\u00f3gica educativa y administrativa. Va a ser un servicio para los Docentes, Estudiantes y Nodocentes de nuestra Facultad ya que se trata de la incorporaci\u00f3n de tecnolog\u00eda de \u00faltima generaci\u00f3n en todos los \u00e1mbitos de nuestra unidad acad\u00e9mica (tecnolog\u00eda h\u00edbrida, reemplazo de pizarrones por nuevas pizarras de vidrio, modernizaci\u00f3n de los procedimientos administrativos, entre otras acciones). Por otro lado, destac\u00f3: \u201cEl desaf\u00edo que planteamos para los pr\u00f3ximos 4 a\u00f1os es justamente amoldarnos al contexto que hoy tenemos, esta situaci\u00f3n de avance tecnol\u00f3gico y modernizaci\u00f3n que se aceler\u00f3 con la pandemia y que nos exige que vayamos adapt\u00e1ndonos\u201d.<\/p>\n<p><a href=\"https:\/\/face.unt.edu.ar\/web\/wp-content\/uploads\/2022\/09\/Sin-titulo2.png\"><img decoding=\"async\" loading=\"lazy\" class=\"wp-image-14688 aligncenter\" src=\"https:\/\/face.unt.edu.ar\/web\/wp-content\/uploads\/2022\/09\/Sin-titulo2-300x152.png\" alt=\"\" width=\"462\" height=\"234\" srcset=\"https:\/\/face.unt.edu.ar\/web\/wp-content\/uploads\/2022\/09\/Sin-titulo2-300x152.png 300w, https:\/\/face.unt.edu.ar\/web\/wp-content\/uploads\/2022\/09\/Sin-titulo2-1024x519.png 1024w, https:\/\/face.unt.edu.ar\/web\/wp-content\/uploads\/2022\/09\/Sin-titulo2-768x389.png 768w, https:\/\/face.unt.edu.ar\/web\/wp-content\/uploads\/2022\/09\/Sin-titulo2-696x353.png 696w, https:\/\/face.unt.edu.ar\/web\/wp-content\/uploads\/2022\/09\/Sin-titulo2-1068x541.png 1068w, https:\/\/face.unt.edu.ar\/web\/wp-content\/uploads\/2022\/09\/Sin-titulo2-829x420.png 829w, https:\/\/face.unt.edu.ar\/web\/wp-content\/uploads\/2022\/09\/Sin-titulo2.png 1229w\" sizes=\"(max-width: 462px) 100vw, 462px\" \/><\/a><\/p>\n<p>Finalmente, hizo referencia al aniversario de la Facultad: \u201cEste a\u00f1o celebramos el 75 aniversario de nuestra Facultad, y hoy, despu\u00e9s de 75 a\u00f1os vamos a hacer una renovaci\u00f3n de nuestros procesos, con lo cual es una muy buena oportunidad para celebrar este cambio hacia la modernizaci\u00f3n tecnol\u00f3gica de nuestra Casa en todos sus aspectos\u2026 \u00a1Tenemos muchos sue\u00f1os por cumplir y vamos a seguir en ese camino!<\/p>\n<p>Por su parte, el Vicedecano agreg\u00f3: \u201cMe parece importante que tengamos el feedback de ustedes y los estudiantes. En todo este proceso de inversi\u00f3n de tecnolog\u00eda hay cuestiones que hacen al uso y adaptaci\u00f3n, tenemos que ir acostumbr\u00e1ndonos, hacia eso vamos y su opini\u00f3n es fundamental\u201d.<\/p>\n<p>Para finalizar, tambi\u00e9n se refiri\u00f3 al 75 aniversario de la Facultad: \u201cEn octubre se cumplen los 75 a\u00f1os de nuestra Facultad y vamos a realizar distintos eventos y actividades durante ese mes. Desde ya queda la invitaci\u00f3n para celebrar con alegr\u00eda y entusiasmo\u201d.<\/p>\n<p><a href=\"https:\/\/face.unt.edu.ar\/web\/wp-content\/uploads\/2022\/09\/20220909_131109-scaled.jpg\"><img decoding=\"async\" loading=\"lazy\" class=\"alignnone  wp-image-14689\" src=\"https:\/\/face.unt.edu.ar\/web\/wp-content\/uploads\/2022\/09\/20220909_131109-300x169.jpg\" alt=\"\" width=\"316\" height=\"178\" srcset=\"https:\/\/face.unt.edu.ar\/web\/wp-content\/uploads\/2022\/09\/20220909_131109-300x169.jpg 300w, https:\/\/face.unt.edu.ar\/web\/wp-content\/uploads\/2022\/09\/20220909_131109-1024x577.jpg 1024w, https:\/\/face.unt.edu.ar\/web\/wp-content\/uploads\/2022\/09\/20220909_131109-768x432.jpg 768w, https:\/\/face.unt.edu.ar\/web\/wp-content\/uploads\/2022\/09\/20220909_131109-1536x865.jpg 1536w, https:\/\/face.unt.edu.ar\/web\/wp-content\/uploads\/2022\/09\/20220909_131109-2048x1153.jpg 2048w, https:\/\/face.unt.edu.ar\/web\/wp-content\/uploads\/2022\/09\/20220909_131109-696x392.jpg 696w, https:\/\/face.unt.edu.ar\/web\/wp-content\/uploads\/2022\/09\/20220909_131109-1392x784.jpg 1392w, https:\/\/face.unt.edu.ar\/web\/wp-content\/uploads\/2022\/09\/20220909_131109-1068x601.jpg 1068w, https:\/\/face.unt.edu.ar\/web\/wp-content\/uploads\/2022\/09\/20220909_131109-746x420.jpg 746w, https:\/\/face.unt.edu.ar\/web\/wp-content\/uploads\/2022\/09\/20220909_131109-1492x840.jpg 1492w, https:\/\/face.unt.edu.ar\/web\/wp-content\/uploads\/2022\/09\/20220909_131109-1920x1081.jpg 1920w\" sizes=\"(max-width: 316px) 100vw, 316px\" \/><\/a><a href=\"https:\/\/face.unt.edu.ar\/web\/wp-content\/uploads\/2022\/09\/4.jpg\"><img decoding=\"async\" loading=\"lazy\" class=\"alignnone  wp-image-14694\" src=\"https:\/\/face.unt.edu.ar\/web\/wp-content\/uploads\/2022\/09\/4-300x169.jpg\" alt=\"\" width=\"314\" height=\"177\" srcset=\"https:\/\/face.unt.edu.ar\/web\/wp-content\/uploads\/2022\/09\/4-300x169.jpg 300w, https:\/\/face.unt.edu.ar\/web\/wp-content\/uploads\/2022\/09\/4-1024x577.jpg 1024w, https:\/\/face.unt.edu.ar\/web\/wp-content\/uploads\/2022\/09\/4-768x432.jpg 768w, https:\/\/face.unt.edu.ar\/web\/wp-content\/uploads\/2022\/09\/4-1536x865.jpg 1536w, https:\/\/face.unt.edu.ar\/web\/wp-content\/uploads\/2022\/09\/4-696x392.jpg 696w, https:\/\/face.unt.edu.ar\/web\/wp-content\/uploads\/2022\/09\/4-1392x784.jpg 1392w, https:\/\/face.unt.edu.ar\/web\/wp-content\/uploads\/2022\/09\/4-1068x601.jpg 1068w, https:\/\/face.unt.edu.ar\/web\/wp-content\/uploads\/2022\/09\/4-746x420.jpg 746w, https:\/\/face.unt.edu.ar\/web\/wp-content\/uploads\/2022\/09\/4-1492x840.jpg 1492w, https:\/\/face.unt.edu.ar\/web\/wp-content\/uploads\/2022\/09\/4-1920x1081.jpg 1920w, https:\/\/face.unt.edu.ar\/web\/wp-content\/uploads\/2022\/09\/4.jpg 2048w\" sizes=\"(max-width: 314px) 100vw, 314px\" \/><\/a><\/p>\n<p><a href=\"https:\/\/face.unt.edu.ar\/web\/wp-content\/uploads\/2022\/09\/2-1.jpg\"><img decoding=\"async\" loading=\"lazy\" class=\"alignnone  wp-image-14692\" src=\"https:\/\/face.unt.edu.ar\/web\/wp-content\/uploads\/2022\/09\/2-1-300x169.jpg\" alt=\"\" width=\"325\" height=\"183\" srcset=\"https:\/\/face.unt.edu.ar\/web\/wp-content\/uploads\/2022\/09\/2-1-300x169.jpg 300w, https:\/\/face.unt.edu.ar\/web\/wp-content\/uploads\/2022\/09\/2-1-1024x577.jpg 1024w, https:\/\/face.unt.edu.ar\/web\/wp-content\/uploads\/2022\/09\/2-1-768x432.jpg 768w, https:\/\/face.unt.edu.ar\/web\/wp-content\/uploads\/2022\/09\/2-1-1536x865.jpg 1536w, https:\/\/face.unt.edu.ar\/web\/wp-content\/uploads\/2022\/09\/2-1-696x392.jpg 696w, https:\/\/face.unt.edu.ar\/web\/wp-content\/uploads\/2022\/09\/2-1-1392x784.jpg 1392w, https:\/\/face.unt.edu.ar\/web\/wp-content\/uploads\/2022\/09\/2-1-1068x601.jpg 1068w, https:\/\/face.unt.edu.ar\/web\/wp-content\/uploads\/2022\/09\/2-1-746x420.jpg 746w, https:\/\/face.unt.edu.ar\/web\/wp-content\/uploads\/2022\/09\/2-1-1492x840.jpg 1492w, https:\/\/face.unt.edu.ar\/web\/wp-content\/uploads\/2022\/09\/2-1-1920x1081.jpg 1920w, https:\/\/face.unt.edu.ar\/web\/wp-content\/uploads\/2022\/09\/2-1.jpg 2048w\" sizes=\"(max-width: 325px) 100vw, 325px\" \/><\/a><a href=\"https:\/\/face.unt.edu.ar\/web\/wp-content\/uploads\/2022\/09\/3-1.jpg\"><img decoding=\"async\" loading=\"lazy\" class=\"alignnone  wp-image-14693\" src=\"https:\/\/face.unt.edu.ar\/web\/wp-content\/uploads\/2022\/09\/3-1-300x153.jpg\" alt=\"\" width=\"347\" height=\"177\" srcset=\"https:\/\/face.unt.edu.ar\/web\/wp-content\/uploads\/2022\/09\/3-1-300x153.jpg 300w, https:\/\/face.unt.edu.ar\/web\/wp-content\/uploads\/2022\/09\/3-1-1024x523.jpg 1024w, https:\/\/face.unt.edu.ar\/web\/wp-content\/uploads\/2022\/09\/3-1-768x392.jpg 768w, https:\/\/face.unt.edu.ar\/web\/wp-content\/uploads\/2022\/09\/3-1-696x356.jpg 696w, https:\/\/face.unt.edu.ar\/web\/wp-content\/uploads\/2022\/09\/3-1-1068x546.jpg 1068w, https:\/\/face.unt.edu.ar\/web\/wp-content\/uploads\/2022\/09\/3-1-822x420.jpg 822w, https:\/\/face.unt.edu.ar\/web\/wp-content\/uploads\/2022\/09\/3-1.jpg 1231w\" sizes=\"(max-width: 347px) 100vw, 347px\" \/><\/a><\/p>\n<p>&nbsp;<\/p>\n<p style=\"text-align: center\">\n","protected":false},"excerpt":{"rendered":"<p>El decano, Mg. Jorge Rospide y el vicedecano, Esp. Gustavo Sota, encabezaron el lanzamiento del Plan de Modernizaci\u00f3n de Aulas de nuestra Facultad de Ciencias Econ\u00f3micas de la UNT. Estuvieron presentes los secretarios del gabinete y docentes de esta Casa de Estudios. En la ocasi\u00f3n, se exhibi\u00f3 c\u00f3mo funciona el nuevo equipamiento de aulas h\u00edbridas, [&hellip;]<\/p>\n","protected":false},"author":123457,"featured_media":14684,"comment_status":"open","ping_status":"open","sticky":false,"template":"","format":"standard","meta":{"_et_pb_use_builder":"","_et_pb_old_content":"","_et_gb_content_width":"","footnotes":""},"categories":[4],"tags":[978,376,36,901,979,977,444],"_links":{"self":[{"href":"https:\/\/face.unt.edu.ar\/web\/wp-json\/wp\/v2\/posts\/14683"}],"collection":[{"href":"https:\/\/face.unt.edu.ar\/web\/wp-json\/wp\/v2\/posts"}],"about":[{"href":"https:\/\/face.unt.edu.ar\/web\/wp-json\/wp\/v2\/types\/post"}],"author":[{"embeddable":true,"href":"https:\/\/face.unt.edu.ar\/web\/wp-json\/wp\/v2\/users\/123457"}],"replies":[{"embeddable":true,"href":"https:\/\/face.unt.edu.ar\/web\/wp-json\/wp\/v2\/comments?post=14683"}],"version-history":[{"count":5,"href":"https:\/\/face.unt.edu.ar\/web\/wp-json\/wp\/v2\/posts\/14683\/revisions"}],"predecessor-version":[{"id":14697,"href":"https:\/\/face.unt.edu.ar\/web\/wp-json\/wp\/v2\/posts\/14683\/revisions\/14697"}],"wp:featuredmedia":[{"embeddable":true,"href":"https:\/\/face.unt.edu.ar\/web\/wp-json\/wp\/v2\/media\/14684"}],"wp:attachment":[{"href":"https:\/\/face.unt.edu.ar\/web\/wp-json\/wp\/v2\/media?parent=14683"}],"wp:term":[{"taxonomy":"category","embeddable":true,"href":"https:\/\/face.unt.edu.ar\/web\/wp-json\/wp\/v2\/categories?post=14683"},{"taxonomy":"post_tag","embeddable":true,"href":"https:\/\/face.unt.edu.ar\/web\/wp-json\/wp\/v2\/tags?post=14683"}],"curies":[{"name":"wp","href":"https:\/\/api.w.org\/{rel}","templated":true}]}}