{"id":14718,"date":"2022-09-12T14:24:17","date_gmt":"2022-09-12T14:24:17","guid":{"rendered":"https:\/\/face.unt.edu.ar\/web\/?p=14718"},"modified":"2022-09-12T22:26:09","modified_gmt":"2022-09-12T22:26:09","slug":"curso-de-extension-gestion-de-personas-en-equipos-de-trabajo","status":"publish","type":"post","link":"https:\/\/face.unt.edu.ar\/web\/blog\/curso-de-extension-gestion-de-personas-en-equipos-de-trabajo\/","title":{"rendered":"Curso de Extensi\u00f3n\u00a0\u201cGesti\u00f3n de Personas en Equipos de Trabajo\u201d"},"content":{"rendered":"<p>A partir del <strong>20 de septiembre<\/strong>\u00a0 se dictar\u00e1 el Curso de Extensi\u00f3n <strong>\u201cGesti\u00f3n de Personas en Equipos de Trabajo\u201d, <\/strong>que estar\u00e1 a cargo de la<strong> Psic. Florencia Villaverde, <\/strong>docente de nuestra Facultad de Ciencias Econ\u00f3micas.<\/p>\n<p>Se desarrollar\u00e1 en <strong>4 encuentros<\/strong> los d\u00edas martes 20, jueves 22, martes 27 y mi\u00e9rcoles 28 de septiembre, en el horario de \u00a018:30 a 21:30 horas, bajo una modalidad <strong>presencial,<\/strong> en nuestra Casa de Estudios.<\/p>\n<p>Est\u00e1 destinado a egresados, estudiantes y p\u00fablico en general.<\/p>\n<p>Objetivos:<br \/>\nConocer y gestionar las diferencias individuales (talento) de los miembros de un equipo.<br \/>\nComprender el rol del l\u00edder y de los equipos de trabajo.<br \/>\nPromover la eficiencia en la coordinaci\u00f3n de acciones entre las personas y equipos de la organizaci\u00f3n.<\/p>\n<p><strong>Inversi\u00f3n $ 5.200<\/strong><\/p>\n<p><strong>Inscripci\u00f3n: <a href=\"https:\/\/asociacioncooperadoraface.mitiendanube.com\/productos\/curso-gestion-de-personas-en-equipos-de-trabajo\/\" target=\"_blank\" rel=\"noopener\" data-saferedirecturl=\"https:\/\/www.google.com\/url?q=https:\/\/asociacioncooperadoraface.mitiendanube.com\/productos\/curso-gestion-de-personas-en-equipos-de-trabajo\/&amp;source=gmail&amp;ust=1663078292610000&amp;usg=AOvVaw1M1h5NL-X-kFo83mm34C8U\">https:\/\/asociacioncooperadoraface.mitiendanube.com\/productos\/curso-gestion-de-personas-en-equipos-de-trabajo\/<\/a><\/strong><\/p>\n<p>Para consultas e <strong>informes <\/strong>contactarse al <strong>e-mail <a href=\"mailto:seri@face.unt.edu.ar\">seri@face.unt.edu.ar<\/a><\/strong><\/p>\n","protected":false},"excerpt":{"rendered":"<p>A partir del 20 de septiembre\u00a0 se dictar\u00e1 el Curso de Extensi\u00f3n \u201cGesti\u00f3n de Personas en Equipos de Trabajo\u201d, que estar\u00e1 a cargo de la Psic. Florencia Villaverde, docente de nuestra Facultad de Ciencias Econ\u00f3micas. Se desarrollar\u00e1 en 4 encuentros los d\u00edas martes 20, jueves 22, martes 27 y mi\u00e9rcoles 28 de septiembre, en el [&hellip;]<\/p>\n","protected":false},"author":123457,"featured_media":14773,"comment_status":"open","ping_status":"open","sticky":false,"template":"","format":"standard","meta":{"_et_pb_use_builder":"","_et_pb_old_content":"","_et_gb_content_width":"","footnotes":""},"categories":[4],"tags":[971,435,36,980,444,24],"_links":{"self":[{"href":"https:\/\/face.unt.edu.ar\/web\/wp-json\/wp\/v2\/posts\/14718"}],"collection":[{"href":"https:\/\/face.unt.edu.ar\/web\/wp-json\/wp\/v2\/posts"}],"about":[{"href":"https:\/\/face.unt.edu.ar\/web\/wp-json\/wp\/v2\/types\/post"}],"author":[{"embeddable":true,"href":"https:\/\/face.unt.edu.ar\/web\/wp-json\/wp\/v2\/users\/123457"}],"replies":[{"embeddable":true,"href":"https:\/\/face.unt.edu.ar\/web\/wp-json\/wp\/v2\/comments?post=14718"}],"version-history":[{"count":3,"href":"https:\/\/face.unt.edu.ar\/web\/wp-json\/wp\/v2\/posts\/14718\/revisions"}],"predecessor-version":[{"id":14738,"href":"https:\/\/face.unt.edu.ar\/web\/wp-json\/wp\/v2\/posts\/14718\/revisions\/14738"}],"wp:featuredmedia":[{"embeddable":true,"href":"https:\/\/face.unt.edu.ar\/web\/wp-json\/wp\/v2\/media\/14773"}],"wp:attachment":[{"href":"https:\/\/face.unt.edu.ar\/web\/wp-json\/wp\/v2\/media?parent=14718"}],"wp:term":[{"taxonomy":"category","embeddable":true,"href":"https:\/\/face.unt.edu.ar\/web\/wp-json\/wp\/v2\/categories?post=14718"},{"taxonomy":"post_tag","embeddable":true,"href":"https:\/\/face.unt.edu.ar\/web\/wp-json\/wp\/v2\/tags?post=14718"}],"curies":[{"name":"wp","href":"https:\/\/api.w.org\/{rel}","templated":true}]}}