{"id":14802,"date":"2022-09-15T19:26:49","date_gmt":"2022-09-15T19:26:49","guid":{"rendered":"https:\/\/face.unt.edu.ar\/web\/?p=14802"},"modified":"2022-09-15T19:29:16","modified_gmt":"2022-09-15T19:29:16","slug":"inicia-el-taller-de-oratoria-tecnicas-para-hablar-en-publico","status":"publish","type":"post","link":"https:\/\/face.unt.edu.ar\/web\/blog\/inicia-el-taller-de-oratoria-tecnicas-para-hablar-en-publico\/","title":{"rendered":"Inicia el Taller de Oratoria \u00abT\u00e9cnicas para hablar en p\u00fablico\u00bb"},"content":{"rendered":"<p>Con nueva fecha, se realiza una nueva edici\u00f3n del <strong>Taller de Oratoria: T\u00e9cnicas para hablar en p\u00fablico<\/strong>, a cargo de\u00a0<strong>Locutora Nac. Lic. Gisele Arenas<\/strong>.<\/p>\n<p>Se dictar\u00e1 con\u00a0<strong>modalidad presencial<\/strong>\u00a0en nuestra\u00a0<strong>Facultad de Ciencias Econ\u00f3micas de la UNT<\/strong>.<\/p>\n<p>Inicia el <strong>17 de Septiembre<\/strong>\u00a0y se desarrollar\u00e1 durante 6 encuentros los s\u00e1bados de\u00a0<strong>10:00 a 13:00 horas<\/strong>.<\/p>\n<p><strong>Inversi\u00f3n:<br \/>\n<\/strong>Publico General: $ 9000<br \/>\nAlumnos de grado FACE y Matriculados CGCET: 20% de descuento<\/p>\n<p><strong>Inscripciones:\u00a0<a href=\"https:\/\/bit.ly\/cursodeextension?fbclid=IwAR0T7mp4222l0osB4Z69N49JwyblcTdjAO4oZb3Qv4BRrtlkWcqOGmlxWI0\" target=\"_blank\" rel=\"noopener\">https:\/\/bit.ly\/cursodeextension<\/a><\/strong><strong>\u00a0<\/strong><\/p>\n<p>Para acceder a los diferentes descuentos para el curso que quieras realizar, por favor comunicarse a la casilla de correo: seri@face.unt.edu.ar.<\/p>\n<p>Una vez que hayan corroborado tu condici\u00f3n, te brindar\u00e1n un cup\u00f3n de descuento con un c\u00f3digo\u00a0que debes ingresar en el proceso de compra,\u00a0antes de realizar el pago del mismo.<\/p>\n<p><strong>Para m\u00e1s informaci\u00f3n:\u00a0<a href=\"mailto:seri@face.unt.edu.ar\">seri@face.unt.edu.ar<\/a><\/strong><\/p>\n<p><img decoding=\"async\" loading=\"lazy\" class=\"aligncenter  wp-image-14807\" src=\"https:\/\/face.unt.edu.ar\/web\/wp-content\/uploads\/2022\/09\/IMG-20220913-WA0048-212x300.jpg\" alt=\"\" width=\"524\" height=\"741\" srcset=\"https:\/\/face.unt.edu.ar\/web\/wp-content\/uploads\/2022\/09\/IMG-20220913-WA0048-212x300.jpg 212w, https:\/\/face.unt.edu.ar\/web\/wp-content\/uploads\/2022\/09\/IMG-20220913-WA0048-723x1024.jpg 723w, https:\/\/face.unt.edu.ar\/web\/wp-content\/uploads\/2022\/09\/IMG-20220913-WA0048-768x1087.jpg 768w, https:\/\/face.unt.edu.ar\/web\/wp-content\/uploads\/2022\/09\/IMG-20220913-WA0048-696x985.jpg 696w, https:\/\/face.unt.edu.ar\/web\/wp-content\/uploads\/2022\/09\/IMG-20220913-WA0048-297x420.jpg 297w, https:\/\/face.unt.edu.ar\/web\/wp-content\/uploads\/2022\/09\/IMG-20220913-WA0048-593x840.jpg 593w, https:\/\/face.unt.edu.ar\/web\/wp-content\/uploads\/2022\/09\/IMG-20220913-WA0048.jpg 904w\" sizes=\"(max-width: 524px) 100vw, 524px\" \/><\/p>\n","protected":false},"excerpt":{"rendered":"<p>Con nueva fecha, se realiza una nueva edici\u00f3n del Taller de Oratoria: T\u00e9cnicas para hablar en p\u00fablico, a cargo de\u00a0Locutora Nac. Lic. Gisele Arenas. Se dictar\u00e1 con\u00a0modalidad presencial\u00a0en nuestra\u00a0Facultad de Ciencias Econ\u00f3micas de la UNT. Inicia el 17 de Septiembre\u00a0y se desarrollar\u00e1 durante 6 encuentros los s\u00e1bados de\u00a010:00 a 13:00 horas. Inversi\u00f3n: Publico General: $ [&hellip;]<\/p>\n","protected":false},"author":2,"featured_media":14815,"comment_status":"open","ping_status":"open","sticky":false,"template":"","format":"standard","meta":{"_et_pb_use_builder":"","_et_pb_old_content":"","_et_gb_content_width":"","footnotes":""},"categories":[4],"tags":[],"_links":{"self":[{"href":"https:\/\/face.unt.edu.ar\/web\/wp-json\/wp\/v2\/posts\/14802"}],"collection":[{"href":"https:\/\/face.unt.edu.ar\/web\/wp-json\/wp\/v2\/posts"}],"about":[{"href":"https:\/\/face.unt.edu.ar\/web\/wp-json\/wp\/v2\/types\/post"}],"author":[{"embeddable":true,"href":"https:\/\/face.unt.edu.ar\/web\/wp-json\/wp\/v2\/users\/2"}],"replies":[{"embeddable":true,"href":"https:\/\/face.unt.edu.ar\/web\/wp-json\/wp\/v2\/comments?post=14802"}],"version-history":[{"count":3,"href":"https:\/\/face.unt.edu.ar\/web\/wp-json\/wp\/v2\/posts\/14802\/revisions"}],"predecessor-version":[{"id":14817,"href":"https:\/\/face.unt.edu.ar\/web\/wp-json\/wp\/v2\/posts\/14802\/revisions\/14817"}],"wp:featuredmedia":[{"embeddable":true,"href":"https:\/\/face.unt.edu.ar\/web\/wp-json\/wp\/v2\/media\/14815"}],"wp:attachment":[{"href":"https:\/\/face.unt.edu.ar\/web\/wp-json\/wp\/v2\/media?parent=14802"}],"wp:term":[{"taxonomy":"category","embeddable":true,"href":"https:\/\/face.unt.edu.ar\/web\/wp-json\/wp\/v2\/categories?post=14802"},{"taxonomy":"post_tag","embeddable":true,"href":"https:\/\/face.unt.edu.ar\/web\/wp-json\/wp\/v2\/tags?post=14802"}],"curies":[{"name":"wp","href":"https:\/\/api.w.org\/{rel}","templated":true}]}}