{"id":14863,"date":"2022-09-21T15:25:19","date_gmt":"2022-09-21T15:25:19","guid":{"rendered":"https:\/\/face.unt.edu.ar\/web\/?p=14863"},"modified":"2022-09-21T15:25:19","modified_gmt":"2022-09-21T15:25:19","slug":"educacion-tributaria-para-estudiantes-avanzados-de-contador-publico-nacional","status":"publish","type":"post","link":"https:\/\/face.unt.edu.ar\/web\/blog\/educacion-tributaria-para-estudiantes-avanzados-de-contador-publico-nacional\/","title":{"rendered":"Educaci\u00f3n Tributaria para estudiantes avanzados de Contador P\u00fablico Nacional"},"content":{"rendered":"<p>Estudiantes de nuestra\u00a0<strong>Facultad de Ciencias Econ\u00f3micas de la UNT<\/strong>\u00a0participaron de un\u00a0<strong>Taller sobre Educaci\u00f3n Tributaria<\/strong>, que dict\u00f3 la\u00a0<strong>Dra. Cecilia Avellaneda<\/strong>, referente de Educaci\u00f3n Tributaria de\u00a0<strong>AFIP<\/strong>\u00a0regi\u00f3n Tucum\u00e1n.<\/p>\n<p>La actividad se realiz\u00f3 en el marco de la asignatura\u00a0<strong>Pr\u00e1ctica Profesional I<\/strong>\u00a0que tiene a su cargo el\u00a0<strong>Cr. Francisco\u00a0Mac\u00edas<\/strong>.<\/p>\n<p>Participaron estudiantes del \u00faltimo a\u00f1o de la carrera de\u00a0<strong>Contador P\u00fablico Nacional<\/strong>, que est\u00e1n cursando la materia.<\/p>\n<p>Adem\u00e1s, estuvieron presentes los dem\u00e1s docentes de la c\u00e1tedra\u00a0<strong>Cra. Gabriela Getar<\/strong>,\u00a0<strong>Cr. Jorge Bellomio<\/strong>\u00a0y\u00a0<strong>Cr. Joaqu\u00edn Garc\u00eda Cainzo<\/strong>.<\/p>\n<p>\u00c9sta es una materia que permite a los estudiantes pr\u00f3ximos a recibirse, que se vayan insertando en la profesi\u00f3n, ya que se desarrolla en empresas, estudios u organizaciones inscriptas en el padr\u00f3n de la Facultad, que los requiere para tareas afines a la carrera.<\/p>\n<p>Durante el a\u00f1o se realizan tambi\u00e9n actividades de capacitaci\u00f3n en tem\u00e1ticas relacionadas a la profesi\u00f3n de Contador, en este caso de AFIP que tiene dentro de las diversas acciones de su programa de educaci\u00f3n tributaria, actividades espec\u00edficas para los estudiantes de los \u00faltimos a\u00f1os de la carrera de CPN y que brinda conceptos b\u00e1sicos de lo que hace AFIP, muestra todas las funcionalidades de su p\u00e1gina Web y las \u00faltimas novedades en materia tributaria. Por otro lado, busca\u00a0\u00a0 introducir conciencia sobre la funci\u00f3n social que tienen los impuestos, conciencia tributaria que se considera necesaria para toda la ciudadan\u00eda.<\/p>\n<p>\u201cEn estos \u00e1mbitos siempre se generan ciertos debates en torno a la recaudaci\u00f3n de impuestos y a nosotros nos parece fundamental poder discutir para ver c\u00f3mo \u00a0avanzar hacia una sociedad m\u00e1s justa e igualitaria\u201d, expres\u00f3 la Dra. Avellaneda al referirse a la vista a nuestra Facultad.<\/p>\n<p><img decoding=\"async\" loading=\"lazy\" class=\"size-medium wp-image-14865 alignleft\" src=\"https:\/\/face.unt.edu.ar\/web\/wp-content\/uploads\/2022\/09\/P1430737-300x168.jpg\" alt=\"\" width=\"300\" height=\"168\" srcset=\"https:\/\/face.unt.edu.ar\/web\/wp-content\/uploads\/2022\/09\/P1430737-300x168.jpg 300w, https:\/\/face.unt.edu.ar\/web\/wp-content\/uploads\/2022\/09\/P1430737-768x431.jpg 768w, https:\/\/face.unt.edu.ar\/web\/wp-content\/uploads\/2022\/09\/P1430737-696x391.jpg 696w, https:\/\/face.unt.edu.ar\/web\/wp-content\/uploads\/2022\/09\/P1430737-749x420.jpg 749w, https:\/\/face.unt.edu.ar\/web\/wp-content\/uploads\/2022\/09\/P1430737.jpg 900w\" sizes=\"(max-width: 300px) 100vw, 300px\" \/> <img decoding=\"async\" loading=\"lazy\" class=\"size-medium wp-image-14870 alignleft\" src=\"https:\/\/face.unt.edu.ar\/web\/wp-content\/uploads\/2022\/09\/P1430759-300x168.jpg\" alt=\"\" width=\"300\" height=\"168\" srcset=\"https:\/\/face.unt.edu.ar\/web\/wp-content\/uploads\/2022\/09\/P1430759-300x168.jpg 300w, https:\/\/face.unt.edu.ar\/web\/wp-content\/uploads\/2022\/09\/P1430759-768x431.jpg 768w, https:\/\/face.unt.edu.ar\/web\/wp-content\/uploads\/2022\/09\/P1430759-696x391.jpg 696w, https:\/\/face.unt.edu.ar\/web\/wp-content\/uploads\/2022\/09\/P1430759-749x420.jpg 749w, https:\/\/face.unt.edu.ar\/web\/wp-content\/uploads\/2022\/09\/P1430759.jpg 900w\" sizes=\"(max-width: 300px) 100vw, 300px\" \/> <img decoding=\"async\" loading=\"lazy\" class=\"size-medium wp-image-14869 alignleft\" src=\"https:\/\/face.unt.edu.ar\/web\/wp-content\/uploads\/2022\/09\/P1430757-300x168.jpg\" alt=\"\" width=\"300\" height=\"168\" srcset=\"https:\/\/face.unt.edu.ar\/web\/wp-content\/uploads\/2022\/09\/P1430757-300x168.jpg 300w, https:\/\/face.unt.edu.ar\/web\/wp-content\/uploads\/2022\/09\/P1430757-768x431.jpg 768w, https:\/\/face.unt.edu.ar\/web\/wp-content\/uploads\/2022\/09\/P1430757-696x391.jpg 696w, https:\/\/face.unt.edu.ar\/web\/wp-content\/uploads\/2022\/09\/P1430757-749x420.jpg 749w, https:\/\/face.unt.edu.ar\/web\/wp-content\/uploads\/2022\/09\/P1430757.jpg 900w\" sizes=\"(max-width: 300px) 100vw, 300px\" \/> <img decoding=\"async\" loading=\"lazy\" class=\"size-medium wp-image-14867 alignleft\" src=\"https:\/\/face.unt.edu.ar\/web\/wp-content\/uploads\/2022\/09\/P1430741-300x168.jpg\" alt=\"\" width=\"300\" height=\"168\" srcset=\"https:\/\/face.unt.edu.ar\/web\/wp-content\/uploads\/2022\/09\/P1430741-300x168.jpg 300w, https:\/\/face.unt.edu.ar\/web\/wp-content\/uploads\/2022\/09\/P1430741-768x431.jpg 768w, https:\/\/face.unt.edu.ar\/web\/wp-content\/uploads\/2022\/09\/P1430741-696x391.jpg 696w, https:\/\/face.unt.edu.ar\/web\/wp-content\/uploads\/2022\/09\/P1430741-749x420.jpg 749w, https:\/\/face.unt.edu.ar\/web\/wp-content\/uploads\/2022\/09\/P1430741.jpg 900w\" sizes=\"(max-width: 300px) 100vw, 300px\" \/><\/p>\n","protected":false},"excerpt":{"rendered":"<p>Estudiantes de nuestra\u00a0Facultad de Ciencias Econ\u00f3micas de la UNT\u00a0participaron de un\u00a0Taller sobre Educaci\u00f3n Tributaria, que dict\u00f3 la\u00a0Dra. Cecilia Avellaneda, referente de Educaci\u00f3n Tributaria de\u00a0AFIP\u00a0regi\u00f3n Tucum\u00e1n. La actividad se realiz\u00f3 en el marco de la asignatura\u00a0Pr\u00e1ctica Profesional I\u00a0que tiene a su cargo el\u00a0Cr. Francisco\u00a0Mac\u00edas. Participaron estudiantes del \u00faltimo a\u00f1o de la carrera de\u00a0Contador P\u00fablico Nacional, que [&hellip;]<\/p>\n","protected":false},"author":2,"featured_media":14866,"comment_status":"open","ping_status":"open","sticky":false,"template":"","format":"standard","meta":{"_et_pb_use_builder":"","_et_pb_old_content":"","_et_gb_content_width":"","footnotes":""},"categories":[4],"tags":[416,879,999,998],"_links":{"self":[{"href":"https:\/\/face.unt.edu.ar\/web\/wp-json\/wp\/v2\/posts\/14863"}],"collection":[{"href":"https:\/\/face.unt.edu.ar\/web\/wp-json\/wp\/v2\/posts"}],"about":[{"href":"https:\/\/face.unt.edu.ar\/web\/wp-json\/wp\/v2\/types\/post"}],"author":[{"embeddable":true,"href":"https:\/\/face.unt.edu.ar\/web\/wp-json\/wp\/v2\/users\/2"}],"replies":[{"embeddable":true,"href":"https:\/\/face.unt.edu.ar\/web\/wp-json\/wp\/v2\/comments?post=14863"}],"version-history":[{"count":2,"href":"https:\/\/face.unt.edu.ar\/web\/wp-json\/wp\/v2\/posts\/14863\/revisions"}],"predecessor-version":[{"id":14871,"href":"https:\/\/face.unt.edu.ar\/web\/wp-json\/wp\/v2\/posts\/14863\/revisions\/14871"}],"wp:featuredmedia":[{"embeddable":true,"href":"https:\/\/face.unt.edu.ar\/web\/wp-json\/wp\/v2\/media\/14866"}],"wp:attachment":[{"href":"https:\/\/face.unt.edu.ar\/web\/wp-json\/wp\/v2\/media?parent=14863"}],"wp:term":[{"taxonomy":"category","embeddable":true,"href":"https:\/\/face.unt.edu.ar\/web\/wp-json\/wp\/v2\/categories?post=14863"},{"taxonomy":"post_tag","embeddable":true,"href":"https:\/\/face.unt.edu.ar\/web\/wp-json\/wp\/v2\/tags?post=14863"}],"curies":[{"name":"wp","href":"https:\/\/api.w.org\/{rel}","templated":true}]}}