{"id":14878,"date":"2022-09-22T11:56:57","date_gmt":"2022-09-22T11:56:57","guid":{"rendered":"https:\/\/face.unt.edu.ar\/web\/?p=14878"},"modified":"2022-09-22T12:37:37","modified_gmt":"2022-09-22T12:37:37","slug":"potenciando-nuestra-relacion-con-el-sector-empresario","status":"publish","type":"post","link":"https:\/\/face.unt.edu.ar\/web\/blog\/potenciando-nuestra-relacion-con-el-sector-empresario\/","title":{"rendered":"Potenciando nuestra relaci\u00f3n con el sector empresario"},"content":{"rendered":"<p>El<strong> decano, Mg. Jorge Rospide<\/strong> y el <strong>vicedecano, Esp. Gustavo Sota<\/strong>, recibieron en la sala del Honorable Consejo Directivo de nuestra Facultad de Ciencias Econ\u00f3micas de la UNT, a representantes de la <strong>empresa Bercovich.<\/strong><\/p>\n<p>Estuvieron presentes el <strong>Cr. Jos\u00e9 Luis Elorriaga<\/strong>, Gerente de Administraci\u00f3n y Finanzas de Bercovich; el <strong>Lic. Rodrigo S\u00e1nchez<\/strong>, Gerente de Recursos Humanos; y <strong>Roc\u00edo Campos<\/strong> del \u00c1rea de Recursos Humanos.<\/p>\n<p><a href=\"https:\/\/face.unt.edu.ar\/web\/wp-content\/uploads\/2022\/09\/2-7.jpg\"><img decoding=\"async\" loading=\"lazy\" class=\"alignnone size-medium wp-image-14883\" src=\"https:\/\/face.unt.edu.ar\/web\/wp-content\/uploads\/2022\/09\/2-7-300x169.jpg\" alt=\"\" width=\"300\" height=\"169\" srcset=\"https:\/\/face.unt.edu.ar\/web\/wp-content\/uploads\/2022\/09\/2-7-300x169.jpg 300w, https:\/\/face.unt.edu.ar\/web\/wp-content\/uploads\/2022\/09\/2-7-1024x576.jpg 1024w, https:\/\/face.unt.edu.ar\/web\/wp-content\/uploads\/2022\/09\/2-7-768x432.jpg 768w, https:\/\/face.unt.edu.ar\/web\/wp-content\/uploads\/2022\/09\/2-7-1536x863.jpg 1536w, https:\/\/face.unt.edu.ar\/web\/wp-content\/uploads\/2022\/09\/2-7-696x391.jpg 696w, https:\/\/face.unt.edu.ar\/web\/wp-content\/uploads\/2022\/09\/2-7-1392x782.jpg 1392w, https:\/\/face.unt.edu.ar\/web\/wp-content\/uploads\/2022\/09\/2-7-1068x600.jpg 1068w, https:\/\/face.unt.edu.ar\/web\/wp-content\/uploads\/2022\/09\/2-7-747x420.jpg 747w, https:\/\/face.unt.edu.ar\/web\/wp-content\/uploads\/2022\/09\/2-7-1495x840.jpg 1495w, https:\/\/face.unt.edu.ar\/web\/wp-content\/uploads\/2022\/09\/2-7-1920x1079.jpg 1920w, https:\/\/face.unt.edu.ar\/web\/wp-content\/uploads\/2022\/09\/2-7.jpg 2048w\" sizes=\"(max-width: 300px) 100vw, 300px\" \/><\/a> <a href=\"https:\/\/face.unt.edu.ar\/web\/wp-content\/uploads\/2022\/09\/4-4.jpg\"><img decoding=\"async\" loading=\"lazy\" class=\"alignnone size-medium wp-image-14884\" src=\"https:\/\/face.unt.edu.ar\/web\/wp-content\/uploads\/2022\/09\/4-4-300x169.jpg\" alt=\"\" width=\"300\" height=\"169\" srcset=\"https:\/\/face.unt.edu.ar\/web\/wp-content\/uploads\/2022\/09\/4-4-300x169.jpg 300w, https:\/\/face.unt.edu.ar\/web\/wp-content\/uploads\/2022\/09\/4-4-1024x576.jpg 1024w, https:\/\/face.unt.edu.ar\/web\/wp-content\/uploads\/2022\/09\/4-4-768x432.jpg 768w, https:\/\/face.unt.edu.ar\/web\/wp-content\/uploads\/2022\/09\/4-4-1536x863.jpg 1536w, https:\/\/face.unt.edu.ar\/web\/wp-content\/uploads\/2022\/09\/4-4-696x391.jpg 696w, https:\/\/face.unt.edu.ar\/web\/wp-content\/uploads\/2022\/09\/4-4-1392x782.jpg 1392w, https:\/\/face.unt.edu.ar\/web\/wp-content\/uploads\/2022\/09\/4-4-1068x600.jpg 1068w, https:\/\/face.unt.edu.ar\/web\/wp-content\/uploads\/2022\/09\/4-4-747x420.jpg 747w, https:\/\/face.unt.edu.ar\/web\/wp-content\/uploads\/2022\/09\/4-4-1495x840.jpg 1495w, https:\/\/face.unt.edu.ar\/web\/wp-content\/uploads\/2022\/09\/4-4-1920x1079.jpg 1920w, https:\/\/face.unt.edu.ar\/web\/wp-content\/uploads\/2022\/09\/4-4.jpg 2048w\" sizes=\"(max-width: 300px) 100vw, 300px\" \/><\/a><\/p>\n<p>Tambi\u00e9n particip\u00f3 del encuentro, el secretario de Gesti\u00f3n y Bienestar Universitario de nuestra Facultad,<strong> Esp. Enrique Garc\u00eda Kalat.<\/strong><\/p>\n<p>La reuni\u00f3n se realiz\u00f3 con el objetivo de generar sinergia entre las instituciones, reforzar el v\u00ednculo entre la Facultad y el sector privado, y coordinar acciones a futuro. Fue un encuentro muy fruct\u00edfero en el que el Decano coment\u00f3 el trabajo que vienen llevando adelante en el terreno acad\u00e9mico, tecnol\u00f3gico, de recursos humanos, e infraestructura.<\/p>\n<p><a href=\"https:\/\/face.unt.edu.ar\/web\/wp-content\/uploads\/2022\/09\/5-4.jpg\"><img decoding=\"async\" loading=\"lazy\" class=\"alignnone size-medium wp-image-14881\" src=\"https:\/\/face.unt.edu.ar\/web\/wp-content\/uploads\/2022\/09\/5-4-300x169.jpg\" alt=\"\" width=\"300\" height=\"169\" srcset=\"https:\/\/face.unt.edu.ar\/web\/wp-content\/uploads\/2022\/09\/5-4-300x169.jpg 300w, https:\/\/face.unt.edu.ar\/web\/wp-content\/uploads\/2022\/09\/5-4-1024x576.jpg 1024w, https:\/\/face.unt.edu.ar\/web\/wp-content\/uploads\/2022\/09\/5-4-768x432.jpg 768w, https:\/\/face.unt.edu.ar\/web\/wp-content\/uploads\/2022\/09\/5-4-1536x863.jpg 1536w, https:\/\/face.unt.edu.ar\/web\/wp-content\/uploads\/2022\/09\/5-4-696x391.jpg 696w, https:\/\/face.unt.edu.ar\/web\/wp-content\/uploads\/2022\/09\/5-4-1392x782.jpg 1392w, https:\/\/face.unt.edu.ar\/web\/wp-content\/uploads\/2022\/09\/5-4-1068x600.jpg 1068w, https:\/\/face.unt.edu.ar\/web\/wp-content\/uploads\/2022\/09\/5-4-747x420.jpg 747w, https:\/\/face.unt.edu.ar\/web\/wp-content\/uploads\/2022\/09\/5-4-1495x840.jpg 1495w, https:\/\/face.unt.edu.ar\/web\/wp-content\/uploads\/2022\/09\/5-4-1920x1079.jpg 1920w, https:\/\/face.unt.edu.ar\/web\/wp-content\/uploads\/2022\/09\/5-4.jpg 2048w\" sizes=\"(max-width: 300px) 100vw, 300px\" \/><\/a> <a href=\"https:\/\/face.unt.edu.ar\/web\/wp-content\/uploads\/2022\/09\/6-2.jpg\"><img decoding=\"async\" loading=\"lazy\" class=\"alignnone size-medium wp-image-14882\" src=\"https:\/\/face.unt.edu.ar\/web\/wp-content\/uploads\/2022\/09\/6-2-300x169.jpg\" alt=\"\" width=\"300\" height=\"169\" srcset=\"https:\/\/face.unt.edu.ar\/web\/wp-content\/uploads\/2022\/09\/6-2-300x169.jpg 300w, https:\/\/face.unt.edu.ar\/web\/wp-content\/uploads\/2022\/09\/6-2-1024x576.jpg 1024w, https:\/\/face.unt.edu.ar\/web\/wp-content\/uploads\/2022\/09\/6-2-768x432.jpg 768w, https:\/\/face.unt.edu.ar\/web\/wp-content\/uploads\/2022\/09\/6-2-1536x863.jpg 1536w, https:\/\/face.unt.edu.ar\/web\/wp-content\/uploads\/2022\/09\/6-2-696x391.jpg 696w, https:\/\/face.unt.edu.ar\/web\/wp-content\/uploads\/2022\/09\/6-2-1392x782.jpg 1392w, https:\/\/face.unt.edu.ar\/web\/wp-content\/uploads\/2022\/09\/6-2-1068x600.jpg 1068w, https:\/\/face.unt.edu.ar\/web\/wp-content\/uploads\/2022\/09\/6-2-747x420.jpg 747w, https:\/\/face.unt.edu.ar\/web\/wp-content\/uploads\/2022\/09\/6-2-1495x840.jpg 1495w, https:\/\/face.unt.edu.ar\/web\/wp-content\/uploads\/2022\/09\/6-2-1920x1079.jpg 1920w, https:\/\/face.unt.edu.ar\/web\/wp-content\/uploads\/2022\/09\/6-2.jpg 2048w\" sizes=\"(max-width: 300px) 100vw, 300px\" \/><\/a><\/p>\n<p>Adem\u00e1s, se refiri\u00f3 a los proyectos que tienen pensado implementar en los pr\u00f3ximos 4 a\u00f1os; y que tienen como finalidad aspirar a una Facultad flexible, moderna y adaptada a las nuevas demandas educativas.\u00a0 En ese sentido expres\u00f3: \u201cEstamos convencidos de que el estudiante que ingresa hoy es diferente a los anteriores. Hay un choque cultural, una cuesti\u00f3n generacional y tenemos que readaptarnos. Conocer qu\u00e9 demandan los j\u00f3venes y tambi\u00e9n las empresas. Hay que prepararse para esa nueva generaci\u00f3n que est\u00e1 ingresando, y para los nuevos requerimientos empresariales.\u201d<\/p>\n<p>Por su parte, el Vicedecano mencion\u00f3 que la UNT siempre se caracteriz\u00f3 por ser una instituci\u00f3n educativa pasiva, acostumbrada a que el estudiante sea el que se dirige a ella. Hoy, por el contrario, estamos ante un nuevo escenario, la Facultad debe salir al medio. Tenemos que pensar qu\u00e9 es lo que demanda la sociedad, y tambi\u00e9n, qu\u00e9 es lo que las empresas requieren, cu\u00e1les son los perfiles que solicitan. Nosotros tenemos un gran capital humano, por eso vale la pena hacer el contacto con ustedes para que conozcan nuestro capital humano\u201d.<\/p>\n<p><a href=\"https:\/\/face.unt.edu.ar\/web\/wp-content\/uploads\/2022\/09\/7-4.jpg\"><img decoding=\"async\" loading=\"lazy\" class=\"alignnone size-medium wp-image-14885\" src=\"https:\/\/face.unt.edu.ar\/web\/wp-content\/uploads\/2022\/09\/7-4-300x169.jpg\" alt=\"\" width=\"300\" height=\"169\" srcset=\"https:\/\/face.unt.edu.ar\/web\/wp-content\/uploads\/2022\/09\/7-4-300x169.jpg 300w, https:\/\/face.unt.edu.ar\/web\/wp-content\/uploads\/2022\/09\/7-4-1024x576.jpg 1024w, https:\/\/face.unt.edu.ar\/web\/wp-content\/uploads\/2022\/09\/7-4-768x432.jpg 768w, https:\/\/face.unt.edu.ar\/web\/wp-content\/uploads\/2022\/09\/7-4-1536x863.jpg 1536w, https:\/\/face.unt.edu.ar\/web\/wp-content\/uploads\/2022\/09\/7-4-696x391.jpg 696w, https:\/\/face.unt.edu.ar\/web\/wp-content\/uploads\/2022\/09\/7-4-1392x782.jpg 1392w, https:\/\/face.unt.edu.ar\/web\/wp-content\/uploads\/2022\/09\/7-4-1068x600.jpg 1068w, https:\/\/face.unt.edu.ar\/web\/wp-content\/uploads\/2022\/09\/7-4-747x420.jpg 747w, https:\/\/face.unt.edu.ar\/web\/wp-content\/uploads\/2022\/09\/7-4-1495x840.jpg 1495w, https:\/\/face.unt.edu.ar\/web\/wp-content\/uploads\/2022\/09\/7-4-1920x1079.jpg 1920w, https:\/\/face.unt.edu.ar\/web\/wp-content\/uploads\/2022\/09\/7-4.jpg 2048w\" sizes=\"(max-width: 300px) 100vw, 300px\" \/><\/a> <a href=\"https:\/\/face.unt.edu.ar\/web\/wp-content\/uploads\/2022\/09\/10-3.jpg\"><img decoding=\"async\" loading=\"lazy\" class=\"alignnone size-medium wp-image-14886\" src=\"https:\/\/face.unt.edu.ar\/web\/wp-content\/uploads\/2022\/09\/10-3-300x169.jpg\" alt=\"\" width=\"300\" height=\"169\" srcset=\"https:\/\/face.unt.edu.ar\/web\/wp-content\/uploads\/2022\/09\/10-3-300x169.jpg 300w, https:\/\/face.unt.edu.ar\/web\/wp-content\/uploads\/2022\/09\/10-3-1024x576.jpg 1024w, https:\/\/face.unt.edu.ar\/web\/wp-content\/uploads\/2022\/09\/10-3-768x432.jpg 768w, https:\/\/face.unt.edu.ar\/web\/wp-content\/uploads\/2022\/09\/10-3-1536x863.jpg 1536w, https:\/\/face.unt.edu.ar\/web\/wp-content\/uploads\/2022\/09\/10-3-696x391.jpg 696w, https:\/\/face.unt.edu.ar\/web\/wp-content\/uploads\/2022\/09\/10-3-1392x782.jpg 1392w, https:\/\/face.unt.edu.ar\/web\/wp-content\/uploads\/2022\/09\/10-3-1068x600.jpg 1068w, https:\/\/face.unt.edu.ar\/web\/wp-content\/uploads\/2022\/09\/10-3-747x420.jpg 747w, https:\/\/face.unt.edu.ar\/web\/wp-content\/uploads\/2022\/09\/10-3-1495x840.jpg 1495w, https:\/\/face.unt.edu.ar\/web\/wp-content\/uploads\/2022\/09\/10-3-1920x1079.jpg 1920w, https:\/\/face.unt.edu.ar\/web\/wp-content\/uploads\/2022\/09\/10-3.jpg 2048w\" sizes=\"(max-width: 300px) 100vw, 300px\" \/><\/a><\/p>\n<p>Por otro lado, el Cr. Jos\u00e9 Luis Elorriaga, se refiri\u00f3 a la importancia de que la Facultad siga generando estos espacios de encuentro, di\u00e1logo y vinculaci\u00f3n entre el sector p\u00fablico y privado. Son acciones que ayudan al crecimiento y progreso mutuo.<\/p>\n<p>Tambi\u00e9n, el Lic. Rodrigo S\u00e1nchez, habl\u00f3 de las nuevas preferencias de los j\u00f3venes al buscar trabajo: \u201cM\u00e1s all\u00e1 de la cuesti\u00f3n econ\u00f3mica y de la remuneraci\u00f3n, hoy los j\u00f3venes consideran trabajar en empresas que ofrezcan un valor agregado y que impulsen acciones tendientes al cuidado del medio ambiente\u201d. Adem\u00e1s, agreg\u00f3 que para las empresas es un prestigio contar con profesionales de la universidad p\u00fablica.<\/p>\n<p>Como cierre del encuentro, el Decano, agradeci\u00f3 la visita y se despidi\u00f3 diciendo: \u201cNuestra Facultad est\u00e1 abierta al sector empresarial, somos una Facultad con visi\u00f3n de empresa.\u00a0 Por eso, las puertas de nuestra instituci\u00f3n quedan abiertas y al servicio para lo que necesiten.\u201d<\/p>\n<p><a href=\"https:\/\/face.unt.edu.ar\/web\/wp-content\/uploads\/2022\/09\/3-5.jpg\"><img decoding=\"async\" loading=\"lazy\" class=\"alignnone size-medium wp-image-14887\" src=\"https:\/\/face.unt.edu.ar\/web\/wp-content\/uploads\/2022\/09\/3-5-300x169.jpg\" alt=\"\" width=\"300\" height=\"169\" srcset=\"https:\/\/face.unt.edu.ar\/web\/wp-content\/uploads\/2022\/09\/3-5-300x169.jpg 300w, https:\/\/face.unt.edu.ar\/web\/wp-content\/uploads\/2022\/09\/3-5-1024x576.jpg 1024w, https:\/\/face.unt.edu.ar\/web\/wp-content\/uploads\/2022\/09\/3-5-768x432.jpg 768w, https:\/\/face.unt.edu.ar\/web\/wp-content\/uploads\/2022\/09\/3-5-1536x863.jpg 1536w, https:\/\/face.unt.edu.ar\/web\/wp-content\/uploads\/2022\/09\/3-5-696x391.jpg 696w, https:\/\/face.unt.edu.ar\/web\/wp-content\/uploads\/2022\/09\/3-5-1392x782.jpg 1392w, https:\/\/face.unt.edu.ar\/web\/wp-content\/uploads\/2022\/09\/3-5-1068x600.jpg 1068w, https:\/\/face.unt.edu.ar\/web\/wp-content\/uploads\/2022\/09\/3-5-747x420.jpg 747w, https:\/\/face.unt.edu.ar\/web\/wp-content\/uploads\/2022\/09\/3-5-1495x840.jpg 1495w, https:\/\/face.unt.edu.ar\/web\/wp-content\/uploads\/2022\/09\/3-5-1920x1079.jpg 1920w, https:\/\/face.unt.edu.ar\/web\/wp-content\/uploads\/2022\/09\/3-5.jpg 2048w\" sizes=\"(max-width: 300px) 100vw, 300px\" \/><\/a> <a href=\"https:\/\/face.unt.edu.ar\/web\/wp-content\/uploads\/2022\/09\/7-5.jpg\"><img decoding=\"async\" loading=\"lazy\" class=\"alignnone size-medium wp-image-14888\" src=\"https:\/\/face.unt.edu.ar\/web\/wp-content\/uploads\/2022\/09\/7-5-300x169.jpg\" alt=\"\" width=\"300\" height=\"169\" srcset=\"https:\/\/face.unt.edu.ar\/web\/wp-content\/uploads\/2022\/09\/7-5-300x169.jpg 300w, https:\/\/face.unt.edu.ar\/web\/wp-content\/uploads\/2022\/09\/7-5-1024x576.jpg 1024w, https:\/\/face.unt.edu.ar\/web\/wp-content\/uploads\/2022\/09\/7-5-768x432.jpg 768w, https:\/\/face.unt.edu.ar\/web\/wp-content\/uploads\/2022\/09\/7-5-1536x863.jpg 1536w, https:\/\/face.unt.edu.ar\/web\/wp-content\/uploads\/2022\/09\/7-5-696x391.jpg 696w, https:\/\/face.unt.edu.ar\/web\/wp-content\/uploads\/2022\/09\/7-5-1392x782.jpg 1392w, https:\/\/face.unt.edu.ar\/web\/wp-content\/uploads\/2022\/09\/7-5-1068x600.jpg 1068w, https:\/\/face.unt.edu.ar\/web\/wp-content\/uploads\/2022\/09\/7-5-747x420.jpg 747w, https:\/\/face.unt.edu.ar\/web\/wp-content\/uploads\/2022\/09\/7-5-1495x840.jpg 1495w, https:\/\/face.unt.edu.ar\/web\/wp-content\/uploads\/2022\/09\/7-5-1920x1079.jpg 1920w, https:\/\/face.unt.edu.ar\/web\/wp-content\/uploads\/2022\/09\/7-5.jpg 2048w\" sizes=\"(max-width: 300px) 100vw, 300px\" \/><\/a><\/p>\n","protected":false},"excerpt":{"rendered":"<p>El decano, Mg. Jorge Rospide y el vicedecano, Esp. Gustavo Sota, recibieron en la sala del Honorable Consejo Directivo de nuestra Facultad de Ciencias Econ\u00f3micas de la UNT, a representantes de la empresa Bercovich. Estuvieron presentes el Cr. Jos\u00e9 Luis Elorriaga, Gerente de Administraci\u00f3n y Finanzas de Bercovich; el Lic. Rodrigo S\u00e1nchez, Gerente de Recursos [&hellip;]<\/p>\n","protected":false},"author":123457,"featured_media":14880,"comment_status":"open","ping_status":"open","sticky":false,"template":"","format":"standard","meta":{"_et_pb_use_builder":"","_et_pb_old_content":"","_et_gb_content_width":"","footnotes":""},"categories":[4],"tags":[1002,376,856,1001,609,1000,24],"_links":{"self":[{"href":"https:\/\/face.unt.edu.ar\/web\/wp-json\/wp\/v2\/posts\/14878"}],"collection":[{"href":"https:\/\/face.unt.edu.ar\/web\/wp-json\/wp\/v2\/posts"}],"about":[{"href":"https:\/\/face.unt.edu.ar\/web\/wp-json\/wp\/v2\/types\/post"}],"author":[{"embeddable":true,"href":"https:\/\/face.unt.edu.ar\/web\/wp-json\/wp\/v2\/users\/123457"}],"replies":[{"embeddable":true,"href":"https:\/\/face.unt.edu.ar\/web\/wp-json\/wp\/v2\/comments?post=14878"}],"version-history":[{"count":3,"href":"https:\/\/face.unt.edu.ar\/web\/wp-json\/wp\/v2\/posts\/14878\/revisions"}],"predecessor-version":[{"id":14891,"href":"https:\/\/face.unt.edu.ar\/web\/wp-json\/wp\/v2\/posts\/14878\/revisions\/14891"}],"wp:featuredmedia":[{"embeddable":true,"href":"https:\/\/face.unt.edu.ar\/web\/wp-json\/wp\/v2\/media\/14880"}],"wp:attachment":[{"href":"https:\/\/face.unt.edu.ar\/web\/wp-json\/wp\/v2\/media?parent=14878"}],"wp:term":[{"taxonomy":"category","embeddable":true,"href":"https:\/\/face.unt.edu.ar\/web\/wp-json\/wp\/v2\/categories?post=14878"},{"taxonomy":"post_tag","embeddable":true,"href":"https:\/\/face.unt.edu.ar\/web\/wp-json\/wp\/v2\/tags?post=14878"}],"curies":[{"name":"wp","href":"https:\/\/api.w.org\/{rel}","templated":true}]}}