{"id":1489,"date":"2015-03-20T09:13:05","date_gmt":"2015-03-20T09:13:05","guid":{"rendered":"http:\/\/face.unt.edu.ar\/web\/?p=1489"},"modified":"2015-03-20T10:56:31","modified_gmt":"2015-03-20T10:56:31","slug":"convocatoria-2015-a-investigadores-catedra-alicia-moreau","status":"publish","type":"post","link":"https:\/\/face.unt.edu.ar\/web\/blog\/convocatoria-2015-a-investigadores-catedra-alicia-moreau\/","title":{"rendered":"Convocatoria 2015 a Investigadores, C\u00e1tedra \u00ab Alicia Moreau \u00bb"},"content":{"rendered":"<p>Del 16 de Marzo al 27 de Abril, convocatoria para proyectos de investigaci\u00f3n en Ciencias Exactas, Ciencias de la vida y de la Salud, Letras y Ciencias Humanas y Sociales.<!--more--><\/p>\n<p>Inaugurada en Buenos Aires el 10 de noviembre de 2011, C\u00e1tedra de cooperaci\u00f3n cient\u00edfica con la Argentina \u00ab Alicia Moreau \u00bb lleva el nombre de una figura emblem\u00e1tica de la lucha por la igualdad entre mujeres y hombres en la Argentina, causa a la que adhiere plenamente la Universidad Paris Diderot y que reivindica a trav\u00e9s de sus propias acciones e iniciativas.<\/p>\n<p>La c\u00e1tedra Alicia Moreau est\u00e1 destinada a financiar la estad\u00eda de un mes (viaje y vi\u00e1ticos) a investigadoras e investigadores de universidades o centros de investigaci\u00f3n en Argentina, que deseen desarrollar un proyecto de investigaci\u00f3n en cualquiera de los tres grandes campos disciplinares (Ciencias Exactas, Ciencias de la vida y de la Salud, Letras y Ciencias Humanas y Sociales) en el seno de un equipo de investigaci\u00f3n de la Universidad Paris Diderot.<\/p>\n<p>La convocatoria est\u00e1 abierta desde el 16 de marzo. La fecha l\u00edmite de env\u00edo de proyecto es el 17 de abril 2015.<\/p>\n<p>Las investigadoras e investigadores que deseen presentar su candidatura deben enviar un expediente con los siguientes documentos:<br \/>\n\u00b7 un proyecto de investigaci\u00f3n para su estad\u00eda (2 o 3 p\u00e1ginas en franc\u00e9s)<br \/>\n\u00b7 un CV<br \/>\n\u00b7 una carta de invitaci\u00f3n del director del laboratorio dentro del cual el candidato desee realizar sus investigaciones<\/p>\n<p>Las candidaturas deben ser transmitidas a la siguiente direcci\u00f3n electr\u00f3nica chaire.aliciamoreau@univ-paris-diderot.fr<\/p>\n<p>Los criterios de selecci\u00f3n son los siguientes:<br \/>\nCalidad cient\u00edfica de la candidatura; inter\u00e9s de la cooperaci\u00f3n entre los dos laboratorios; inserci\u00f3n del proyecto dentro de una pol\u00edtica de cooperaci\u00f3n de mediano\/largo plazo (presentaciones a licitaciones de programas bi-nacionales o montaje de programas pedag\u00f3gicos), el respeto del equilibrio mujereshombres y de la alternancia entre los tres sectores (Ciencias exactas, Ciencias de la vida y de la salud, Ciencias Humanas y Sociales)<\/p>\n<p>Los resultados ser\u00e1n comunicados a fines de junio 2015, para una invitaci\u00f3n que se har\u00e1 efectiva durante el a\u00f1o 2016.<br \/>\nPara m\u00e1s informaciones:<a href=\"http:\/\/http:\/\/www.univ-paris-diderot.fr\/sc\/site.php?bc=accueil&amp;np=pageActu&amp;ref=7069%20\">\u00a0<b>http:\/\/www.univ-paris-diderot.fr\/sc\/site.php?bc=accueil&amp;np=pageActu&amp;ref=7069<\/b><span style=\"color: #444444\"><b>\u00a0<\/b><\/span><\/a><\/p>\n","protected":false},"excerpt":{"rendered":"<p>Del 16 de Marzo al 27 de Abril, convocatoria para proyectos de investigaci\u00f3n en Ciencias Exactas, Ciencias de la vida y de la Salud, Letras y Ciencias Humanas y Sociales.<\/p>\n","protected":false},"author":2,"featured_media":1491,"comment_status":"open","ping_status":"open","sticky":false,"template":"","format":"standard","meta":{"_et_pb_use_builder":"","_et_pb_old_content":"","_et_gb_content_width":"","footnotes":""},"categories":[4],"tags":[],"_links":{"self":[{"href":"https:\/\/face.unt.edu.ar\/web\/wp-json\/wp\/v2\/posts\/1489"}],"collection":[{"href":"https:\/\/face.unt.edu.ar\/web\/wp-json\/wp\/v2\/posts"}],"about":[{"href":"https:\/\/face.unt.edu.ar\/web\/wp-json\/wp\/v2\/types\/post"}],"author":[{"embeddable":true,"href":"https:\/\/face.unt.edu.ar\/web\/wp-json\/wp\/v2\/users\/2"}],"replies":[{"embeddable":true,"href":"https:\/\/face.unt.edu.ar\/web\/wp-json\/wp\/v2\/comments?post=1489"}],"version-history":[{"count":2,"href":"https:\/\/face.unt.edu.ar\/web\/wp-json\/wp\/v2\/posts\/1489\/revisions"}],"predecessor-version":[{"id":1492,"href":"https:\/\/face.unt.edu.ar\/web\/wp-json\/wp\/v2\/posts\/1489\/revisions\/1492"}],"wp:featuredmedia":[{"embeddable":true,"href":"https:\/\/face.unt.edu.ar\/web\/wp-json\/wp\/v2\/media\/1491"}],"wp:attachment":[{"href":"https:\/\/face.unt.edu.ar\/web\/wp-json\/wp\/v2\/media?parent=1489"}],"wp:term":[{"taxonomy":"category","embeddable":true,"href":"https:\/\/face.unt.edu.ar\/web\/wp-json\/wp\/v2\/categories?post=1489"},{"taxonomy":"post_tag","embeddable":true,"href":"https:\/\/face.unt.edu.ar\/web\/wp-json\/wp\/v2\/tags?post=1489"}],"curies":[{"name":"wp","href":"https:\/\/api.w.org\/{rel}","templated":true}]}}