{"id":14906,"date":"2022-09-23T14:09:39","date_gmt":"2022-09-23T14:09:39","guid":{"rendered":"https:\/\/face.unt.edu.ar\/web\/?p=14906"},"modified":"2022-09-23T14:09:39","modified_gmt":"2022-09-23T14:09:39","slug":"hacia-una-facultad-mas-conectada","status":"publish","type":"post","link":"https:\/\/face.unt.edu.ar\/web\/blog\/hacia-una-facultad-mas-conectada\/","title":{"rendered":"Hacia una Facultad m\u00e1s conectada"},"content":{"rendered":"<p>A fin de continuar con el\u00a0<strong>Plan de Modernizaci\u00f3n de Aulas y Anfiteatros<\/strong>\u00a0de nuestra\u00a0<strong>Facultad de Ciencias Econ\u00f3micas de la UNT<\/strong>, se realiz\u00f3 la instalaci\u00f3n de la red\u00a0<strong>Wi-Fi<\/strong>\u00a0en los\u00a0<strong>Anfiteatros A3 y A4<\/strong>.<\/p>\n<p>Estas acciones forman parte de la agenda de las autoridades de nuestra instituci\u00f3n, y es afrontada con los recursos financieros de la Asociaci\u00f3n Cooperadora de la FACE, con el prop\u00f3sito de brindar m\u00e1s servicios a los miembros de nuestra Comunidad.<\/p>\n<p><img decoding=\"async\" loading=\"lazy\" class=\"aligncenter  wp-image-14910\" src=\"https:\/\/face.unt.edu.ar\/web\/wp-content\/uploads\/2022\/09\/IMG-20220923-WA0036-300x169.jpg\" alt=\"\" width=\"429\" height=\"242\" srcset=\"https:\/\/face.unt.edu.ar\/web\/wp-content\/uploads\/2022\/09\/IMG-20220923-WA0036-300x169.jpg 300w, https:\/\/face.unt.edu.ar\/web\/wp-content\/uploads\/2022\/09\/IMG-20220923-WA0036-1024x577.jpg 1024w, https:\/\/face.unt.edu.ar\/web\/wp-content\/uploads\/2022\/09\/IMG-20220923-WA0036-768x432.jpg 768w, https:\/\/face.unt.edu.ar\/web\/wp-content\/uploads\/2022\/09\/IMG-20220923-WA0036-1536x865.jpg 1536w, https:\/\/face.unt.edu.ar\/web\/wp-content\/uploads\/2022\/09\/IMG-20220923-WA0036-696x392.jpg 696w, https:\/\/face.unt.edu.ar\/web\/wp-content\/uploads\/2022\/09\/IMG-20220923-WA0036-1392x784.jpg 1392w, https:\/\/face.unt.edu.ar\/web\/wp-content\/uploads\/2022\/09\/IMG-20220923-WA0036-1068x601.jpg 1068w, https:\/\/face.unt.edu.ar\/web\/wp-content\/uploads\/2022\/09\/IMG-20220923-WA0036-746x420.jpg 746w, https:\/\/face.unt.edu.ar\/web\/wp-content\/uploads\/2022\/09\/IMG-20220923-WA0036-1492x840.jpg 1492w, https:\/\/face.unt.edu.ar\/web\/wp-content\/uploads\/2022\/09\/IMG-20220923-WA0036.jpg 1600w\" sizes=\"(max-width: 429px) 100vw, 429px\" \/><\/p>\n<p><img decoding=\"async\" loading=\"lazy\" class=\"size-medium wp-image-14909 alignleft\" src=\"https:\/\/face.unt.edu.ar\/web\/wp-content\/uploads\/2022\/09\/IMG-20220923-WA0035-300x169.jpg\" alt=\"\" width=\"300\" height=\"169\" srcset=\"https:\/\/face.unt.edu.ar\/web\/wp-content\/uploads\/2022\/09\/IMG-20220923-WA0035-300x169.jpg 300w, https:\/\/face.unt.edu.ar\/web\/wp-content\/uploads\/2022\/09\/IMG-20220923-WA0035-1024x577.jpg 1024w, https:\/\/face.unt.edu.ar\/web\/wp-content\/uploads\/2022\/09\/IMG-20220923-WA0035-768x432.jpg 768w, https:\/\/face.unt.edu.ar\/web\/wp-content\/uploads\/2022\/09\/IMG-20220923-WA0035-1536x865.jpg 1536w, https:\/\/face.unt.edu.ar\/web\/wp-content\/uploads\/2022\/09\/IMG-20220923-WA0035-696x392.jpg 696w, https:\/\/face.unt.edu.ar\/web\/wp-content\/uploads\/2022\/09\/IMG-20220923-WA0035-1392x784.jpg 1392w, https:\/\/face.unt.edu.ar\/web\/wp-content\/uploads\/2022\/09\/IMG-20220923-WA0035-1068x601.jpg 1068w, https:\/\/face.unt.edu.ar\/web\/wp-content\/uploads\/2022\/09\/IMG-20220923-WA0035-746x420.jpg 746w, https:\/\/face.unt.edu.ar\/web\/wp-content\/uploads\/2022\/09\/IMG-20220923-WA0035-1492x840.jpg 1492w, https:\/\/face.unt.edu.ar\/web\/wp-content\/uploads\/2022\/09\/IMG-20220923-WA0035.jpg 1600w\" sizes=\"(max-width: 300px) 100vw, 300px\" \/> <img decoding=\"async\" loading=\"lazy\" class=\"size-medium wp-image-14908 alignleft\" src=\"https:\/\/face.unt.edu.ar\/web\/wp-content\/uploads\/2022\/09\/IMG-20220923-WA0032-300x169.jpg\" alt=\"\" width=\"300\" height=\"169\" srcset=\"https:\/\/face.unt.edu.ar\/web\/wp-content\/uploads\/2022\/09\/IMG-20220923-WA0032-300x169.jpg 300w, https:\/\/face.unt.edu.ar\/web\/wp-content\/uploads\/2022\/09\/IMG-20220923-WA0032-1024x577.jpg 1024w, https:\/\/face.unt.edu.ar\/web\/wp-content\/uploads\/2022\/09\/IMG-20220923-WA0032-768x432.jpg 768w, https:\/\/face.unt.edu.ar\/web\/wp-content\/uploads\/2022\/09\/IMG-20220923-WA0032-1536x865.jpg 1536w, https:\/\/face.unt.edu.ar\/web\/wp-content\/uploads\/2022\/09\/IMG-20220923-WA0032-696x392.jpg 696w, https:\/\/face.unt.edu.ar\/web\/wp-content\/uploads\/2022\/09\/IMG-20220923-WA0032-1392x784.jpg 1392w, https:\/\/face.unt.edu.ar\/web\/wp-content\/uploads\/2022\/09\/IMG-20220923-WA0032-1068x601.jpg 1068w, https:\/\/face.unt.edu.ar\/web\/wp-content\/uploads\/2022\/09\/IMG-20220923-WA0032-746x420.jpg 746w, https:\/\/face.unt.edu.ar\/web\/wp-content\/uploads\/2022\/09\/IMG-20220923-WA0032-1492x840.jpg 1492w, https:\/\/face.unt.edu.ar\/web\/wp-content\/uploads\/2022\/09\/IMG-20220923-WA0032.jpg 1600w\" sizes=\"(max-width: 300px) 100vw, 300px\" \/><\/p>\n<p><img decoding=\"async\" loading=\"lazy\" class=\"aligncenter  wp-image-14911\" src=\"https:\/\/face.unt.edu.ar\/web\/wp-content\/uploads\/2022\/09\/image01-1-225x300.jpg\" alt=\"\" width=\"298\" height=\"397\" srcset=\"https:\/\/face.unt.edu.ar\/web\/wp-content\/uploads\/2022\/09\/image01-1-225x300.jpg 225w, https:\/\/face.unt.edu.ar\/web\/wp-content\/uploads\/2022\/09\/image01-1-768x1024.jpg 768w, https:\/\/face.unt.edu.ar\/web\/wp-content\/uploads\/2022\/09\/image01-1-696x928.jpg 696w, https:\/\/face.unt.edu.ar\/web\/wp-content\/uploads\/2022\/09\/image01-1-315x420.jpg 315w, https:\/\/face.unt.edu.ar\/web\/wp-content\/uploads\/2022\/09\/image01-1-630x840.jpg 630w, https:\/\/face.unt.edu.ar\/web\/wp-content\/uploads\/2022\/09\/image01-1.jpg 900w\" sizes=\"(max-width: 298px) 100vw, 298px\" \/><\/p>\n<p>&nbsp;<\/p>\n","protected":false},"excerpt":{"rendered":"<p>A fin de continuar con el\u00a0Plan de Modernizaci\u00f3n de Aulas y Anfiteatros\u00a0de nuestra\u00a0Facultad de Ciencias Econ\u00f3micas de la UNT, se realiz\u00f3 la instalaci\u00f3n de la red\u00a0Wi-Fi\u00a0en los\u00a0Anfiteatros A3 y A4. Estas acciones forman parte de la agenda de las autoridades de nuestra instituci\u00f3n, y es afrontada con los recursos financieros de la Asociaci\u00f3n Cooperadora de [&hellip;]<\/p>\n","protected":false},"author":2,"featured_media":14907,"comment_status":"open","ping_status":"open","sticky":false,"template":"","format":"standard","meta":{"_et_pb_use_builder":"","_et_pb_old_content":"","_et_gb_content_width":"","footnotes":""},"categories":[4],"tags":[36,389,1004],"_links":{"self":[{"href":"https:\/\/face.unt.edu.ar\/web\/wp-json\/wp\/v2\/posts\/14906"}],"collection":[{"href":"https:\/\/face.unt.edu.ar\/web\/wp-json\/wp\/v2\/posts"}],"about":[{"href":"https:\/\/face.unt.edu.ar\/web\/wp-json\/wp\/v2\/types\/post"}],"author":[{"embeddable":true,"href":"https:\/\/face.unt.edu.ar\/web\/wp-json\/wp\/v2\/users\/2"}],"replies":[{"embeddable":true,"href":"https:\/\/face.unt.edu.ar\/web\/wp-json\/wp\/v2\/comments?post=14906"}],"version-history":[{"count":1,"href":"https:\/\/face.unt.edu.ar\/web\/wp-json\/wp\/v2\/posts\/14906\/revisions"}],"predecessor-version":[{"id":14912,"href":"https:\/\/face.unt.edu.ar\/web\/wp-json\/wp\/v2\/posts\/14906\/revisions\/14912"}],"wp:featuredmedia":[{"embeddable":true,"href":"https:\/\/face.unt.edu.ar\/web\/wp-json\/wp\/v2\/media\/14907"}],"wp:attachment":[{"href":"https:\/\/face.unt.edu.ar\/web\/wp-json\/wp\/v2\/media?parent=14906"}],"wp:term":[{"taxonomy":"category","embeddable":true,"href":"https:\/\/face.unt.edu.ar\/web\/wp-json\/wp\/v2\/categories?post=14906"},{"taxonomy":"post_tag","embeddable":true,"href":"https:\/\/face.unt.edu.ar\/web\/wp-json\/wp\/v2\/tags?post=14906"}],"curies":[{"name":"wp","href":"https:\/\/api.w.org\/{rel}","templated":true}]}}