{"id":14935,"date":"2022-09-26T16:41:26","date_gmt":"2022-09-26T16:41:26","guid":{"rendered":"https:\/\/face.unt.edu.ar\/web\/?p=14935"},"modified":"2022-09-26T16:41:26","modified_gmt":"2022-09-26T16:41:26","slug":"graduados-de-nuestra-facultad-recibieron-su-titulo-universitario-2","status":"publish","type":"post","link":"https:\/\/face.unt.edu.ar\/web\/blog\/graduados-de-nuestra-facultad-recibieron-su-titulo-universitario-2\/","title":{"rendered":"Graduados de nuestra Facultad recibieron su t\u00edtulo universitario"},"content":{"rendered":"<p>Con gran entusiasmo <strong>40 graduados de nuestra Facultad<\/strong> recibieron su t\u00edtulo universitario de Contador\/a P\u00fablico Nacional, Licenciados\/as en Administraci\u00f3n y Licenciados\/as en Econom\u00eda.<\/p>\n<p>El acto de Colaci\u00f3n de Grado se realiz\u00f3 el pasado viernes 23 de septiembre, en el Aula Magna de nuestra\u00a0<strong>Facultad de Ciencias Econ\u00f3micas de la UNT<\/strong>.<\/p>\n<p>Estuvo presidido por el decano,\u00a0<strong>Mg. Jorge Rospide<\/strong>\u00a0y el vicedecano,\u00a0<strong>Esp. Gustavo Sota<\/strong>, acompa\u00f1ados en el estrado por la secretaria Acad\u00e9mica de la Facultad,\u00a0<strong>Mg. Mar\u00eda Liliana Pacheco<\/strong>\u00a0y el secretario Administrativo, <strong>Lic. Luis P\u00e9rez Vides<\/strong>. Adem\u00e1s, cont\u00f3 con la presencia de la vicepresidenta\u00a0del Colegio de Graduados en Ciencias Econ\u00f3micas de Tucum\u00e1n,\u00a0<strong>Cra. \u00c9rica St\u00f6kl<\/strong>, y representantes de la Comisi\u00f3n de J\u00f3venes Profesionales.<\/p>\n<p>La ceremonia fue muy emotiva y cont\u00f3 con una gran convocatoria de familiares y allegados de los flamantes graduados.<\/p>\n<p><a href=\"https:\/\/face.unt.edu.ar\/web\/wp-content\/uploads\/2022\/09\/2-9.jpg\"><img decoding=\"async\" loading=\"lazy\" class=\"alignnone size-medium wp-image-14938\" src=\"https:\/\/face.unt.edu.ar\/web\/wp-content\/uploads\/2022\/09\/2-9-300x169.jpg\" alt=\"\" width=\"300\" height=\"169\" srcset=\"https:\/\/face.unt.edu.ar\/web\/wp-content\/uploads\/2022\/09\/2-9-300x169.jpg 300w, https:\/\/face.unt.edu.ar\/web\/wp-content\/uploads\/2022\/09\/2-9-1024x576.jpg 1024w, https:\/\/face.unt.edu.ar\/web\/wp-content\/uploads\/2022\/09\/2-9-768x432.jpg 768w, https:\/\/face.unt.edu.ar\/web\/wp-content\/uploads\/2022\/09\/2-9-1536x863.jpg 1536w, https:\/\/face.unt.edu.ar\/web\/wp-content\/uploads\/2022\/09\/2-9-696x391.jpg 696w, https:\/\/face.unt.edu.ar\/web\/wp-content\/uploads\/2022\/09\/2-9-1392x782.jpg 1392w, https:\/\/face.unt.edu.ar\/web\/wp-content\/uploads\/2022\/09\/2-9-1068x600.jpg 1068w, https:\/\/face.unt.edu.ar\/web\/wp-content\/uploads\/2022\/09\/2-9-747x420.jpg 747w, https:\/\/face.unt.edu.ar\/web\/wp-content\/uploads\/2022\/09\/2-9-1495x840.jpg 1495w, https:\/\/face.unt.edu.ar\/web\/wp-content\/uploads\/2022\/09\/2-9-1920x1079.jpg 1920w, https:\/\/face.unt.edu.ar\/web\/wp-content\/uploads\/2022\/09\/2-9.jpg 2048w\" sizes=\"(max-width: 300px) 100vw, 300px\" \/><\/a> <a href=\"https:\/\/face.unt.edu.ar\/web\/wp-content\/uploads\/2022\/09\/3-6.jpg\"><img decoding=\"async\" loading=\"lazy\" class=\"alignnone size-medium wp-image-14939\" src=\"https:\/\/face.unt.edu.ar\/web\/wp-content\/uploads\/2022\/09\/3-6-300x169.jpg\" alt=\"\" width=\"300\" height=\"169\" srcset=\"https:\/\/face.unt.edu.ar\/web\/wp-content\/uploads\/2022\/09\/3-6-300x169.jpg 300w, https:\/\/face.unt.edu.ar\/web\/wp-content\/uploads\/2022\/09\/3-6-1024x576.jpg 1024w, https:\/\/face.unt.edu.ar\/web\/wp-content\/uploads\/2022\/09\/3-6-768x432.jpg 768w, https:\/\/face.unt.edu.ar\/web\/wp-content\/uploads\/2022\/09\/3-6-1536x863.jpg 1536w, https:\/\/face.unt.edu.ar\/web\/wp-content\/uploads\/2022\/09\/3-6-696x391.jpg 696w, https:\/\/face.unt.edu.ar\/web\/wp-content\/uploads\/2022\/09\/3-6-1392x782.jpg 1392w, https:\/\/face.unt.edu.ar\/web\/wp-content\/uploads\/2022\/09\/3-6-1068x600.jpg 1068w, https:\/\/face.unt.edu.ar\/web\/wp-content\/uploads\/2022\/09\/3-6-747x420.jpg 747w, https:\/\/face.unt.edu.ar\/web\/wp-content\/uploads\/2022\/09\/3-6-1495x840.jpg 1495w, https:\/\/face.unt.edu.ar\/web\/wp-content\/uploads\/2022\/09\/3-6-1920x1079.jpg 1920w, https:\/\/face.unt.edu.ar\/web\/wp-content\/uploads\/2022\/09\/3-6.jpg 2048w\" sizes=\"(max-width: 300px) 100vw, 300px\" \/><\/a><\/p>\n<p>El discurso estuvo a cargo del vicedecano, Esp. Gustavo Sota, quien se dirigi\u00f3 a los presentes expresando: \u201cD\u00edas como hoy nos enorgullecen, nos alegran y nos comprometen como instituci\u00f3n para seguir consolidando el prestigio que a lo largo de los a\u00f1os &#8211; ya son 75 a\u00f1os &#8211; nos han permitido que los egresados de nuestra Facultad demuestren en los distintos \u00e1mbitos de nuestra sociedad, la calidad educativa que han adquirido. Tambi\u00e9n, nos comprometen a mejorar y adaptarnos a los cambios permanentes y cada vez m\u00e1s acelerados que la realidad nos impone\u201d.<\/p>\n<p>Adem\u00e1s, desarroll\u00f3 algunos consejos y conceptos \u201cvirtuosos\u201d como audacia, procrastinar, \u00a0zonas de confort, ambientes laborales, la cultura del error, personalismo y humor, dirigidas especialmente para los graduados.<\/p>\n<p>Para finalizar dijo: \u201cNo teman a asumir desaf\u00edos que los saquen de la zona de confort, h\u00e1ganlo responsablemente con esfuerzos, sin dudas, eso ser\u00e1 suficiente y compensar\u00e1 la satisfacci\u00f3n posterior de haberlos afrontados\u2026 No estudiamos, investigamos o aplicamos el conocimiento como una parte separada de nuestra propia existencia, la vida forma parte de nuestro propio ser, no basta tener ideas, es necesario plasmarlas, t\u00e9ngalo siempre presente\u201d, concluy\u00f3.<\/p>\n<p>&nbsp;<\/p>\n<p><a href=\"https:\/\/face.unt.edu.ar\/web\/wp-content\/uploads\/2022\/09\/5-6.jpg\"><img decoding=\"async\" loading=\"lazy\" class=\"alignnone size-medium wp-image-14941\" src=\"https:\/\/face.unt.edu.ar\/web\/wp-content\/uploads\/2022\/09\/5-6-300x169.jpg\" alt=\"\" width=\"300\" height=\"169\" srcset=\"https:\/\/face.unt.edu.ar\/web\/wp-content\/uploads\/2022\/09\/5-6-300x169.jpg 300w, https:\/\/face.unt.edu.ar\/web\/wp-content\/uploads\/2022\/09\/5-6-1024x576.jpg 1024w, https:\/\/face.unt.edu.ar\/web\/wp-content\/uploads\/2022\/09\/5-6-768x432.jpg 768w, https:\/\/face.unt.edu.ar\/web\/wp-content\/uploads\/2022\/09\/5-6-1536x863.jpg 1536w, https:\/\/face.unt.edu.ar\/web\/wp-content\/uploads\/2022\/09\/5-6-696x391.jpg 696w, https:\/\/face.unt.edu.ar\/web\/wp-content\/uploads\/2022\/09\/5-6-1392x782.jpg 1392w, https:\/\/face.unt.edu.ar\/web\/wp-content\/uploads\/2022\/09\/5-6-1068x600.jpg 1068w, https:\/\/face.unt.edu.ar\/web\/wp-content\/uploads\/2022\/09\/5-6-747x420.jpg 747w, https:\/\/face.unt.edu.ar\/web\/wp-content\/uploads\/2022\/09\/5-6-1495x840.jpg 1495w, https:\/\/face.unt.edu.ar\/web\/wp-content\/uploads\/2022\/09\/5-6-1920x1079.jpg 1920w, https:\/\/face.unt.edu.ar\/web\/wp-content\/uploads\/2022\/09\/5-6.jpg 2048w\" sizes=\"(max-width: 300px) 100vw, 300px\" \/><\/a> <a href=\"https:\/\/face.unt.edu.ar\/web\/wp-content\/uploads\/2022\/09\/6-4.jpg\"><img decoding=\"async\" loading=\"lazy\" class=\"alignnone size-medium wp-image-14942\" src=\"https:\/\/face.unt.edu.ar\/web\/wp-content\/uploads\/2022\/09\/6-4-300x169.jpg\" alt=\"\" width=\"300\" height=\"169\" srcset=\"https:\/\/face.unt.edu.ar\/web\/wp-content\/uploads\/2022\/09\/6-4-300x169.jpg 300w, https:\/\/face.unt.edu.ar\/web\/wp-content\/uploads\/2022\/09\/6-4-1024x576.jpg 1024w, https:\/\/face.unt.edu.ar\/web\/wp-content\/uploads\/2022\/09\/6-4-768x432.jpg 768w, https:\/\/face.unt.edu.ar\/web\/wp-content\/uploads\/2022\/09\/6-4-1536x863.jpg 1536w, https:\/\/face.unt.edu.ar\/web\/wp-content\/uploads\/2022\/09\/6-4-696x391.jpg 696w, https:\/\/face.unt.edu.ar\/web\/wp-content\/uploads\/2022\/09\/6-4-1392x782.jpg 1392w, https:\/\/face.unt.edu.ar\/web\/wp-content\/uploads\/2022\/09\/6-4-1068x600.jpg 1068w, https:\/\/face.unt.edu.ar\/web\/wp-content\/uploads\/2022\/09\/6-4-747x420.jpg 747w, https:\/\/face.unt.edu.ar\/web\/wp-content\/uploads\/2022\/09\/6-4-1495x840.jpg 1495w, https:\/\/face.unt.edu.ar\/web\/wp-content\/uploads\/2022\/09\/6-4-1920x1079.jpg 1920w, https:\/\/face.unt.edu.ar\/web\/wp-content\/uploads\/2022\/09\/6-4.jpg 2048w\" sizes=\"(max-width: 300px) 100vw, 300px\" \/><\/a><a href=\"https:\/\/face.unt.edu.ar\/web\/wp-content\/uploads\/2022\/09\/7-7.jpg\"><img decoding=\"async\" loading=\"lazy\" class=\"alignnone size-medium wp-image-14943\" src=\"https:\/\/face.unt.edu.ar\/web\/wp-content\/uploads\/2022\/09\/7-7-300x169.jpg\" alt=\"\" width=\"300\" height=\"169\" srcset=\"https:\/\/face.unt.edu.ar\/web\/wp-content\/uploads\/2022\/09\/7-7-300x169.jpg 300w, https:\/\/face.unt.edu.ar\/web\/wp-content\/uploads\/2022\/09\/7-7-1024x576.jpg 1024w, https:\/\/face.unt.edu.ar\/web\/wp-content\/uploads\/2022\/09\/7-7-768x432.jpg 768w, https:\/\/face.unt.edu.ar\/web\/wp-content\/uploads\/2022\/09\/7-7-1536x863.jpg 1536w, https:\/\/face.unt.edu.ar\/web\/wp-content\/uploads\/2022\/09\/7-7-696x391.jpg 696w, https:\/\/face.unt.edu.ar\/web\/wp-content\/uploads\/2022\/09\/7-7-1392x782.jpg 1392w, https:\/\/face.unt.edu.ar\/web\/wp-content\/uploads\/2022\/09\/7-7-1068x600.jpg 1068w, https:\/\/face.unt.edu.ar\/web\/wp-content\/uploads\/2022\/09\/7-7-747x420.jpg 747w, https:\/\/face.unt.edu.ar\/web\/wp-content\/uploads\/2022\/09\/7-7-1495x840.jpg 1495w, https:\/\/face.unt.edu.ar\/web\/wp-content\/uploads\/2022\/09\/7-7-1920x1079.jpg 1920w, https:\/\/face.unt.edu.ar\/web\/wp-content\/uploads\/2022\/09\/7-7.jpg 2048w\" sizes=\"(max-width: 300px) 100vw, 300px\" \/><\/a> <a href=\"https:\/\/face.unt.edu.ar\/web\/wp-content\/uploads\/2022\/09\/8-5.jpg\"><img decoding=\"async\" loading=\"lazy\" class=\"alignnone size-medium wp-image-14944\" src=\"https:\/\/face.unt.edu.ar\/web\/wp-content\/uploads\/2022\/09\/8-5-300x169.jpg\" alt=\"\" width=\"300\" height=\"169\" srcset=\"https:\/\/face.unt.edu.ar\/web\/wp-content\/uploads\/2022\/09\/8-5-300x169.jpg 300w, https:\/\/face.unt.edu.ar\/web\/wp-content\/uploads\/2022\/09\/8-5-1024x576.jpg 1024w, https:\/\/face.unt.edu.ar\/web\/wp-content\/uploads\/2022\/09\/8-5-768x432.jpg 768w, https:\/\/face.unt.edu.ar\/web\/wp-content\/uploads\/2022\/09\/8-5-1536x863.jpg 1536w, https:\/\/face.unt.edu.ar\/web\/wp-content\/uploads\/2022\/09\/8-5-696x391.jpg 696w, https:\/\/face.unt.edu.ar\/web\/wp-content\/uploads\/2022\/09\/8-5-1392x782.jpg 1392w, https:\/\/face.unt.edu.ar\/web\/wp-content\/uploads\/2022\/09\/8-5-1068x600.jpg 1068w, https:\/\/face.unt.edu.ar\/web\/wp-content\/uploads\/2022\/09\/8-5-747x420.jpg 747w, https:\/\/face.unt.edu.ar\/web\/wp-content\/uploads\/2022\/09\/8-5-1495x840.jpg 1495w, https:\/\/face.unt.edu.ar\/web\/wp-content\/uploads\/2022\/09\/8-5-1920x1079.jpg 1920w, https:\/\/face.unt.edu.ar\/web\/wp-content\/uploads\/2022\/09\/8-5.jpg 2048w\" sizes=\"(max-width: 300px) 100vw, 300px\" \/><\/a> <a href=\"https:\/\/face.unt.edu.ar\/web\/wp-content\/uploads\/2022\/09\/9-5.jpg\"><img decoding=\"async\" loading=\"lazy\" class=\"alignnone size-medium wp-image-14945\" src=\"https:\/\/face.unt.edu.ar\/web\/wp-content\/uploads\/2022\/09\/9-5-300x169.jpg\" alt=\"\" width=\"300\" height=\"169\" srcset=\"https:\/\/face.unt.edu.ar\/web\/wp-content\/uploads\/2022\/09\/9-5-300x169.jpg 300w, https:\/\/face.unt.edu.ar\/web\/wp-content\/uploads\/2022\/09\/9-5-1024x576.jpg 1024w, https:\/\/face.unt.edu.ar\/web\/wp-content\/uploads\/2022\/09\/9-5-768x432.jpg 768w, https:\/\/face.unt.edu.ar\/web\/wp-content\/uploads\/2022\/09\/9-5-1536x863.jpg 1536w, https:\/\/face.unt.edu.ar\/web\/wp-content\/uploads\/2022\/09\/9-5-696x391.jpg 696w, https:\/\/face.unt.edu.ar\/web\/wp-content\/uploads\/2022\/09\/9-5-1392x782.jpg 1392w, https:\/\/face.unt.edu.ar\/web\/wp-content\/uploads\/2022\/09\/9-5-1068x600.jpg 1068w, https:\/\/face.unt.edu.ar\/web\/wp-content\/uploads\/2022\/09\/9-5-747x420.jpg 747w, https:\/\/face.unt.edu.ar\/web\/wp-content\/uploads\/2022\/09\/9-5-1495x840.jpg 1495w, https:\/\/face.unt.edu.ar\/web\/wp-content\/uploads\/2022\/09\/9-5-1920x1079.jpg 1920w, https:\/\/face.unt.edu.ar\/web\/wp-content\/uploads\/2022\/09\/9-5.jpg 2048w\" sizes=\"(max-width: 300px) 100vw, 300px\" \/><\/a><a href=\"https:\/\/face.unt.edu.ar\/web\/wp-content\/uploads\/2022\/09\/10-5.jpg\"><img decoding=\"async\" loading=\"lazy\" class=\"alignnone size-medium wp-image-14946\" src=\"https:\/\/face.unt.edu.ar\/web\/wp-content\/uploads\/2022\/09\/10-5-300x169.jpg\" alt=\"\" width=\"300\" height=\"169\" srcset=\"https:\/\/face.unt.edu.ar\/web\/wp-content\/uploads\/2022\/09\/10-5-300x169.jpg 300w, https:\/\/face.unt.edu.ar\/web\/wp-content\/uploads\/2022\/09\/10-5-1024x576.jpg 1024w, https:\/\/face.unt.edu.ar\/web\/wp-content\/uploads\/2022\/09\/10-5-768x432.jpg 768w, https:\/\/face.unt.edu.ar\/web\/wp-content\/uploads\/2022\/09\/10-5-1536x863.jpg 1536w, https:\/\/face.unt.edu.ar\/web\/wp-content\/uploads\/2022\/09\/10-5-696x391.jpg 696w, https:\/\/face.unt.edu.ar\/web\/wp-content\/uploads\/2022\/09\/10-5-1392x782.jpg 1392w, https:\/\/face.unt.edu.ar\/web\/wp-content\/uploads\/2022\/09\/10-5-1068x600.jpg 1068w, https:\/\/face.unt.edu.ar\/web\/wp-content\/uploads\/2022\/09\/10-5-747x420.jpg 747w, https:\/\/face.unt.edu.ar\/web\/wp-content\/uploads\/2022\/09\/10-5-1495x840.jpg 1495w, https:\/\/face.unt.edu.ar\/web\/wp-content\/uploads\/2022\/09\/10-5-1920x1079.jpg 1920w, https:\/\/face.unt.edu.ar\/web\/wp-content\/uploads\/2022\/09\/10-5.jpg 2048w\" sizes=\"(max-width: 300px) 100vw, 300px\" \/><\/a><\/p>\n<p><a href=\"https:\/\/face.unt.edu.ar\/web\/wp-content\/uploads\/2022\/09\/4-6.jpg\"><img decoding=\"async\" loading=\"lazy\" class=\" wp-image-14940 aligncenter\" src=\"https:\/\/face.unt.edu.ar\/web\/wp-content\/uploads\/2022\/09\/4-6-300x169.jpg\" alt=\"\" width=\"371\" height=\"209\" srcset=\"https:\/\/face.unt.edu.ar\/web\/wp-content\/uploads\/2022\/09\/4-6-300x169.jpg 300w, https:\/\/face.unt.edu.ar\/web\/wp-content\/uploads\/2022\/09\/4-6-1024x577.jpg 1024w, https:\/\/face.unt.edu.ar\/web\/wp-content\/uploads\/2022\/09\/4-6-768x432.jpg 768w, https:\/\/face.unt.edu.ar\/web\/wp-content\/uploads\/2022\/09\/4-6-1536x865.jpg 1536w, https:\/\/face.unt.edu.ar\/web\/wp-content\/uploads\/2022\/09\/4-6-696x392.jpg 696w, https:\/\/face.unt.edu.ar\/web\/wp-content\/uploads\/2022\/09\/4-6-1392x784.jpg 1392w, https:\/\/face.unt.edu.ar\/web\/wp-content\/uploads\/2022\/09\/4-6-1068x601.jpg 1068w, https:\/\/face.unt.edu.ar\/web\/wp-content\/uploads\/2022\/09\/4-6-746x420.jpg 746w, https:\/\/face.unt.edu.ar\/web\/wp-content\/uploads\/2022\/09\/4-6-1492x840.jpg 1492w, https:\/\/face.unt.edu.ar\/web\/wp-content\/uploads\/2022\/09\/4-6-1920x1081.jpg 1920w, https:\/\/face.unt.edu.ar\/web\/wp-content\/uploads\/2022\/09\/4-6.jpg 2048w\" sizes=\"(max-width: 371px) 100vw, 371px\" \/><\/a><\/p>\n","protected":false},"excerpt":{"rendered":"<p>Con gran entusiasmo 40 graduados de nuestra Facultad recibieron su t\u00edtulo universitario de Contador\/a P\u00fablico Nacional, Licenciados\/as en Administraci\u00f3n y Licenciados\/as en Econom\u00eda. El acto de Colaci\u00f3n de Grado se realiz\u00f3 el pasado viernes 23 de septiembre, en el Aula Magna de nuestra\u00a0Facultad de Ciencias Econ\u00f3micas de la UNT. Estuvo presidido por el decano,\u00a0Mg. Jorge [&hellip;]<\/p>\n","protected":false},"author":123457,"featured_media":14936,"comment_status":"open","ping_status":"open","sticky":false,"template":"","format":"standard","meta":{"_et_pb_use_builder":"","_et_pb_old_content":"","_et_gb_content_width":"","footnotes":""},"categories":[4],"tags":[],"_links":{"self":[{"href":"https:\/\/face.unt.edu.ar\/web\/wp-json\/wp\/v2\/posts\/14935"}],"collection":[{"href":"https:\/\/face.unt.edu.ar\/web\/wp-json\/wp\/v2\/posts"}],"about":[{"href":"https:\/\/face.unt.edu.ar\/web\/wp-json\/wp\/v2\/types\/post"}],"author":[{"embeddable":true,"href":"https:\/\/face.unt.edu.ar\/web\/wp-json\/wp\/v2\/users\/123457"}],"replies":[{"embeddable":true,"href":"https:\/\/face.unt.edu.ar\/web\/wp-json\/wp\/v2\/comments?post=14935"}],"version-history":[{"count":2,"href":"https:\/\/face.unt.edu.ar\/web\/wp-json\/wp\/v2\/posts\/14935\/revisions"}],"predecessor-version":[{"id":14947,"href":"https:\/\/face.unt.edu.ar\/web\/wp-json\/wp\/v2\/posts\/14935\/revisions\/14947"}],"wp:featuredmedia":[{"embeddable":true,"href":"https:\/\/face.unt.edu.ar\/web\/wp-json\/wp\/v2\/media\/14936"}],"wp:attachment":[{"href":"https:\/\/face.unt.edu.ar\/web\/wp-json\/wp\/v2\/media?parent=14935"}],"wp:term":[{"taxonomy":"category","embeddable":true,"href":"https:\/\/face.unt.edu.ar\/web\/wp-json\/wp\/v2\/categories?post=14935"},{"taxonomy":"post_tag","embeddable":true,"href":"https:\/\/face.unt.edu.ar\/web\/wp-json\/wp\/v2\/tags?post=14935"}],"curies":[{"name":"wp","href":"https:\/\/api.w.org\/{rel}","templated":true}]}}