{"id":14973,"date":"2022-09-28T16:46:04","date_gmt":"2022-09-28T16:46:04","guid":{"rendered":"https:\/\/face.unt.edu.ar\/web\/?p=14973"},"modified":"2022-09-28T16:46:04","modified_gmt":"2022-09-28T16:46:04","slug":"la-experiencia-personal-y-la-formacion-profesional-se-conjugaron-en-una-masterclass-que-brindo-el-ph-d-victor-elias","status":"publish","type":"post","link":"https:\/\/face.unt.edu.ar\/web\/blog\/la-experiencia-personal-y-la-formacion-profesional-se-conjugaron-en-una-masterclass-que-brindo-el-ph-d-victor-elias\/","title":{"rendered":"La experiencia personal y la formaci\u00f3n profesional se conjugaron en una Masterclass que brind\u00f3 el Ph.D. V\u00edctor El\u00edas"},"content":{"rendered":"<p>Se realiz\u00f3 en nuestra Facultad, la Masterclass \u201cJacob Mincer: Su relevancia y su casilla llena de mensajes econ\u00f3micos\u201d, que brind\u00f3 el Ph.D. V\u00edctor El\u00edas.<\/p>\n<p>La clase magistral cont\u00f3 con la presencia de docentes y estudiantes de la carrera Licenciatura en Econom\u00eda que se dicta en esta Casa de Estudios. Fue organizada en el marco de la materia Econometr\u00eda, que tiene a su cargo la Dra. Ana Mar\u00eda Cerro.<\/p>\n<p style=\"text-align: center\"><a href=\"https:\/\/face.unt.edu.ar\/web\/wp-content\/uploads\/2022\/09\/2-10.jpg\"><img decoding=\"async\" loading=\"lazy\" class=\"alignnone  wp-image-14976\" src=\"https:\/\/face.unt.edu.ar\/web\/wp-content\/uploads\/2022\/09\/2-10-300x169.jpg\" alt=\"\" width=\"543\" height=\"306\" srcset=\"https:\/\/face.unt.edu.ar\/web\/wp-content\/uploads\/2022\/09\/2-10-300x169.jpg 300w, https:\/\/face.unt.edu.ar\/web\/wp-content\/uploads\/2022\/09\/2-10-1024x576.jpg 1024w, https:\/\/face.unt.edu.ar\/web\/wp-content\/uploads\/2022\/09\/2-10-768x432.jpg 768w, https:\/\/face.unt.edu.ar\/web\/wp-content\/uploads\/2022\/09\/2-10-1536x863.jpg 1536w, https:\/\/face.unt.edu.ar\/web\/wp-content\/uploads\/2022\/09\/2-10-696x391.jpg 696w, https:\/\/face.unt.edu.ar\/web\/wp-content\/uploads\/2022\/09\/2-10-1392x782.jpg 1392w, https:\/\/face.unt.edu.ar\/web\/wp-content\/uploads\/2022\/09\/2-10-1068x600.jpg 1068w, https:\/\/face.unt.edu.ar\/web\/wp-content\/uploads\/2022\/09\/2-10-747x420.jpg 747w, https:\/\/face.unt.edu.ar\/web\/wp-content\/uploads\/2022\/09\/2-10-1495x840.jpg 1495w, https:\/\/face.unt.edu.ar\/web\/wp-content\/uploads\/2022\/09\/2-10-1920x1079.jpg 1920w, https:\/\/face.unt.edu.ar\/web\/wp-content\/uploads\/2022\/09\/2-10.jpg 2048w\" sizes=\"(max-width: 543px) 100vw, 543px\" \/><\/a><\/p>\n<p>Durante su disertaci\u00f3n el Ph.D. El\u00edas abord\u00f3 conceptos referidos a la Ecuaci\u00f3n de Mincer (EM) en el mercado laboral y la econom\u00eda, y la relevancia de aplicar estos conceptos a la Argentina del 2022. Hizo una exposici\u00f3n sobre la teor\u00eda planteada por Mincer, conocido como uno de los padres de la econom\u00eda laboral moderna, y tambi\u00e9n comparti\u00f3 an\u00e9cdotas y aprendizajes de su estad\u00eda en Estados Unidos y de experiencias vividas con figuras de la econom\u00eda mundial que visitaron nuestra provincia.<\/p>\n<p>V\u00edctor Jorge El\u00edas obtuvo el Premio Konex 1996. Es Master of Arts y Ph.D. in Economics de la Universidad de Chicago, revalidado Doctor en Econom\u00eda en la Universidad Nacional de Tucum\u00e1n (UNT), 1972. Es Profesor Em\u00e9rito de la UNT y Doctor Honoris Causa de la Universidad del CEMA, 2016.<\/p>\n<p><a href=\"https:\/\/face.unt.edu.ar\/web\/wp-content\/uploads\/2022\/09\/4-7.jpg\"><img decoding=\"async\" loading=\"lazy\" class=\"alignnone size-medium wp-image-14977\" src=\"https:\/\/face.unt.edu.ar\/web\/wp-content\/uploads\/2022\/09\/4-7-300x169.jpg\" alt=\"\" width=\"300\" height=\"169\" srcset=\"https:\/\/face.unt.edu.ar\/web\/wp-content\/uploads\/2022\/09\/4-7-300x169.jpg 300w, https:\/\/face.unt.edu.ar\/web\/wp-content\/uploads\/2022\/09\/4-7-1024x576.jpg 1024w, https:\/\/face.unt.edu.ar\/web\/wp-content\/uploads\/2022\/09\/4-7-768x432.jpg 768w, https:\/\/face.unt.edu.ar\/web\/wp-content\/uploads\/2022\/09\/4-7-1536x863.jpg 1536w, https:\/\/face.unt.edu.ar\/web\/wp-content\/uploads\/2022\/09\/4-7-696x391.jpg 696w, https:\/\/face.unt.edu.ar\/web\/wp-content\/uploads\/2022\/09\/4-7-1392x782.jpg 1392w, https:\/\/face.unt.edu.ar\/web\/wp-content\/uploads\/2022\/09\/4-7-1068x600.jpg 1068w, https:\/\/face.unt.edu.ar\/web\/wp-content\/uploads\/2022\/09\/4-7-747x420.jpg 747w, https:\/\/face.unt.edu.ar\/web\/wp-content\/uploads\/2022\/09\/4-7-1495x840.jpg 1495w, https:\/\/face.unt.edu.ar\/web\/wp-content\/uploads\/2022\/09\/4-7-1920x1079.jpg 1920w, https:\/\/face.unt.edu.ar\/web\/wp-content\/uploads\/2022\/09\/4-7.jpg 2048w\" sizes=\"(max-width: 300px) 100vw, 300px\" \/><\/a> <a href=\"https:\/\/face.unt.edu.ar\/web\/wp-content\/uploads\/2022\/09\/10-6.jpg\"><img decoding=\"async\" loading=\"lazy\" class=\"alignnone size-medium wp-image-14978\" src=\"https:\/\/face.unt.edu.ar\/web\/wp-content\/uploads\/2022\/09\/10-6-300x169.jpg\" alt=\"\" width=\"300\" height=\"169\" srcset=\"https:\/\/face.unt.edu.ar\/web\/wp-content\/uploads\/2022\/09\/10-6-300x169.jpg 300w, https:\/\/face.unt.edu.ar\/web\/wp-content\/uploads\/2022\/09\/10-6-1024x576.jpg 1024w, https:\/\/face.unt.edu.ar\/web\/wp-content\/uploads\/2022\/09\/10-6-768x432.jpg 768w, https:\/\/face.unt.edu.ar\/web\/wp-content\/uploads\/2022\/09\/10-6-1536x863.jpg 1536w, https:\/\/face.unt.edu.ar\/web\/wp-content\/uploads\/2022\/09\/10-6-696x391.jpg 696w, https:\/\/face.unt.edu.ar\/web\/wp-content\/uploads\/2022\/09\/10-6-1392x782.jpg 1392w, https:\/\/face.unt.edu.ar\/web\/wp-content\/uploads\/2022\/09\/10-6-1068x600.jpg 1068w, https:\/\/face.unt.edu.ar\/web\/wp-content\/uploads\/2022\/09\/10-6-747x420.jpg 747w, https:\/\/face.unt.edu.ar\/web\/wp-content\/uploads\/2022\/09\/10-6-1495x840.jpg 1495w, https:\/\/face.unt.edu.ar\/web\/wp-content\/uploads\/2022\/09\/10-6-1920x1079.jpg 1920w, https:\/\/face.unt.edu.ar\/web\/wp-content\/uploads\/2022\/09\/10-6.jpg 2048w\" sizes=\"(max-width: 300px) 100vw, 300px\" \/><\/a><\/p>\n<p>Hoy, a sus 85 a\u00f1os de edad, gratamente contin\u00faa siendo docente de nuestra Facultad de Ciencias Econ\u00f3micas de la UNT.<\/p>\n<p><a href=\"https:\/\/face.unt.edu.ar\/web\/wp-content\/uploads\/2022\/09\/3-7.jpg\"><img decoding=\"async\" loading=\"lazy\" class=\"alignnone size-medium wp-image-14979\" src=\"https:\/\/face.unt.edu.ar\/web\/wp-content\/uploads\/2022\/09\/3-7-300x169.jpg\" alt=\"\" width=\"300\" height=\"169\" srcset=\"https:\/\/face.unt.edu.ar\/web\/wp-content\/uploads\/2022\/09\/3-7-300x169.jpg 300w, https:\/\/face.unt.edu.ar\/web\/wp-content\/uploads\/2022\/09\/3-7-1024x576.jpg 1024w, https:\/\/face.unt.edu.ar\/web\/wp-content\/uploads\/2022\/09\/3-7-768x432.jpg 768w, https:\/\/face.unt.edu.ar\/web\/wp-content\/uploads\/2022\/09\/3-7-1536x863.jpg 1536w, https:\/\/face.unt.edu.ar\/web\/wp-content\/uploads\/2022\/09\/3-7-696x391.jpg 696w, https:\/\/face.unt.edu.ar\/web\/wp-content\/uploads\/2022\/09\/3-7-1392x782.jpg 1392w, https:\/\/face.unt.edu.ar\/web\/wp-content\/uploads\/2022\/09\/3-7-1068x600.jpg 1068w, https:\/\/face.unt.edu.ar\/web\/wp-content\/uploads\/2022\/09\/3-7-747x420.jpg 747w, https:\/\/face.unt.edu.ar\/web\/wp-content\/uploads\/2022\/09\/3-7-1495x840.jpg 1495w, https:\/\/face.unt.edu.ar\/web\/wp-content\/uploads\/2022\/09\/3-7-1920x1079.jpg 1920w, https:\/\/face.unt.edu.ar\/web\/wp-content\/uploads\/2022\/09\/3-7.jpg 2048w\" sizes=\"(max-width: 300px) 100vw, 300px\" \/><\/a> <a href=\"https:\/\/face.unt.edu.ar\/web\/wp-content\/uploads\/2022\/09\/5-7.jpg\"><img decoding=\"async\" loading=\"lazy\" class=\"alignnone size-medium wp-image-14980\" src=\"https:\/\/face.unt.edu.ar\/web\/wp-content\/uploads\/2022\/09\/5-7-300x169.jpg\" alt=\"\" width=\"300\" height=\"169\" srcset=\"https:\/\/face.unt.edu.ar\/web\/wp-content\/uploads\/2022\/09\/5-7-300x169.jpg 300w, https:\/\/face.unt.edu.ar\/web\/wp-content\/uploads\/2022\/09\/5-7-1024x576.jpg 1024w, https:\/\/face.unt.edu.ar\/web\/wp-content\/uploads\/2022\/09\/5-7-768x432.jpg 768w, https:\/\/face.unt.edu.ar\/web\/wp-content\/uploads\/2022\/09\/5-7-1536x863.jpg 1536w, https:\/\/face.unt.edu.ar\/web\/wp-content\/uploads\/2022\/09\/5-7-696x391.jpg 696w, https:\/\/face.unt.edu.ar\/web\/wp-content\/uploads\/2022\/09\/5-7-1392x782.jpg 1392w, https:\/\/face.unt.edu.ar\/web\/wp-content\/uploads\/2022\/09\/5-7-1068x600.jpg 1068w, https:\/\/face.unt.edu.ar\/web\/wp-content\/uploads\/2022\/09\/5-7-747x420.jpg 747w, https:\/\/face.unt.edu.ar\/web\/wp-content\/uploads\/2022\/09\/5-7-1495x840.jpg 1495w, https:\/\/face.unt.edu.ar\/web\/wp-content\/uploads\/2022\/09\/5-7-1920x1079.jpg 1920w, https:\/\/face.unt.edu.ar\/web\/wp-content\/uploads\/2022\/09\/5-7.jpg 2048w\" sizes=\"(max-width: 300px) 100vw, 300px\" \/><\/a> <a href=\"https:\/\/face.unt.edu.ar\/web\/wp-content\/uploads\/2022\/09\/6-5.jpg\"><img decoding=\"async\" loading=\"lazy\" class=\"alignnone size-medium wp-image-14981\" src=\"https:\/\/face.unt.edu.ar\/web\/wp-content\/uploads\/2022\/09\/6-5-300x169.jpg\" alt=\"\" width=\"300\" height=\"169\" srcset=\"https:\/\/face.unt.edu.ar\/web\/wp-content\/uploads\/2022\/09\/6-5-300x169.jpg 300w, https:\/\/face.unt.edu.ar\/web\/wp-content\/uploads\/2022\/09\/6-5-1024x576.jpg 1024w, https:\/\/face.unt.edu.ar\/web\/wp-content\/uploads\/2022\/09\/6-5-768x432.jpg 768w, https:\/\/face.unt.edu.ar\/web\/wp-content\/uploads\/2022\/09\/6-5-1536x863.jpg 1536w, https:\/\/face.unt.edu.ar\/web\/wp-content\/uploads\/2022\/09\/6-5-696x391.jpg 696w, https:\/\/face.unt.edu.ar\/web\/wp-content\/uploads\/2022\/09\/6-5-1392x782.jpg 1392w, https:\/\/face.unt.edu.ar\/web\/wp-content\/uploads\/2022\/09\/6-5-1068x600.jpg 1068w, https:\/\/face.unt.edu.ar\/web\/wp-content\/uploads\/2022\/09\/6-5-747x420.jpg 747w, https:\/\/face.unt.edu.ar\/web\/wp-content\/uploads\/2022\/09\/6-5-1495x840.jpg 1495w, https:\/\/face.unt.edu.ar\/web\/wp-content\/uploads\/2022\/09\/6-5-1920x1079.jpg 1920w, https:\/\/face.unt.edu.ar\/web\/wp-content\/uploads\/2022\/09\/6-5.jpg 2048w\" sizes=\"(max-width: 300px) 100vw, 300px\" \/><\/a> <a href=\"https:\/\/face.unt.edu.ar\/web\/wp-content\/uploads\/2022\/09\/8-6.jpg\"><img decoding=\"async\" loading=\"lazy\" class=\"alignnone size-medium wp-image-14982\" src=\"https:\/\/face.unt.edu.ar\/web\/wp-content\/uploads\/2022\/09\/8-6-300x169.jpg\" alt=\"\" width=\"300\" height=\"169\" srcset=\"https:\/\/face.unt.edu.ar\/web\/wp-content\/uploads\/2022\/09\/8-6-300x169.jpg 300w, https:\/\/face.unt.edu.ar\/web\/wp-content\/uploads\/2022\/09\/8-6-1024x576.jpg 1024w, https:\/\/face.unt.edu.ar\/web\/wp-content\/uploads\/2022\/09\/8-6-768x432.jpg 768w, https:\/\/face.unt.edu.ar\/web\/wp-content\/uploads\/2022\/09\/8-6-1536x863.jpg 1536w, https:\/\/face.unt.edu.ar\/web\/wp-content\/uploads\/2022\/09\/8-6-696x391.jpg 696w, https:\/\/face.unt.edu.ar\/web\/wp-content\/uploads\/2022\/09\/8-6-1392x782.jpg 1392w, https:\/\/face.unt.edu.ar\/web\/wp-content\/uploads\/2022\/09\/8-6-1068x600.jpg 1068w, https:\/\/face.unt.edu.ar\/web\/wp-content\/uploads\/2022\/09\/8-6-747x420.jpg 747w, https:\/\/face.unt.edu.ar\/web\/wp-content\/uploads\/2022\/09\/8-6-1495x840.jpg 1495w, https:\/\/face.unt.edu.ar\/web\/wp-content\/uploads\/2022\/09\/8-6-1920x1079.jpg 1920w, https:\/\/face.unt.edu.ar\/web\/wp-content\/uploads\/2022\/09\/8-6.jpg 2048w\" sizes=\"(max-width: 300px) 100vw, 300px\" \/><\/a> <a href=\"https:\/\/face.unt.edu.ar\/web\/wp-content\/uploads\/2022\/09\/9-6.jpg\"><img decoding=\"async\" loading=\"lazy\" class=\"size-medium wp-image-14983 aligncenter\" src=\"https:\/\/face.unt.edu.ar\/web\/wp-content\/uploads\/2022\/09\/9-6-300x169.jpg\" alt=\"\" width=\"300\" height=\"169\" srcset=\"https:\/\/face.unt.edu.ar\/web\/wp-content\/uploads\/2022\/09\/9-6-300x169.jpg 300w, https:\/\/face.unt.edu.ar\/web\/wp-content\/uploads\/2022\/09\/9-6-1024x576.jpg 1024w, https:\/\/face.unt.edu.ar\/web\/wp-content\/uploads\/2022\/09\/9-6-768x432.jpg 768w, https:\/\/face.unt.edu.ar\/web\/wp-content\/uploads\/2022\/09\/9-6-1536x863.jpg 1536w, https:\/\/face.unt.edu.ar\/web\/wp-content\/uploads\/2022\/09\/9-6-696x391.jpg 696w, https:\/\/face.unt.edu.ar\/web\/wp-content\/uploads\/2022\/09\/9-6-1392x782.jpg 1392w, https:\/\/face.unt.edu.ar\/web\/wp-content\/uploads\/2022\/09\/9-6-1068x600.jpg 1068w, https:\/\/face.unt.edu.ar\/web\/wp-content\/uploads\/2022\/09\/9-6-747x420.jpg 747w, https:\/\/face.unt.edu.ar\/web\/wp-content\/uploads\/2022\/09\/9-6-1495x840.jpg 1495w, https:\/\/face.unt.edu.ar\/web\/wp-content\/uploads\/2022\/09\/9-6-1920x1079.jpg 1920w, https:\/\/face.unt.edu.ar\/web\/wp-content\/uploads\/2022\/09\/9-6.jpg 2048w\" sizes=\"(max-width: 300px) 100vw, 300px\" \/><\/a><\/p>\n","protected":false},"excerpt":{"rendered":"<p>Se realiz\u00f3 en nuestra Facultad, la Masterclass \u201cJacob Mincer: Su relevancia y su casilla llena de mensajes econ\u00f3micos\u201d, que brind\u00f3 el Ph.D. V\u00edctor El\u00edas. La clase magistral cont\u00f3 con la presencia de docentes y estudiantes de la carrera Licenciatura en Econom\u00eda que se dicta en esta Casa de Estudios. Fue organizada en el marco de [&hellip;]<\/p>\n","protected":false},"author":123457,"featured_media":14974,"comment_status":"open","ping_status":"open","sticky":false,"template":"","format":"standard","meta":{"_et_pb_use_builder":"","_et_pb_old_content":"","_et_gb_content_width":"","footnotes":""},"categories":[4],"tags":[424,430,995,36,1008,1007,444,24],"_links":{"self":[{"href":"https:\/\/face.unt.edu.ar\/web\/wp-json\/wp\/v2\/posts\/14973"}],"collection":[{"href":"https:\/\/face.unt.edu.ar\/web\/wp-json\/wp\/v2\/posts"}],"about":[{"href":"https:\/\/face.unt.edu.ar\/web\/wp-json\/wp\/v2\/types\/post"}],"author":[{"embeddable":true,"href":"https:\/\/face.unt.edu.ar\/web\/wp-json\/wp\/v2\/users\/123457"}],"replies":[{"embeddable":true,"href":"https:\/\/face.unt.edu.ar\/web\/wp-json\/wp\/v2\/comments?post=14973"}],"version-history":[{"count":2,"href":"https:\/\/face.unt.edu.ar\/web\/wp-json\/wp\/v2\/posts\/14973\/revisions"}],"predecessor-version":[{"id":14984,"href":"https:\/\/face.unt.edu.ar\/web\/wp-json\/wp\/v2\/posts\/14973\/revisions\/14984"}],"wp:featuredmedia":[{"embeddable":true,"href":"https:\/\/face.unt.edu.ar\/web\/wp-json\/wp\/v2\/media\/14974"}],"wp:attachment":[{"href":"https:\/\/face.unt.edu.ar\/web\/wp-json\/wp\/v2\/media?parent=14973"}],"wp:term":[{"taxonomy":"category","embeddable":true,"href":"https:\/\/face.unt.edu.ar\/web\/wp-json\/wp\/v2\/categories?post=14973"},{"taxonomy":"post_tag","embeddable":true,"href":"https:\/\/face.unt.edu.ar\/web\/wp-json\/wp\/v2\/tags?post=14973"}],"curies":[{"name":"wp","href":"https:\/\/api.w.org\/{rel}","templated":true}]}}