{"id":14994,"date":"2022-09-28T19:46:57","date_gmt":"2022-09-28T19:46:57","guid":{"rendered":"https:\/\/face.unt.edu.ar\/web\/?p=14994"},"modified":"2022-09-28T20:12:37","modified_gmt":"2022-09-28T20:12:37","slug":"celebramos-el-75-aniversario-de-nuestra-facultad-de-ciencias-economicas-de-la-unt","status":"publish","type":"post","link":"https:\/\/face.unt.edu.ar\/web\/blog\/celebramos-el-75-aniversario-de-nuestra-facultad-de-ciencias-economicas-de-la-unt\/","title":{"rendered":"Celebramos el 75 aniversario de nuestra Facultad de Ciencias Econ\u00f3micas de la UNT"},"content":{"rendered":"<p>Este a\u00f1o\u00a0<strong>nuestra Facultad de Ciencias Econ\u00f3micas de la UNT cumple 75 a\u00f1os de vida institucional<\/strong>\u00a0y es un honor poder celebrarlo con distintas actividades que realizaremos\u00a0<strong>durante octubre y noviembre de 2022<\/strong>.<\/p>\n<p>Durante estos meses compartiremos\u00a0<strong>disertaciones, exposiciones, distinciones, homenajes y otros eventos<\/strong>\u00a0organizados especialmente para conmemorar este 75 aniversario.<\/p>\n<p>Iniciaremos el programa de actividades con la\u00a0<strong>Conferencia Magistral<\/strong>\u00a0del\u00a0<strong>Dr. Juan Carlos De Pablo<\/strong>, titulada\u00a0<strong>\u201cEl aula y la pol\u00edtica econ\u00f3mica\u201d<\/strong>, que se realizar\u00e1 el\u00a0<strong>pr\u00f3ximo lunes 03 de octubre<\/strong>,\u00a0<strong>a las 18:00 horas<\/strong>, en el\u00a0<strong>aula 19<\/strong>\u00a0de nuestra Facultad. Ser\u00e1 una\u00a0<strong>disertaci\u00f3n por videoconferencia (Zoom)<\/strong>\u00a0con\u00a0<strong>modalidad presencial<\/strong>\u00a0para quienes nos puedan acompa\u00f1ar en el\u00a0<strong>aula h\u00edbrida<\/strong>, por eso\u00a0<strong>invitamos a toda la comunidad universitaria<\/strong>\u00a0a participar de la\u00a0<strong>inauguraci\u00f3n de los festejos<\/strong>\u00a0con este primer evento.<\/p>\n<p><strong>\u00a0<\/strong><\/p>\n<p><strong>Sobre el Dr. Juan Carlos De Pablo \u00a0\u00a0<\/strong><\/p>\n<p>Profesor en la Universidad de San Andr\u00e9s (UDESA) y en la Universidad del CEMA (UCEMA) Consultor. Director de Contexto, newsletter semanal. Columnista en La Naci\u00f3n.<\/p>\n<p>Licenciado en econom\u00eda, Pontificia Universidad Cat\u00f3lica Argentina (1964). Curs\u00f3 estudios de doctorado en econom\u00eda, en la Universidad de Harvard. Doctor HONORIS CAUSA, UCEMA (2009). Miembro titular, Academia Nacional de Ciencias Econ\u00f3micas.<\/p>\n<p>Autor de 53 libros publicados, m\u00e1s 1 en prensa y 2 en preparaci\u00f3n.<\/p>\n<p>Dict\u00f3 cursos en diversas universidades p\u00fablicas y privadas del \u00e1mbito nacional e internacional, y recibi\u00f3 numerosos premios.<\/p>\n<p>&nbsp;<\/p>\n<p><strong>Sobre la creaci\u00f3n de nuestra Facultad<\/strong><\/p>\n<p>El inicio de la historia de nuestra Facultad conlleva distintas fechas relevantes para el nacimiento de nuestra instituci\u00f3n.<\/p>\n<p>El 26 de septiembre de 1947 fue aprobado el proyecto de ley por Diputados, luego el 27 de septiembre se aprob\u00f3 por Senado; el 07 de octubre el Poder Ejecutivo Nacional promulg\u00f3 la Ley N\u00b0 13.050 dando origen a nuestra Facultad, y el 04 de noviembre de ese a\u00f1o se emiti\u00f3 Resoluci\u00f3n Rectoral de la UNT que aprueba la creaci\u00f3n de nuestra Casa de Estudios.<\/p>\n<p>&nbsp;<\/p>\n","protected":false},"excerpt":{"rendered":"<p>Este a\u00f1o\u00a0nuestra Facultad de Ciencias Econ\u00f3micas de la UNT cumple 75 a\u00f1os de vida institucional\u00a0y es un honor poder celebrarlo con distintas actividades que realizaremos\u00a0durante octubre y noviembre de 2022. Durante estos meses compartiremos\u00a0disertaciones, exposiciones, distinciones, homenajes y otros eventos\u00a0organizados especialmente para conmemorar este 75 aniversario. Iniciaremos el programa de actividades con la\u00a0Conferencia Magistral\u00a0del\u00a0Dr. Juan [&hellip;]<\/p>\n","protected":false},"author":123457,"featured_media":14995,"comment_status":"open","ping_status":"open","sticky":false,"template":"","format":"standard","meta":{"_et_pb_use_builder":"","_et_pb_old_content":"","_et_gb_content_width":"","footnotes":""},"categories":[4],"tags":[1011,376,1012,36,24],"_links":{"self":[{"href":"https:\/\/face.unt.edu.ar\/web\/wp-json\/wp\/v2\/posts\/14994"}],"collection":[{"href":"https:\/\/face.unt.edu.ar\/web\/wp-json\/wp\/v2\/posts"}],"about":[{"href":"https:\/\/face.unt.edu.ar\/web\/wp-json\/wp\/v2\/types\/post"}],"author":[{"embeddable":true,"href":"https:\/\/face.unt.edu.ar\/web\/wp-json\/wp\/v2\/users\/123457"}],"replies":[{"embeddable":true,"href":"https:\/\/face.unt.edu.ar\/web\/wp-json\/wp\/v2\/comments?post=14994"}],"version-history":[{"count":4,"href":"https:\/\/face.unt.edu.ar\/web\/wp-json\/wp\/v2\/posts\/14994\/revisions"}],"predecessor-version":[{"id":14999,"href":"https:\/\/face.unt.edu.ar\/web\/wp-json\/wp\/v2\/posts\/14994\/revisions\/14999"}],"wp:featuredmedia":[{"embeddable":true,"href":"https:\/\/face.unt.edu.ar\/web\/wp-json\/wp\/v2\/media\/14995"}],"wp:attachment":[{"href":"https:\/\/face.unt.edu.ar\/web\/wp-json\/wp\/v2\/media?parent=14994"}],"wp:term":[{"taxonomy":"category","embeddable":true,"href":"https:\/\/face.unt.edu.ar\/web\/wp-json\/wp\/v2\/categories?post=14994"},{"taxonomy":"post_tag","embeddable":true,"href":"https:\/\/face.unt.edu.ar\/web\/wp-json\/wp\/v2\/tags?post=14994"}],"curies":[{"name":"wp","href":"https:\/\/api.w.org\/{rel}","templated":true}]}}