{"id":15039,"date":"2022-10-07T08:00:36","date_gmt":"2022-10-07T08:00:36","guid":{"rendered":"https:\/\/face.unt.edu.ar\/web\/?p=15039"},"modified":"2022-10-17T12:44:25","modified_gmt":"2022-10-17T12:44:25","slug":"hoy-nuestra-facultad-cumple-75-anos-al-servicio-de-la-comunidad","status":"publish","type":"post","link":"https:\/\/face.unt.edu.ar\/web\/blog\/hoy-nuestra-facultad-cumple-75-anos-al-servicio-de-la-comunidad\/","title":{"rendered":"Hoy nuestra Facultad cumple 75 a\u00f1os al servicio de la comunidad"},"content":{"rendered":"<p>En 1947 iniciaba nuestra historia. Transitaba el mes de enero cuando un grupo de padres, egresados y alumnos de la Escuela de Comercio formaron una comisi\u00f3n para gestionar ante las autoridades nacionales la creaci\u00f3n de la Facultad de Ciencias Econ\u00f3micas. El 26 de septiembre de ese a\u00f1o la C\u00e1mara de Diputados aprob\u00f3 el proyecto de Ley, luego, el Senado de la Naci\u00f3n sancion\u00f3 la \u201cLey de creaci\u00f3n de la Facultad de Ciencias Econ\u00f3micas de la UNT\u201d. El Poder Ejecutivo Nacional la promulg\u00f3 el 7 de octubre, y fue publicado en el Bolet\u00edn Oficial el d\u00eda 16 de ese mes.<\/p>\n<p>En estos 75 a\u00f1os nuestra Facultad de Ciencias Econ\u00f3micas de la UNT ha sabido instalarse en la sociedad como una instituci\u00f3n l\u00edder, de prestigio y calidad educativa. Pero adem\u00e1s, ha dejado una huella en la vida de cada Estudiante, Graduado, Docente y Nodocente que la ha transitado.<\/p>\n<p>Hoy nuestra FACE cumple un a\u00f1o m\u00e1s de vida, son 75 a\u00f1os de historia, de miles de recuerdos y aprendizajes.<\/p>\n<p>En estos 75 a\u00f1os, comprendimos que estamos todos los d\u00edas contribuyendo a cambiar la vida de las personas y de nuestra sociedad.<\/p>\n<p>Entendimos que el inter\u00e9s com\u00fan se construye desde la diversidad, con miradas distintas, pero en un marco de di\u00e1logo, respeto y entendimiento mutuo.<\/p>\n<p>En este nuevo aniversario, celebramos los logros obtenidos, el progreso, el esfuerzo y la dedicaci\u00f3n\u2026la pasi\u00f3n por la educaci\u00f3n.<\/p>\n<p>Hoy, el desaf\u00edo que tenemos no s\u00f3lo est\u00e1 orientado a honrar el compromiso de crecer y avanzar como instituci\u00f3n. Sino tambi\u00e9n, el de motivar a nuestros estudiantes e impulsarlos para que mantengan inalterable el entusiasmo y el deseo de querer aprender cada d\u00eda m\u00e1s; comprendiendo que la universidad es el \u00fanico lugar que les abrir\u00e1 las puertas para un futuro mejor.<\/p>\n<p>El desaf\u00edo que hoy tenemos es pensar en nuevas formas de incluir y educar.<\/p>\n<p>Querida comunidad de ciencias econ\u00f3micas: el viento de nuestra historia institucional nos impulsa a seguir avanzando, honrando el legado de nuestras tradiciones, sosteniendo nuestro liderazgo y construyendo la Facultad de todos. Sigamos trabajando y transitando este camino juntos.<\/p>\n<p>Facultad de Ciencias Econ\u00f3micas de la Universidad Nacional de Tucum\u00e1n.<\/p>\n<p>Desde 1947 gestionando educaci\u00f3n universitaria de excelencia con compromiso social.<\/p>\n<p>&nbsp;<\/p>\n<p style=\"text-align: center\">FELIZ CUMPLE QUERIDA FACE<br \/>\n\u00a1Felices 75 a\u00f1os!<\/p>\n<p>&nbsp;<\/p>\n<p>Esp. Gustavo Sota\u00a0 \u00a0 \u00a0 \u00a0 \u00a0 \u00a0 \u00a0 \u00a0 \u00a0 \u00a0 \u00a0 \u00a0 \u00a0 \u00a0 \u00a0 \u00a0 \u00a0 \u00a0 \u00a0 \u00a0 \u00a0 \u00a0 \u00a0 \u00a0Mg. Jorge Rospde<br \/>\nVicedecano\u00a0 \u00a0 \u00a0 \u00a0 \u00a0 \u00a0 \u00a0 \u00a0 \u00a0 \u00a0 \u00a0 \u00a0 \u00a0 \u00a0 \u00a0 \u00a0 \u00a0 \u00a0 \u00a0 \u00a0 \u00a0 \u00a0 \u00a0 \u00a0 \u00a0 \u00a0 \u00a0 \u00a0 \u00a0 \u00a0 \u00a0 Decano<br \/>\nFACE UNT\u00a0 \u00a0 \u00a0 \u00a0 \u00a0 \u00a0 \u00a0 \u00a0 \u00a0 \u00a0 \u00a0 \u00a0 \u00a0 \u00a0 \u00a0 \u00a0 \u00a0 \u00a0 \u00a0 \u00a0 \u00a0 \u00a0 \u00a0 \u00a0 \u00a0 \u00a0 \u00a0 \u00a0 \u00a0 \u00a0 \u00a0 \u00a0 FACE UNT<\/p>\n","protected":false},"excerpt":{"rendered":"<p>En 1947 iniciaba nuestra historia. Transitaba el mes de enero cuando un grupo de padres, egresados y alumnos de la Escuela de Comercio formaron una comisi\u00f3n para gestionar ante las autoridades nacionales la creaci\u00f3n de la Facultad de Ciencias Econ\u00f3micas. El 26 de septiembre de ese a\u00f1o la C\u00e1mara de Diputados aprob\u00f3 el proyecto de [&hellip;]<\/p>\n","protected":false},"author":123457,"featured_media":15040,"comment_status":"open","ping_status":"open","sticky":false,"template":"","format":"standard","meta":{"_et_pb_use_builder":"","_et_pb_old_content":"","_et_gb_content_width":"","footnotes":""},"categories":[4],"tags":[],"_links":{"self":[{"href":"https:\/\/face.unt.edu.ar\/web\/wp-json\/wp\/v2\/posts\/15039"}],"collection":[{"href":"https:\/\/face.unt.edu.ar\/web\/wp-json\/wp\/v2\/posts"}],"about":[{"href":"https:\/\/face.unt.edu.ar\/web\/wp-json\/wp\/v2\/types\/post"}],"author":[{"embeddable":true,"href":"https:\/\/face.unt.edu.ar\/web\/wp-json\/wp\/v2\/users\/123457"}],"replies":[{"embeddable":true,"href":"https:\/\/face.unt.edu.ar\/web\/wp-json\/wp\/v2\/comments?post=15039"}],"version-history":[{"count":4,"href":"https:\/\/face.unt.edu.ar\/web\/wp-json\/wp\/v2\/posts\/15039\/revisions"}],"predecessor-version":[{"id":15073,"href":"https:\/\/face.unt.edu.ar\/web\/wp-json\/wp\/v2\/posts\/15039\/revisions\/15073"}],"wp:featuredmedia":[{"embeddable":true,"href":"https:\/\/face.unt.edu.ar\/web\/wp-json\/wp\/v2\/media\/15040"}],"wp:attachment":[{"href":"https:\/\/face.unt.edu.ar\/web\/wp-json\/wp\/v2\/media?parent=15039"}],"wp:term":[{"taxonomy":"category","embeddable":true,"href":"https:\/\/face.unt.edu.ar\/web\/wp-json\/wp\/v2\/categories?post=15039"},{"taxonomy":"post_tag","embeddable":true,"href":"https:\/\/face.unt.edu.ar\/web\/wp-json\/wp\/v2\/tags?post=15039"}],"curies":[{"name":"wp","href":"https:\/\/api.w.org\/{rel}","templated":true}]}}