{"id":15101,"date":"2022-10-19T16:37:24","date_gmt":"2022-10-19T16:37:24","guid":{"rendered":"https:\/\/face.unt.edu.ar\/web\/?p=15101"},"modified":"2022-10-19T16:37:24","modified_gmt":"2022-10-19T16:37:24","slug":"curso-de-extension-la-construccion-del-futuro-concepto-y-aplicacion-de-la-prospectiva","status":"publish","type":"post","link":"https:\/\/face.unt.edu.ar\/web\/blog\/curso-de-extension-la-construccion-del-futuro-concepto-y-aplicacion-de-la-prospectiva\/","title":{"rendered":"Curso de Extensi\u00f3n \u00abLa construcci\u00f3n del futuro: concepto y aplicaci\u00f3n de la Prospectiva\u00bb"},"content":{"rendered":"<p>Se dictar\u00e1 el <strong>Curso de Extensi\u00f3n \u201cLa construcci\u00f3n del futuro: concepto y aplicaci\u00f3n de la Prospectiva en modalidad virtual\u201d<\/strong>. El mismo tendr\u00e1 lugar a partir del <strong>24 de octubre<\/strong>. Estar\u00e1 a cargo de la <strong>profesora Psic. Florencia Villaverde<\/strong>, de la C\u00e1tedra Comportamiento Organizacional.<\/p>\n<p>Se desarrollar\u00e1 los <strong>lunes y mi\u00e9rcoles<\/strong>, en 4 encuentros los d\u00edas 24 de octubre, 26 de octubre, 31 de octubre, 2 de noviembre. En el horario de 18:00 a 21:00 horas, con <strong>modalidad virtual<\/strong> (plataforma Meet)<\/p>\n<p>El curso est\u00e1 destinado a <strong>e<\/strong><strong>studiantes y graduados<\/strong> de los \u00faltimos a\u00f1os de carreras universitarias. Y a <strong>docentes<\/strong> de nivel terciario \/ universitario.<\/p>\n<p>&nbsp;<\/p>\n<p><strong>Fundamentaci\u00f3n<\/strong><\/p>\n<p>La prospectiva es una disciplina de las Ciencias Sociales que significa \u201cver hacia lo lejos\u201d.<br \/>\nEstamos frente a una etapa disruptiva, donde los distintos actores sociales se enfrentan a constantes cambios, una incertidumbre exponencial y los desaf\u00edos y retos son inimaginables. Por ello, hay que pensar diferente para actuar y construir de manera distinta los escenarios futuros. La prospectiva es una disciplina que permite anticipar y pronosticar el futuro mediante el an\u00e1lisis prospectivo, y as\u00ed tratar de influir en \u00e9l en base a los intereses de los actores involucrados. Se sirve de diversos m\u00e9todos sistem\u00e1ticos, herramientas y t\u00e9cnicas para desarrollar un an\u00e1lisis a partir de la convergencia de m\u00faltiples campos y disciplinas.<br \/>\nHay distintas corrientes de pensamiento en los estudios de futuro que buscan dar soluci\u00f3n o entender este gran contexto de incertidumbre.<br \/>\nLa prospectiva nos invita a pensar, por ejemplo, \u00bfcu\u00e1les son las necesidades y los problemas que tenemos que resolver de aqu\u00ed a 10, 20 o 30 a\u00f1os?, \u00bfqu\u00e9 oportunidades tenemos y hacia d\u00f3nde queremos ir? Debe ser acompa\u00f1ada de la planeaci\u00f3n, es decir que hacer, c\u00f3mo, con qu\u00e9 recursos, en que tiempo. Es necesario comprender a la realidad como parte de un todo, como las diferentes dimensiones se interconectan y se influyen.<br \/>\nTenemos gran cantidad de problemas porque no nos anticipamos a ellos. No nos anticipamos porque no planificamos. No planificamos porque las veces que lo intentamos no siempre sali\u00f3 como lo esper\u00e1bamos. Y no suele salir como lo esperamos porque no hacemos un buen an\u00e1lisis de las variables que pueden afectar el plan. Esto es la esencia de la Prospectiva.<br \/>\nEn el curso hablaremos sobre que es la prospectiva, su visi\u00f3n epistemol\u00f3gica dentro de la rama de las ciencias sociales, sus \u00e1mbitos de aplicaci\u00f3n y la introducci\u00f3n a los distintos m\u00e9todos y herramientas de la disciplina.<br \/>\nLa prospectiva no le dir\u00e1 hacia qu\u00e9 puerto tiene que ir el barco,<br \/>\nsino que sencillamente le comentar\u00e1 sobre las distintas corrientes marinas y la<br \/>\ndirecci\u00f3n de los vientos para que con ello el piloto maniobre de la mejor forma posible.<\/p>\n<p>&nbsp;<\/p>\n<p style=\"text-align: center\"><a href=\"https:\/\/face.unt.edu.ar\/web\/wp-content\/uploads\/2022\/10\/WhatsApp-Image-2022-10-17-at-7.10.36-PM.jpeg\"><img decoding=\"async\" loading=\"lazy\" class=\"alignnone  wp-image-15102\" src=\"https:\/\/face.unt.edu.ar\/web\/wp-content\/uploads\/2022\/10\/WhatsApp-Image-2022-10-17-at-7.10.36-PM-241x300.jpeg\" alt=\"\" width=\"382\" height=\"476\" srcset=\"https:\/\/face.unt.edu.ar\/web\/wp-content\/uploads\/2022\/10\/WhatsApp-Image-2022-10-17-at-7.10.36-PM-241x300.jpeg 241w, https:\/\/face.unt.edu.ar\/web\/wp-content\/uploads\/2022\/10\/WhatsApp-Image-2022-10-17-at-7.10.36-PM-822x1024.jpeg 822w, https:\/\/face.unt.edu.ar\/web\/wp-content\/uploads\/2022\/10\/WhatsApp-Image-2022-10-17-at-7.10.36-PM-768x957.jpeg 768w, https:\/\/face.unt.edu.ar\/web\/wp-content\/uploads\/2022\/10\/WhatsApp-Image-2022-10-17-at-7.10.36-PM-696x867.jpeg 696w, https:\/\/face.unt.edu.ar\/web\/wp-content\/uploads\/2022\/10\/WhatsApp-Image-2022-10-17-at-7.10.36-PM-337x420.jpeg 337w, https:\/\/face.unt.edu.ar\/web\/wp-content\/uploads\/2022\/10\/WhatsApp-Image-2022-10-17-at-7.10.36-PM-674x840.jpeg 674w, https:\/\/face.unt.edu.ar\/web\/wp-content\/uploads\/2022\/10\/WhatsApp-Image-2022-10-17-at-7.10.36-PM.jpeg 903w\" sizes=\"(max-width: 382px) 100vw, 382px\" \/><\/a><\/p>\n<p><strong>Objetivos<\/strong><\/p>\n<ul>\n<li>Conocer y promover una nueva disciplina de la rama de las ciencias sociales: la prospectiva<\/li>\n<li>Promover una actitud de proactividad en la construcci\u00f3n del conocimiento<\/li>\n<\/ul>\n<p><strong>Contenidos<\/strong><\/p>\n<ol>\n<li>Prospectiva: definici\u00f3n y alcance<\/li>\n<li>Encuadre te\u00f3rico, metodol\u00f3gico y epistemol\u00f3gico<\/li>\n<li>Lineamientos de una planificaci\u00f3n prospectiva estrat\u00e9gica<\/li>\n<\/ol>\n<p>Las pre-inscripciones se realizan en el siguiente formulario:\u00a0<a href=\"https:\/\/bit.ly\/cursodeextension\">https:\/\/bit.ly\/cursodeextension<\/a><\/p>\n<p><strong>Inversi\u00f3n<br \/>\n<\/strong>Inversi\u00f3n $ 5200<\/p>\n<p>Descuentos<br \/>\nAlumnos FACE\u00a0 $ 50% de descuento<br \/>\nDocentes FACE\u00a0 $ 30 % de descuento<br \/>\nMatriculados CGCET $ 20% de descuento<\/p>\n<p>Informes:<\/p>\n<p>www.facebook.com\/seri.face.unt<br \/>\nwww.facebook.com\/InstitutoDeAdministracion<\/p>\n<p><strong>Organiza:<\/strong><\/p>\n<p>Secretar\u00eda de Extensi\u00f3n y Relaciones Institucionales<br \/>\nInstituto de Administraci\u00f3n<br \/>\nFacultad de Ciencias Econ\u00f3micas<\/p>\n<p>&nbsp;<\/p>\n","protected":false},"excerpt":{"rendered":"<p>Se dictar\u00e1 el Curso de Extensi\u00f3n \u201cLa construcci\u00f3n del futuro: concepto y aplicaci\u00f3n de la Prospectiva en modalidad virtual\u201d. El mismo tendr\u00e1 lugar a partir del 24 de octubre. Estar\u00e1 a cargo de la profesora Psic. Florencia Villaverde, de la C\u00e1tedra Comportamiento Organizacional. Se desarrollar\u00e1 los lunes y mi\u00e9rcoles, en 4 encuentros los d\u00edas 24 [&hellip;]<\/p>\n","protected":false},"author":123457,"featured_media":15103,"comment_status":"open","ping_status":"open","sticky":false,"template":"","format":"standard","meta":{"_et_pb_use_builder":"","_et_pb_old_content":"","_et_gb_content_width":"","footnotes":""},"categories":[4],"tags":[376,1026,435,36],"_links":{"self":[{"href":"https:\/\/face.unt.edu.ar\/web\/wp-json\/wp\/v2\/posts\/15101"}],"collection":[{"href":"https:\/\/face.unt.edu.ar\/web\/wp-json\/wp\/v2\/posts"}],"about":[{"href":"https:\/\/face.unt.edu.ar\/web\/wp-json\/wp\/v2\/types\/post"}],"author":[{"embeddable":true,"href":"https:\/\/face.unt.edu.ar\/web\/wp-json\/wp\/v2\/users\/123457"}],"replies":[{"embeddable":true,"href":"https:\/\/face.unt.edu.ar\/web\/wp-json\/wp\/v2\/comments?post=15101"}],"version-history":[{"count":1,"href":"https:\/\/face.unt.edu.ar\/web\/wp-json\/wp\/v2\/posts\/15101\/revisions"}],"predecessor-version":[{"id":15104,"href":"https:\/\/face.unt.edu.ar\/web\/wp-json\/wp\/v2\/posts\/15101\/revisions\/15104"}],"wp:featuredmedia":[{"embeddable":true,"href":"https:\/\/face.unt.edu.ar\/web\/wp-json\/wp\/v2\/media\/15103"}],"wp:attachment":[{"href":"https:\/\/face.unt.edu.ar\/web\/wp-json\/wp\/v2\/media?parent=15101"}],"wp:term":[{"taxonomy":"category","embeddable":true,"href":"https:\/\/face.unt.edu.ar\/web\/wp-json\/wp\/v2\/categories?post=15101"},{"taxonomy":"post_tag","embeddable":true,"href":"https:\/\/face.unt.edu.ar\/web\/wp-json\/wp\/v2\/tags?post=15101"}],"curies":[{"name":"wp","href":"https:\/\/api.w.org\/{rel}","templated":true}]}}