{"id":15233,"date":"2022-11-07T19:11:01","date_gmt":"2022-11-07T19:11:01","guid":{"rendered":"https:\/\/face.unt.edu.ar\/web\/?p=15233"},"modified":"2022-11-08T13:37:18","modified_gmt":"2022-11-08T13:37:18","slug":"extension-y-compromiso-social-con-nuestra-provincia","status":"publish","type":"post","link":"https:\/\/face.unt.edu.ar\/web\/blog\/extension-y-compromiso-social-con-nuestra-provincia\/","title":{"rendered":"Extensi\u00f3n y compromiso social con nuestra provincia"},"content":{"rendered":"<p>En el marco del <strong>programa \u201cCapacitaci\u00f3n a Medida\u201d<\/strong> inici\u00f3 en nuestra <strong>Facultad de Ciencias Econ\u00f3micas<\/strong> el primer ciclo de capacitaciones dirigido a agentes que se desempe\u00f1an en diferentes \u00e1reas administrativas del <strong>Ministerio de Obras y Servicios P\u00fablicos de Tucum\u00e1n.<\/strong><\/p>\n<p>El lanzamiento cont\u00f3 con la presencia del decano,<strong> Mg. Jorge Rospide;<\/strong> el ministro de Obras y Servicios P\u00fablicos, <strong>Ing. Fabi\u00e1n Soria;<\/strong> y la secretaria de Ciencia, T\u00e9cnica y Posgrado de nuestra Facultad, <strong>Mg. Christine Isgro.<\/strong><\/p>\n<p style=\"text-align: center\"><a href=\"https:\/\/face.unt.edu.ar\/web\/wp-content\/uploads\/2022\/11\/1.jpg\"><img decoding=\"async\" loading=\"lazy\" class=\"alignnone wp-image-15242\" src=\"https:\/\/face.unt.edu.ar\/web\/wp-content\/uploads\/2022\/11\/1-300x225.jpg\" alt=\"\" width=\"351\" height=\"263\" srcset=\"https:\/\/face.unt.edu.ar\/web\/wp-content\/uploads\/2022\/11\/1-300x225.jpg 300w, https:\/\/face.unt.edu.ar\/web\/wp-content\/uploads\/2022\/11\/1-1024x768.jpg 1024w, https:\/\/face.unt.edu.ar\/web\/wp-content\/uploads\/2022\/11\/1-768x576.jpg 768w, https:\/\/face.unt.edu.ar\/web\/wp-content\/uploads\/2022\/11\/1-1536x1152.jpg 1536w, https:\/\/face.unt.edu.ar\/web\/wp-content\/uploads\/2022\/11\/1-80x60.jpg 80w, https:\/\/face.unt.edu.ar\/web\/wp-content\/uploads\/2022\/11\/1-160x120.jpg 160w, https:\/\/face.unt.edu.ar\/web\/wp-content\/uploads\/2022\/11\/1-265x198.jpg 265w, https:\/\/face.unt.edu.ar\/web\/wp-content\/uploads\/2022\/11\/1-530x396.jpg 530w, https:\/\/face.unt.edu.ar\/web\/wp-content\/uploads\/2022\/11\/1-696x522.jpg 696w, https:\/\/face.unt.edu.ar\/web\/wp-content\/uploads\/2022\/11\/1-1392x1044.jpg 1392w, https:\/\/face.unt.edu.ar\/web\/wp-content\/uploads\/2022\/11\/1-1068x801.jpg 1068w, https:\/\/face.unt.edu.ar\/web\/wp-content\/uploads\/2022\/11\/1-560x420.jpg 560w, https:\/\/face.unt.edu.ar\/web\/wp-content\/uploads\/2022\/11\/1-1120x840.jpg 1120w, https:\/\/face.unt.edu.ar\/web\/wp-content\/uploads\/2022\/11\/1-1920x1440.jpg 1920w, https:\/\/face.unt.edu.ar\/web\/wp-content\/uploads\/2022\/11\/1.jpg 2048w\" sizes=\"(max-width: 351px) 100vw, 351px\" \/><\/a><\/p>\n<p>Estas capacitaciones se desarrollan con el fin de mejorar la formaci\u00f3n del personal de la administraci\u00f3n p\u00fablica y generar, entre los participantes, un elevado grado de compromiso social que les permita mejorar su efectividad y eficiencia en el rol que deben desempe\u00f1ar.<\/p>\n<p>Cabe destacar que son diecis\u00e9is las personas inscriptas que participar\u00e1n en esta primera etapa, donde se abordar\u00e1n tres m\u00f3dulos: Sistema Presupuestario y Contable de la Administraci\u00f3n P\u00fablica, Tesorer\u00eda y Control de Gesti\u00f3n, y R\u00e9gimen de Compras y Contrataciones del Estado; a cargo de las docentes de nuestra Casa, Mg. Noem\u00ed Ponce y Esp. Roxana Albornoz.<\/p>\n<p><a href=\"https:\/\/face.unt.edu.ar\/web\/wp-content\/uploads\/2022\/11\/4.jpg\"><img decoding=\"async\" loading=\"lazy\" class=\"alignnone size-medium wp-image-15237\" src=\"https:\/\/face.unt.edu.ar\/web\/wp-content\/uploads\/2022\/11\/4-300x225.jpg\" alt=\"\" width=\"300\" height=\"225\" srcset=\"https:\/\/face.unt.edu.ar\/web\/wp-content\/uploads\/2022\/11\/4-300x225.jpg 300w, https:\/\/face.unt.edu.ar\/web\/wp-content\/uploads\/2022\/11\/4-1024x768.jpg 1024w, https:\/\/face.unt.edu.ar\/web\/wp-content\/uploads\/2022\/11\/4-768x576.jpg 768w, https:\/\/face.unt.edu.ar\/web\/wp-content\/uploads\/2022\/11\/4-1536x1152.jpg 1536w, https:\/\/face.unt.edu.ar\/web\/wp-content\/uploads\/2022\/11\/4-80x60.jpg 80w, https:\/\/face.unt.edu.ar\/web\/wp-content\/uploads\/2022\/11\/4-160x120.jpg 160w, https:\/\/face.unt.edu.ar\/web\/wp-content\/uploads\/2022\/11\/4-265x198.jpg 265w, https:\/\/face.unt.edu.ar\/web\/wp-content\/uploads\/2022\/11\/4-530x396.jpg 530w, https:\/\/face.unt.edu.ar\/web\/wp-content\/uploads\/2022\/11\/4-696x522.jpg 696w, https:\/\/face.unt.edu.ar\/web\/wp-content\/uploads\/2022\/11\/4-1392x1044.jpg 1392w, https:\/\/face.unt.edu.ar\/web\/wp-content\/uploads\/2022\/11\/4-1068x801.jpg 1068w, https:\/\/face.unt.edu.ar\/web\/wp-content\/uploads\/2022\/11\/4-560x420.jpg 560w, https:\/\/face.unt.edu.ar\/web\/wp-content\/uploads\/2022\/11\/4-1120x840.jpg 1120w, https:\/\/face.unt.edu.ar\/web\/wp-content\/uploads\/2022\/11\/4-1920x1440.jpg 1920w, https:\/\/face.unt.edu.ar\/web\/wp-content\/uploads\/2022\/11\/4.jpg 2048w\" sizes=\"(max-width: 300px) 100vw, 300px\" \/><\/a><a href=\"https:\/\/face.unt.edu.ar\/web\/wp-content\/uploads\/2022\/11\/8.jpg\"><img decoding=\"async\" loading=\"lazy\" class=\"alignnone size-medium wp-image-15238\" src=\"https:\/\/face.unt.edu.ar\/web\/wp-content\/uploads\/2022\/11\/8-300x225.jpg\" alt=\"\" width=\"300\" height=\"225\" srcset=\"https:\/\/face.unt.edu.ar\/web\/wp-content\/uploads\/2022\/11\/8-300x225.jpg 300w, https:\/\/face.unt.edu.ar\/web\/wp-content\/uploads\/2022\/11\/8-1024x768.jpg 1024w, https:\/\/face.unt.edu.ar\/web\/wp-content\/uploads\/2022\/11\/8-768x576.jpg 768w, https:\/\/face.unt.edu.ar\/web\/wp-content\/uploads\/2022\/11\/8-1536x1152.jpg 1536w, https:\/\/face.unt.edu.ar\/web\/wp-content\/uploads\/2022\/11\/8-80x60.jpg 80w, https:\/\/face.unt.edu.ar\/web\/wp-content\/uploads\/2022\/11\/8-160x120.jpg 160w, https:\/\/face.unt.edu.ar\/web\/wp-content\/uploads\/2022\/11\/8-265x198.jpg 265w, https:\/\/face.unt.edu.ar\/web\/wp-content\/uploads\/2022\/11\/8-530x396.jpg 530w, https:\/\/face.unt.edu.ar\/web\/wp-content\/uploads\/2022\/11\/8-696x522.jpg 696w, https:\/\/face.unt.edu.ar\/web\/wp-content\/uploads\/2022\/11\/8-1392x1044.jpg 1392w, https:\/\/face.unt.edu.ar\/web\/wp-content\/uploads\/2022\/11\/8-1068x801.jpg 1068w, https:\/\/face.unt.edu.ar\/web\/wp-content\/uploads\/2022\/11\/8-560x420.jpg 560w, https:\/\/face.unt.edu.ar\/web\/wp-content\/uploads\/2022\/11\/8-1120x840.jpg 1120w, https:\/\/face.unt.edu.ar\/web\/wp-content\/uploads\/2022\/11\/8-1920x1440.jpg 1920w, https:\/\/face.unt.edu.ar\/web\/wp-content\/uploads\/2022\/11\/8.jpg 2048w\" sizes=\"(max-width: 300px) 100vw, 300px\" \/><\/a><\/p>\n<p>En la ocasi\u00f3n, el Decano felicit\u00f3 y dio la bienvenida a los presentes, expresando: \u201cEstamos muy contentos de que vengan, estoy seguro que les ir\u00e1 muy bien en esta capacitaci\u00f3n. S\u00e9 que es un esfuerzo importante el que est\u00e1n realizando, as\u00ed que es muy valorable ese comportamiento y ese impulso que acaban de tomar con este curso. Muchas gracias por venir y muchas gracias al Ministro por confiar en nuestra Casa de Estudios.\u201d<\/p>\n<p>Adem\u00e1s, agreg\u00f3 que \u201cuno de los pilares de pol\u00edtica de extensi\u00f3n que estamos desarrollando en la Facultad es estrechar v\u00ednculos con el sector p\u00fablico, en este caso, con el Gobierno provincial con quien trabajamos en diferentes proyectos. Y ese es un rol que tiene la Universidad Nacional de Tucum\u00e1n y la Facultad de Ciencias Econ\u00f3micas, su compromiso social con la provincia\u00bb.<\/p>\n<p><a href=\"https:\/\/face.unt.edu.ar\/web\/wp-content\/uploads\/2022\/11\/5.jpg\"><img decoding=\"async\" loading=\"lazy\" class=\"alignnone wp-image-15243\" src=\"https:\/\/face.unt.edu.ar\/web\/wp-content\/uploads\/2022\/11\/5-300x225.jpg\" alt=\"\" width=\"300\" height=\"225\" srcset=\"https:\/\/face.unt.edu.ar\/web\/wp-content\/uploads\/2022\/11\/5-300x225.jpg 300w, https:\/\/face.unt.edu.ar\/web\/wp-content\/uploads\/2022\/11\/5-1024x768.jpg 1024w, https:\/\/face.unt.edu.ar\/web\/wp-content\/uploads\/2022\/11\/5-768x576.jpg 768w, https:\/\/face.unt.edu.ar\/web\/wp-content\/uploads\/2022\/11\/5-1536x1152.jpg 1536w, https:\/\/face.unt.edu.ar\/web\/wp-content\/uploads\/2022\/11\/5-80x60.jpg 80w, https:\/\/face.unt.edu.ar\/web\/wp-content\/uploads\/2022\/11\/5-160x120.jpg 160w, https:\/\/face.unt.edu.ar\/web\/wp-content\/uploads\/2022\/11\/5-265x198.jpg 265w, https:\/\/face.unt.edu.ar\/web\/wp-content\/uploads\/2022\/11\/5-530x396.jpg 530w, https:\/\/face.unt.edu.ar\/web\/wp-content\/uploads\/2022\/11\/5-696x522.jpg 696w, https:\/\/face.unt.edu.ar\/web\/wp-content\/uploads\/2022\/11\/5-1392x1044.jpg 1392w, https:\/\/face.unt.edu.ar\/web\/wp-content\/uploads\/2022\/11\/5-1068x801.jpg 1068w, https:\/\/face.unt.edu.ar\/web\/wp-content\/uploads\/2022\/11\/5-560x420.jpg 560w, https:\/\/face.unt.edu.ar\/web\/wp-content\/uploads\/2022\/11\/5-1120x840.jpg 1120w, https:\/\/face.unt.edu.ar\/web\/wp-content\/uploads\/2022\/11\/5-1920x1440.jpg 1920w, https:\/\/face.unt.edu.ar\/web\/wp-content\/uploads\/2022\/11\/5.jpg 2048w\" sizes=\"(max-width: 300px) 100vw, 300px\" \/><\/a><a href=\"https:\/\/face.unt.edu.ar\/web\/wp-content\/uploads\/2022\/11\/2.jpg\"><img decoding=\"async\" loading=\"lazy\" class=\"alignnone size-medium wp-image-15239\" src=\"https:\/\/face.unt.edu.ar\/web\/wp-content\/uploads\/2022\/11\/2-300x225.jpg\" alt=\"\" width=\"300\" height=\"225\" srcset=\"https:\/\/face.unt.edu.ar\/web\/wp-content\/uploads\/2022\/11\/2-300x225.jpg 300w, https:\/\/face.unt.edu.ar\/web\/wp-content\/uploads\/2022\/11\/2-1024x768.jpg 1024w, https:\/\/face.unt.edu.ar\/web\/wp-content\/uploads\/2022\/11\/2-768x576.jpg 768w, https:\/\/face.unt.edu.ar\/web\/wp-content\/uploads\/2022\/11\/2-1536x1152.jpg 1536w, https:\/\/face.unt.edu.ar\/web\/wp-content\/uploads\/2022\/11\/2-80x60.jpg 80w, https:\/\/face.unt.edu.ar\/web\/wp-content\/uploads\/2022\/11\/2-160x120.jpg 160w, https:\/\/face.unt.edu.ar\/web\/wp-content\/uploads\/2022\/11\/2-265x198.jpg 265w, https:\/\/face.unt.edu.ar\/web\/wp-content\/uploads\/2022\/11\/2-530x396.jpg 530w, https:\/\/face.unt.edu.ar\/web\/wp-content\/uploads\/2022\/11\/2-696x522.jpg 696w, https:\/\/face.unt.edu.ar\/web\/wp-content\/uploads\/2022\/11\/2-1392x1044.jpg 1392w, https:\/\/face.unt.edu.ar\/web\/wp-content\/uploads\/2022\/11\/2-1068x801.jpg 1068w, https:\/\/face.unt.edu.ar\/web\/wp-content\/uploads\/2022\/11\/2-560x420.jpg 560w, https:\/\/face.unt.edu.ar\/web\/wp-content\/uploads\/2022\/11\/2-1120x840.jpg 1120w, https:\/\/face.unt.edu.ar\/web\/wp-content\/uploads\/2022\/11\/2-1920x1440.jpg 1920w, https:\/\/face.unt.edu.ar\/web\/wp-content\/uploads\/2022\/11\/2.jpg 2048w\" sizes=\"(max-width: 300px) 100vw, 300px\" \/><\/a><\/p>\n<p>Por su parte, el Ministro, felicit\u00f3 a todo el personal por la iniciativa de tomar esta capacitaci\u00f3n, agregando: \u201cRespaldarse en una Universidad y en \u00e9sta Facultad particularmente es muy importante. Nos sentimos muy honrados de haber podido llegar a este acuerdo de entendimiento, de tal manera que tenemos la certeza de la rigurosidad de una universidad que va a formar a todo el personal administrativo\u201d.<\/p>\n<p>Finalmente, se refiri\u00f3 a la importancia de continuar generando estos v\u00ednculos que benefician a ambas instituciones. Y destac\u00f3 el conocimiento, la historia y el prestigio de la Universidad Nacional de Tucum\u00e1n.<\/p>\n<p><a href=\"https:\/\/face.unt.edu.ar\/web\/wp-content\/uploads\/2022\/11\/7.jpg\"><img decoding=\"async\" loading=\"lazy\" class=\"size-medium wp-image-15240 aligncenter\" src=\"https:\/\/face.unt.edu.ar\/web\/wp-content\/uploads\/2022\/11\/7-300x225.jpg\" alt=\"\" width=\"300\" height=\"225\" srcset=\"https:\/\/face.unt.edu.ar\/web\/wp-content\/uploads\/2022\/11\/7-300x225.jpg 300w, https:\/\/face.unt.edu.ar\/web\/wp-content\/uploads\/2022\/11\/7-1024x768.jpg 1024w, https:\/\/face.unt.edu.ar\/web\/wp-content\/uploads\/2022\/11\/7-768x576.jpg 768w, https:\/\/face.unt.edu.ar\/web\/wp-content\/uploads\/2022\/11\/7-1536x1152.jpg 1536w, https:\/\/face.unt.edu.ar\/web\/wp-content\/uploads\/2022\/11\/7-80x60.jpg 80w, https:\/\/face.unt.edu.ar\/web\/wp-content\/uploads\/2022\/11\/7-160x120.jpg 160w, https:\/\/face.unt.edu.ar\/web\/wp-content\/uploads\/2022\/11\/7-265x198.jpg 265w, https:\/\/face.unt.edu.ar\/web\/wp-content\/uploads\/2022\/11\/7-530x396.jpg 530w, https:\/\/face.unt.edu.ar\/web\/wp-content\/uploads\/2022\/11\/7-696x522.jpg 696w, https:\/\/face.unt.edu.ar\/web\/wp-content\/uploads\/2022\/11\/7-1392x1044.jpg 1392w, https:\/\/face.unt.edu.ar\/web\/wp-content\/uploads\/2022\/11\/7-1068x801.jpg 1068w, https:\/\/face.unt.edu.ar\/web\/wp-content\/uploads\/2022\/11\/7-560x420.jpg 560w, https:\/\/face.unt.edu.ar\/web\/wp-content\/uploads\/2022\/11\/7-1120x840.jpg 1120w, https:\/\/face.unt.edu.ar\/web\/wp-content\/uploads\/2022\/11\/7-1920x1440.jpg 1920w, https:\/\/face.unt.edu.ar\/web\/wp-content\/uploads\/2022\/11\/7.jpg 2048w\" sizes=\"(max-width: 300px) 100vw, 300px\" \/><\/a><\/p>\n","protected":false},"excerpt":{"rendered":"<p>En el marco del programa \u201cCapacitaci\u00f3n a Medida\u201d inici\u00f3 en nuestra Facultad de Ciencias Econ\u00f3micas el primer ciclo de capacitaciones dirigido a agentes que se desempe\u00f1an en diferentes \u00e1reas administrativas del Ministerio de Obras y Servicios P\u00fablicos de Tucum\u00e1n. El lanzamiento cont\u00f3 con la presencia del decano, Mg. Jorge Rospide; el ministro de Obras y [&hellip;]<\/p>\n","protected":false},"author":123457,"featured_media":15235,"comment_status":"open","ping_status":"open","sticky":false,"template":"","format":"standard","meta":{"_et_pb_use_builder":"","_et_pb_old_content":"","_et_gb_content_width":"","footnotes":""},"categories":[4],"tags":[951,572,376,36,1028],"_links":{"self":[{"href":"https:\/\/face.unt.edu.ar\/web\/wp-json\/wp\/v2\/posts\/15233"}],"collection":[{"href":"https:\/\/face.unt.edu.ar\/web\/wp-json\/wp\/v2\/posts"}],"about":[{"href":"https:\/\/face.unt.edu.ar\/web\/wp-json\/wp\/v2\/types\/post"}],"author":[{"embeddable":true,"href":"https:\/\/face.unt.edu.ar\/web\/wp-json\/wp\/v2\/users\/123457"}],"replies":[{"embeddable":true,"href":"https:\/\/face.unt.edu.ar\/web\/wp-json\/wp\/v2\/comments?post=15233"}],"version-history":[{"count":7,"href":"https:\/\/face.unt.edu.ar\/web\/wp-json\/wp\/v2\/posts\/15233\/revisions"}],"predecessor-version":[{"id":15257,"href":"https:\/\/face.unt.edu.ar\/web\/wp-json\/wp\/v2\/posts\/15233\/revisions\/15257"}],"wp:featuredmedia":[{"embeddable":true,"href":"https:\/\/face.unt.edu.ar\/web\/wp-json\/wp\/v2\/media\/15235"}],"wp:attachment":[{"href":"https:\/\/face.unt.edu.ar\/web\/wp-json\/wp\/v2\/media?parent=15233"}],"wp:term":[{"taxonomy":"category","embeddable":true,"href":"https:\/\/face.unt.edu.ar\/web\/wp-json\/wp\/v2\/categories?post=15233"},{"taxonomy":"post_tag","embeddable":true,"href":"https:\/\/face.unt.edu.ar\/web\/wp-json\/wp\/v2\/tags?post=15233"}],"curies":[{"name":"wp","href":"https:\/\/api.w.org\/{rel}","templated":true}]}}