{"id":15364,"date":"2022-11-23T12:40:49","date_gmt":"2022-11-23T12:40:49","guid":{"rendered":"https:\/\/face.unt.edu.ar\/web\/?p=15364"},"modified":"2022-11-23T12:40:49","modified_gmt":"2022-11-23T12:40:49","slug":"el-dr-adrian-cosentino-brindara-una-charla-sobre-macroeconomia-en-nuestra-facultad","status":"publish","type":"post","link":"https:\/\/face.unt.edu.ar\/web\/blog\/el-dr-adrian-cosentino-brindara-una-charla-sobre-macroeconomia-en-nuestra-facultad\/","title":{"rendered":"El Dr. Adri\u00e1n Cosentino brindar\u00e1 una charla sobre macroeconom\u00eda en nuestra Facultad"},"content":{"rendered":"<p>En el marco de la carrera de <strong>Posgrado Especializaci\u00f3n en Finanzas<\/strong> bajo la direcci\u00f3n del <strong>Dr. Gabriel Feldman<\/strong>, se realizar\u00e1 la Charla Abierta <strong>\u00abLa Macroeconom\u00eda Argentina y el Financiamiento del Desarrollo\u00bb<\/strong>, a cargo del <strong>Dr. Adri\u00e1n Cosentino.<\/strong><\/p>\n<p>Ser\u00e1 este <strong>viernes 25 de noviembre<\/strong>, a las <strong>19.30 horas<\/strong>, en el <strong>aula 19<\/strong> de esta Casa de Estudio.<\/p>\n<p>El Dr. Consentino es economista y Dr. en Ciencias Econ\u00f3micas de la UBA. Adem\u00e1s, docente del Posgrado Especializaci\u00f3n en Finanzas que se dicta en nuestra Facultad.<\/p>\n<p><a href=\"https:\/\/face.unt.edu.ar\/web\/wp-content\/uploads\/2022\/11\/POSGRADO-FINANZAS.png\"><img decoding=\"async\" loading=\"lazy\" class=\"alignnone size-medium wp-image-15367\" src=\"https:\/\/face.unt.edu.ar\/web\/wp-content\/uploads\/2022\/11\/POSGRADO-FINANZAS-300x300.png\" alt=\"\" width=\"300\" height=\"300\" srcset=\"https:\/\/face.unt.edu.ar\/web\/wp-content\/uploads\/2022\/11\/POSGRADO-FINANZAS-300x300.png 300w, https:\/\/face.unt.edu.ar\/web\/wp-content\/uploads\/2022\/11\/POSGRADO-FINANZAS-1024x1024.png 1024w, https:\/\/face.unt.edu.ar\/web\/wp-content\/uploads\/2022\/11\/POSGRADO-FINANZAS-150x150.png 150w, https:\/\/face.unt.edu.ar\/web\/wp-content\/uploads\/2022\/11\/POSGRADO-FINANZAS-768x768.png 768w, https:\/\/face.unt.edu.ar\/web\/wp-content\/uploads\/2022\/11\/POSGRADO-FINANZAS-696x696.png 696w, https:\/\/face.unt.edu.ar\/web\/wp-content\/uploads\/2022\/11\/POSGRADO-FINANZAS-1068x1068.png 1068w, https:\/\/face.unt.edu.ar\/web\/wp-content\/uploads\/2022\/11\/POSGRADO-FINANZAS-420x420.png 420w, https:\/\/face.unt.edu.ar\/web\/wp-content\/uploads\/2022\/11\/POSGRADO-FINANZAS-840x840.png 840w, https:\/\/face.unt.edu.ar\/web\/wp-content\/uploads\/2022\/11\/POSGRADO-FINANZAS.png 1080w\" sizes=\"(max-width: 300px) 100vw, 300px\" \/><\/a><\/p>\n","protected":false},"excerpt":{"rendered":"<p>En el marco de la carrera de Posgrado Especializaci\u00f3n en Finanzas bajo la direcci\u00f3n del Dr. Gabriel Feldman, se realizar\u00e1 la Charla Abierta \u00abLa Macroeconom\u00eda Argentina y el Financiamiento del Desarrollo\u00bb, a cargo del Dr. Adri\u00e1n Cosentino. Ser\u00e1 este viernes 25 de noviembre, a las 19.30 horas, en el aula 19 de esta Casa de [&hellip;]<\/p>\n","protected":false},"author":123457,"featured_media":15366,"comment_status":"open","ping_status":"open","sticky":false,"template":"","format":"standard","meta":{"_et_pb_use_builder":"","_et_pb_old_content":"","_et_gb_content_width":"","footnotes":""},"categories":[4],"tags":[],"_links":{"self":[{"href":"https:\/\/face.unt.edu.ar\/web\/wp-json\/wp\/v2\/posts\/15364"}],"collection":[{"href":"https:\/\/face.unt.edu.ar\/web\/wp-json\/wp\/v2\/posts"}],"about":[{"href":"https:\/\/face.unt.edu.ar\/web\/wp-json\/wp\/v2\/types\/post"}],"author":[{"embeddable":true,"href":"https:\/\/face.unt.edu.ar\/web\/wp-json\/wp\/v2\/users\/123457"}],"replies":[{"embeddable":true,"href":"https:\/\/face.unt.edu.ar\/web\/wp-json\/wp\/v2\/comments?post=15364"}],"version-history":[{"count":2,"href":"https:\/\/face.unt.edu.ar\/web\/wp-json\/wp\/v2\/posts\/15364\/revisions"}],"predecessor-version":[{"id":15368,"href":"https:\/\/face.unt.edu.ar\/web\/wp-json\/wp\/v2\/posts\/15364\/revisions\/15368"}],"wp:featuredmedia":[{"embeddable":true,"href":"https:\/\/face.unt.edu.ar\/web\/wp-json\/wp\/v2\/media\/15366"}],"wp:attachment":[{"href":"https:\/\/face.unt.edu.ar\/web\/wp-json\/wp\/v2\/media?parent=15364"}],"wp:term":[{"taxonomy":"category","embeddable":true,"href":"https:\/\/face.unt.edu.ar\/web\/wp-json\/wp\/v2\/categories?post=15364"},{"taxonomy":"post_tag","embeddable":true,"href":"https:\/\/face.unt.edu.ar\/web\/wp-json\/wp\/v2\/tags?post=15364"}],"curies":[{"name":"wp","href":"https:\/\/api.w.org\/{rel}","templated":true}]}}