{"id":15514,"date":"2022-12-14T12:54:26","date_gmt":"2022-12-14T12:54:26","guid":{"rendered":"https:\/\/face.unt.edu.ar\/web\/?p=15514"},"modified":"2022-12-14T12:54:26","modified_gmt":"2022-12-14T12:54:26","slug":"charla-informativa-sobre-las-carreras-de-posgrado-de-nuestra-facultad","status":"publish","type":"post","link":"https:\/\/face.unt.edu.ar\/web\/blog\/charla-informativa-sobre-las-carreras-de-posgrado-de-nuestra-facultad\/","title":{"rendered":"Charla Informativa sobre las carreras de Posgrado de nuestra Facultad"},"content":{"rendered":"<p>El \u00a0jueves <strong>15 de diciembre<\/strong> se realizar\u00e1 en nuestra Facultad, una <strong>Charla Informativa<\/strong> sobre las carreras de<strong> Posgrado<\/strong> que se dictar\u00e1n el pr\u00f3ximo a\u00f1o en nuestra Casa de Estudios. Contar\u00e1 con la presencia del decano, <strong>Mg. Jorge Rospide<\/strong> y autoridades de\u00a0 la Secretar\u00eda de Ciencia, T\u00e9cnica y Posgrado.<\/p>\n<p>Tendr\u00e1 lugar a las<strong> 18:00 horas<\/strong>, en el<strong> aula 15<\/strong> de nuestra Facultad.<\/p>\n<p>Para m\u00e1s informaci\u00f3n ingresar al siguiente link:<br \/>\n<a href=\"https:\/\/face.unt.edu.ar\/web\/posgrados\/posgrados\/\" data-saferedirecturl=\"https:\/\/www.google.com\/url?q=https:\/\/face.unt.edu.ar\/web\/posgrados\/posgrados\/&amp;source=gmail&amp;ust=1671106901451000&amp;usg=AOvVaw3WjGGXja47ItXy2A5w_8Tw\">https:\/\/face.unt.edu.ar\/web\/posgrados\/posgrados\/<\/a><\/p>\n<p style=\"text-align: center\"><a href=\"https:\/\/face.unt.edu.ar\/web\/wp-content\/uploads\/2022\/12\/Charla-Informativa.jpeg\"><img decoding=\"async\" loading=\"lazy\" class=\"alignnone  wp-image-15515\" src=\"https:\/\/face.unt.edu.ar\/web\/wp-content\/uploads\/2022\/12\/Charla-Informativa-240x300.jpeg\" alt=\"\" width=\"425\" height=\"532\" srcset=\"https:\/\/face.unt.edu.ar\/web\/wp-content\/uploads\/2022\/12\/Charla-Informativa-240x300.jpeg 240w, https:\/\/face.unt.edu.ar\/web\/wp-content\/uploads\/2022\/12\/Charla-Informativa-819x1024.jpeg 819w, https:\/\/face.unt.edu.ar\/web\/wp-content\/uploads\/2022\/12\/Charla-Informativa-768x960.jpeg 768w, https:\/\/face.unt.edu.ar\/web\/wp-content\/uploads\/2022\/12\/Charla-Informativa-696x870.jpeg 696w, https:\/\/face.unt.edu.ar\/web\/wp-content\/uploads\/2022\/12\/Charla-Informativa-336x420.jpeg 336w, https:\/\/face.unt.edu.ar\/web\/wp-content\/uploads\/2022\/12\/Charla-Informativa-672x840.jpeg 672w, https:\/\/face.unt.edu.ar\/web\/wp-content\/uploads\/2022\/12\/Charla-Informativa.jpeg 1024w\" sizes=\"(max-width: 425px) 100vw, 425px\" \/><\/a><\/p>\n<p>&nbsp;<\/p>\n","protected":false},"excerpt":{"rendered":"<p>El \u00a0jueves 15 de diciembre se realizar\u00e1 en nuestra Facultad, una Charla Informativa sobre las carreras de Posgrado que se dictar\u00e1n el pr\u00f3ximo a\u00f1o en nuestra Casa de Estudios. Contar\u00e1 con la presencia del decano, Mg. Jorge Rospide y autoridades de\u00a0 la Secretar\u00eda de Ciencia, T\u00e9cnica y Posgrado. Tendr\u00e1 lugar a las 18:00 horas, en [&hellip;]<\/p>\n","protected":false},"author":123457,"featured_media":15516,"comment_status":"open","ping_status":"open","sticky":false,"template":"","format":"standard","meta":{"_et_pb_use_builder":"","_et_pb_old_content":"","_et_gb_content_width":"","footnotes":""},"categories":[4,5],"tags":[1040,376,56,1042,1041,197],"_links":{"self":[{"href":"https:\/\/face.unt.edu.ar\/web\/wp-json\/wp\/v2\/posts\/15514"}],"collection":[{"href":"https:\/\/face.unt.edu.ar\/web\/wp-json\/wp\/v2\/posts"}],"about":[{"href":"https:\/\/face.unt.edu.ar\/web\/wp-json\/wp\/v2\/types\/post"}],"author":[{"embeddable":true,"href":"https:\/\/face.unt.edu.ar\/web\/wp-json\/wp\/v2\/users\/123457"}],"replies":[{"embeddable":true,"href":"https:\/\/face.unt.edu.ar\/web\/wp-json\/wp\/v2\/comments?post=15514"}],"version-history":[{"count":2,"href":"https:\/\/face.unt.edu.ar\/web\/wp-json\/wp\/v2\/posts\/15514\/revisions"}],"predecessor-version":[{"id":15518,"href":"https:\/\/face.unt.edu.ar\/web\/wp-json\/wp\/v2\/posts\/15514\/revisions\/15518"}],"wp:featuredmedia":[{"embeddable":true,"href":"https:\/\/face.unt.edu.ar\/web\/wp-json\/wp\/v2\/media\/15516"}],"wp:attachment":[{"href":"https:\/\/face.unt.edu.ar\/web\/wp-json\/wp\/v2\/media?parent=15514"}],"wp:term":[{"taxonomy":"category","embeddable":true,"href":"https:\/\/face.unt.edu.ar\/web\/wp-json\/wp\/v2\/categories?post=15514"},{"taxonomy":"post_tag","embeddable":true,"href":"https:\/\/face.unt.edu.ar\/web\/wp-json\/wp\/v2\/tags?post=15514"}],"curies":[{"name":"wp","href":"https:\/\/api.w.org\/{rel}","templated":true}]}}