{"id":15565,"date":"2022-12-22T13:22:07","date_gmt":"2022-12-22T13:22:07","guid":{"rendered":"https:\/\/face.unt.edu.ar\/web\/?p=15565"},"modified":"2022-12-22T14:50:27","modified_gmt":"2022-12-22T14:50:27","slug":"examenes-de-febrero-marzo-2023","status":"publish","type":"post","link":"https:\/\/face.unt.edu.ar\/web\/blog\/examenes-de-febrero-marzo-2023\/","title":{"rendered":"Ex\u00e1menes de febrero &#8211; marzo 2023"},"content":{"rendered":"<p>La\u00a0<strong>Facultad de Ciencias Econ\u00f3micas<\/strong> de la Universidad Nacional de Tucum\u00e1n informa las fechas en que tendr\u00e1 lugar la <strong>Mesa de Ex\u00e1menes de febrero \u2013 marzo de 2023<\/strong>.<\/p>\n<p>Seg\u00fan lo establecido por la\u00a0<strong>Resoluci\u00f3n 665-D-22<\/strong>, los llamados\u00a0para las carreras de Contador P\u00fablico, Contador P\u00fablico Nacional, Licenciado en Econom\u00eda y Licenciado en Administraci\u00f3n; se desarrollar\u00e1 de la siguiente manera:<\/p>\n<p><strong>Primer llamado: 13, 14, 15, 16, y 17 de febrero de 2023<\/strong>.<\/p>\n<p><strong>Segundo llamado: 06, 07, 08, 09, y 10 de marzo de 2023. <\/strong><\/p>\n<p>Las\u00a0<strong>inscripciones\u00a0<\/strong>a los ex\u00e1menes ser\u00e1n:<\/p>\n<p>Primer llamado:\u00a0<strong>06 y 07 de febrero de 2023<\/strong>.<\/p>\n<p>Segundo llamado:\u00a0<strong>27 y 28 de febrero de 2023.<\/strong><\/p>\n<p>Se adjunta la Resoluci\u00f3n, antes mencionada, donde est\u00e1 el detalle de los tribunales examinadores en cada asignatura, con fecha y horario correspondiente.<\/p>\n<p><a href=\"https:\/\/drive.google.com\/file\/d\/1_arZIgbseyPxCdO1nD86kEHJMXBEp6hz\/view?usp=sharing\" target=\"_blank\" rel=\"noopener\"><strong>Resoluci\u00f3n 665-D-22 \u2013 Descargar haciendo clic aqu\u00ed.<\/strong><\/a><\/p>\n","protected":false},"excerpt":{"rendered":"<p>La\u00a0Facultad de Ciencias Econ\u00f3micas de la Universidad Nacional de Tucum\u00e1n informa las fechas en que tendr\u00e1 lugar la Mesa de Ex\u00e1menes de febrero \u2013 marzo de 2023. Seg\u00fan lo establecido por la\u00a0Resoluci\u00f3n 665-D-22, los llamados\u00a0para las carreras de Contador P\u00fablico, Contador P\u00fablico Nacional, Licenciado en Econom\u00eda y Licenciado en Administraci\u00f3n; se desarrollar\u00e1 de la siguiente [&hellip;]<\/p>\n","protected":false},"author":2,"featured_media":15571,"comment_status":"open","ping_status":"open","sticky":false,"template":"","format":"standard","meta":{"_et_pb_use_builder":"","_et_pb_old_content":"","_et_gb_content_width":"","footnotes":""},"categories":[4],"tags":[],"_links":{"self":[{"href":"https:\/\/face.unt.edu.ar\/web\/wp-json\/wp\/v2\/posts\/15565"}],"collection":[{"href":"https:\/\/face.unt.edu.ar\/web\/wp-json\/wp\/v2\/posts"}],"about":[{"href":"https:\/\/face.unt.edu.ar\/web\/wp-json\/wp\/v2\/types\/post"}],"author":[{"embeddable":true,"href":"https:\/\/face.unt.edu.ar\/web\/wp-json\/wp\/v2\/users\/2"}],"replies":[{"embeddable":true,"href":"https:\/\/face.unt.edu.ar\/web\/wp-json\/wp\/v2\/comments?post=15565"}],"version-history":[{"count":2,"href":"https:\/\/face.unt.edu.ar\/web\/wp-json\/wp\/v2\/posts\/15565\/revisions"}],"predecessor-version":[{"id":15572,"href":"https:\/\/face.unt.edu.ar\/web\/wp-json\/wp\/v2\/posts\/15565\/revisions\/15572"}],"wp:featuredmedia":[{"embeddable":true,"href":"https:\/\/face.unt.edu.ar\/web\/wp-json\/wp\/v2\/media\/15571"}],"wp:attachment":[{"href":"https:\/\/face.unt.edu.ar\/web\/wp-json\/wp\/v2\/media?parent=15565"}],"wp:term":[{"taxonomy":"category","embeddable":true,"href":"https:\/\/face.unt.edu.ar\/web\/wp-json\/wp\/v2\/categories?post=15565"},{"taxonomy":"post_tag","embeddable":true,"href":"https:\/\/face.unt.edu.ar\/web\/wp-json\/wp\/v2\/tags?post=15565"}],"curies":[{"name":"wp","href":"https:\/\/api.w.org\/{rel}","templated":true}]}}