{"id":15567,"date":"2022-12-22T13:41:36","date_gmt":"2022-12-22T13:41:36","guid":{"rendered":"https:\/\/face.unt.edu.ar\/web\/?p=15567"},"modified":"2022-12-22T13:41:36","modified_gmt":"2022-12-22T13:41:36","slug":"inscripciones-al-curso-de-nivelacion-de-febrero-2023","status":"publish","type":"post","link":"https:\/\/face.unt.edu.ar\/web\/blog\/inscripciones-al-curso-de-nivelacion-de-febrero-2023\/","title":{"rendered":"Inscripciones al Curso de Nivelaci\u00f3n de Febrero 2023"},"content":{"rendered":"<p>La Facultad de Ciencias Econ\u00f3micas de la Universidad Nacional de Tucum\u00e1n, inicia las\u00a0<strong>inscripciones<\/strong>\u00a0para el<strong>\u00a0Curso de Nivelaci\u00f3n FACE<\/strong>.<\/p>\n<p>Al mismo lo pueden realizar aquellos estudiantes que est\u00e9n cursando el \u00faltimo a\u00f1o del secundario y deseen iniciar sus estudios en la Facultad en el primer cuatrimestre de 2023.<\/p>\n<p>El per\u00edodo de inscripciones ser\u00e1\u00a0<strong>desde el mi\u00e9rcoles 21 de diciembre de 2022 al mi\u00e9rcoles 01 de febrero 2023 inclusive.<\/strong><\/p>\n<p>El curso tendr\u00e1 su inicio el\u00a0<strong>06 de febrero de 2023<\/strong>\u00a0en horario y espacio\u00a0f\u00edsico de cada comisi\u00f3n.<\/p>\n<p><strong>Link de inscripci\u00f3n<\/strong>:\u00a0<a href=\"https:\/\/dspaceargentina.ar\/es\/\" data-saferedirecturl=\"https:\/\/www.google.com\/url?q=https:\/\/dspaceargentina.ar\/es\/&amp;source=gmail&amp;ust=1671800715461000&amp;usg=AOvVaw31sobBdNbvQu1Y-mbGvNn1\">https:\/\/dspaceargentina.ar\/es\/<\/a><\/p>\n<p>Las\u00a0<strong>comisiones<\/strong>\u00a0habilitadas son:<\/p>\n<table width=\"532\">\n<tbody>\n<tr>\n<td width=\"99\"><strong>COMISI\u00d3N<\/strong><\/td>\n<td width=\"127\"><strong>D\u00cdAS<\/strong><\/td>\n<td width=\"153\"><strong>HORARIO<\/strong><\/td>\n<td width=\"153\"><strong>ESPACIO F\u00cdSICO<\/strong><\/td>\n<\/tr>\n<tr>\n<td>1<\/td>\n<td>Lunes a Viernes<\/td>\n<td>07.30 a 09:00 Hs.<\/td>\n<td>AULA 14<\/td>\n<\/tr>\n<tr>\n<td>2<\/td>\n<td>Lunes a Viernes<\/td>\n<td>07.30 a 09:00 Hs.<\/td>\n<td>AULA 9<\/td>\n<\/tr>\n<tr>\n<td>3<\/td>\n<td>Lunes a Viernes<\/td>\n<td>09:00 a 10:30 Hs.<\/td>\n<td>ANF 2<\/td>\n<\/tr>\n<tr>\n<td>4<\/td>\n<td>Lunes a Viernes<\/td>\n<td>15:30 a 17:00 Hs.<\/td>\n<td>AULA 14<\/td>\n<\/tr>\n<tr>\n<td>5<\/td>\n<td>Lunes a Viernes<\/td>\n<td>17:00 a 18.30 Hs.<\/td>\n<td>ANF 2<\/td>\n<\/tr>\n<tr>\n<td>6<\/td>\n<td>Lunes a Viernes<\/td>\n<td>17:00 a 18.30 Hs.<\/td>\n<td>AULA 9<\/td>\n<\/tr>\n<tr>\n<td>7<\/td>\n<td>Lunes a Viernes<\/td>\n<td>18.30 \u2013 20:00 Hs.<\/td>\n<td>AULA 14<\/td>\n<\/tr>\n<\/tbody>\n<\/table>\n<p>&nbsp;<\/p>\n<p>El Curso de Nivelaci\u00f3n pretende que los aspirantes refuercen o adquieran conocimientos necesarios para facilitar el cursado del primer a\u00f1o de las carreras de grado de la FACE, desarrollen habilidades y criterios para estudiar, adquieran informaci\u00f3n necesaria para incorporarse a la vida universitaria, seleccionen los procedimientos que mejor se adecuen a las situaciones planteadas y que se conduzcan con seguridad.<\/p>\n<p>&nbsp;<\/p>\n<p>M\u00e1s informaci\u00f3n sobre\u00a0 los Contenidos Modulares ingresar a \u00a0la web:<br \/>\n<a href=\"https:\/\/face.unt.edu.ar\/web\/ingresantes\/\" data-saferedirecturl=\"https:\/\/www.google.com\/url?q=https:\/\/face.unt.edu.ar\/web\/ingresantes\/&amp;source=gmail&amp;ust=1671800715461000&amp;usg=AOvVaw1m8zx0Z737jils1ghAjxEm\">https:\/\/face.unt.edu.ar\/web\/ingresantes\/<\/a><\/p>\n","protected":false},"excerpt":{"rendered":"<p>La Facultad de Ciencias Econ\u00f3micas de la Universidad Nacional de Tucum\u00e1n, inicia las\u00a0inscripciones\u00a0para el\u00a0Curso de Nivelaci\u00f3n FACE. Al mismo lo pueden realizar aquellos estudiantes que est\u00e9n cursando el \u00faltimo a\u00f1o del secundario y deseen iniciar sus estudios en la Facultad en el primer cuatrimestre de 2023. El per\u00edodo de inscripciones ser\u00e1\u00a0desde el mi\u00e9rcoles 21 de [&hellip;]<\/p>\n","protected":false},"author":123457,"featured_media":15569,"comment_status":"open","ping_status":"open","sticky":false,"template":"","format":"standard","meta":{"_et_pb_use_builder":"","_et_pb_old_content":"","_et_gb_content_width":"","footnotes":""},"categories":[4],"tags":[376,576,574,1044,1045,444,24],"_links":{"self":[{"href":"https:\/\/face.unt.edu.ar\/web\/wp-json\/wp\/v2\/posts\/15567"}],"collection":[{"href":"https:\/\/face.unt.edu.ar\/web\/wp-json\/wp\/v2\/posts"}],"about":[{"href":"https:\/\/face.unt.edu.ar\/web\/wp-json\/wp\/v2\/types\/post"}],"author":[{"embeddable":true,"href":"https:\/\/face.unt.edu.ar\/web\/wp-json\/wp\/v2\/users\/123457"}],"replies":[{"embeddable":true,"href":"https:\/\/face.unt.edu.ar\/web\/wp-json\/wp\/v2\/comments?post=15567"}],"version-history":[{"count":1,"href":"https:\/\/face.unt.edu.ar\/web\/wp-json\/wp\/v2\/posts\/15567\/revisions"}],"predecessor-version":[{"id":15570,"href":"https:\/\/face.unt.edu.ar\/web\/wp-json\/wp\/v2\/posts\/15567\/revisions\/15570"}],"wp:featuredmedia":[{"embeddable":true,"href":"https:\/\/face.unt.edu.ar\/web\/wp-json\/wp\/v2\/media\/15569"}],"wp:attachment":[{"href":"https:\/\/face.unt.edu.ar\/web\/wp-json\/wp\/v2\/media?parent=15567"}],"wp:term":[{"taxonomy":"category","embeddable":true,"href":"https:\/\/face.unt.edu.ar\/web\/wp-json\/wp\/v2\/categories?post=15567"},{"taxonomy":"post_tag","embeddable":true,"href":"https:\/\/face.unt.edu.ar\/web\/wp-json\/wp\/v2\/tags?post=15567"}],"curies":[{"name":"wp","href":"https:\/\/api.w.org\/{rel}","templated":true}]}}