{"id":15698,"date":"2023-02-24T12:23:44","date_gmt":"2023-02-24T12:23:44","guid":{"rendered":"https:\/\/face.unt.edu.ar\/web\/?p=15698"},"modified":"2023-02-24T12:35:10","modified_gmt":"2023-02-24T12:35:10","slug":"esta-abierta-la-iii-convocatoria-a-redes-academicas-de-investigacion-neies","status":"publish","type":"post","link":"https:\/\/face.unt.edu.ar\/web\/blog\/esta-abierta-la-iii-convocatoria-a-redes-academicas-de-investigacion-neies\/","title":{"rendered":"Est\u00e1 abierta la III Convocatoria a Redes Acad\u00e9micas de Investigaci\u00f3n NEIES"},"content":{"rendered":"<p>Ya se encuentra habilitada la plataforma\u00a0<strong><a href=\"http:\/\/piesci.siu.edu.ar\/redesneies3\" target=\"_blank\" rel=\"noopener\" data-saferedirecturl=\"https:\/\/www.google.com\/url?q=http:\/\/piesci.siu.edu.ar\/redesneies3&amp;source=gmail&amp;ust=1677327684570000&amp;usg=AOvVaw18NFGiI2P4ugmW1n-b8CXs\">http:\/\/piesci.siu.edu.ar\/redesneies3<\/a><\/strong>\u00a0para la carga de propuestas a la I<strong>II Convocatoria\u00a0para la conformaci\u00f3n de Redes de Investigaci\u00f3n NEIES (REDES \u2013 NEIES)<\/strong> dentro del <strong>MERCOSUR Educativo<\/strong>.<\/p>\n<p>Se podr\u00e1 realizar la carga <strong>hasta el 27 de marzo<\/strong>.<\/p>\n<p>La convocatoria est\u00e1 destinada a\u00a0<strong>grupos de investigaci\u00f3n<\/strong> que se desarrollan en instituciones de educaci\u00f3n superior de nivel universitario de Argentina, Brasil, Paraguay y Uruguay para presentar propuestas para la elaboraci\u00f3n de investigaciones acad\u00e9micas sobre educaci\u00f3n superior en el MERCOSUR.<\/p>\n<p><a href=\"https:\/\/nemercosur.siu.edu.ar\/webnucleo\/pag_nucleo_redes_academicas_de_investigacion_convocatoria_3.html\" target=\"_blank\" rel=\"noopener\"><strong>\u00a0Por m\u00e1s informaci\u00f3n \u00a0pueden ingresar a la web haciendo clic aqu\u00ed.<\/strong><\/a><\/p>\n<p><strong><a href=\"https:\/\/drive.google.com\/file\/d\/1pPKJlFvfw_XH61A_dIkhfSZMo7oT6UPe\/view?usp=sharing\" target=\"_blank\" rel=\"noopener\">Pueden ver las Bases de la convocatoria haciendo clic aqu\u00ed.<\/a><\/strong><\/p>\n<p><strong><a href=\"https:\/\/drive.google.com\/file\/d\/12rNMrp6nIYkO5u-C0x_VMca_oNtpp29w\/view?usp=sharing\" target=\"_blank\" rel=\"noopener\">Pueden ver el Instructivo haciendo clic aqu\u00ed.<\/a><\/strong><\/p>\n<p>&nbsp;<\/p>\n","protected":false},"excerpt":{"rendered":"<p>Ya se encuentra habilitada la plataforma\u00a0http:\/\/piesci.siu.edu.ar\/redesneies3\u00a0para la carga de propuestas a la III Convocatoria\u00a0para la conformaci\u00f3n de Redes de Investigaci\u00f3n NEIES (REDES \u2013 NEIES) dentro del MERCOSUR Educativo. Se podr\u00e1 realizar la carga hasta el 27 de marzo. La convocatoria est\u00e1 destinada a\u00a0grupos de investigaci\u00f3n que se desarrollan en instituciones de educaci\u00f3n superior de nivel [&hellip;]<\/p>\n","protected":false},"author":2,"featured_media":15704,"comment_status":"open","ping_status":"open","sticky":false,"template":"","format":"standard","meta":{"_et_pb_use_builder":"","_et_pb_old_content":"","_et_gb_content_width":"","footnotes":""},"categories":[237,4],"tags":[],"_links":{"self":[{"href":"https:\/\/face.unt.edu.ar\/web\/wp-json\/wp\/v2\/posts\/15698"}],"collection":[{"href":"https:\/\/face.unt.edu.ar\/web\/wp-json\/wp\/v2\/posts"}],"about":[{"href":"https:\/\/face.unt.edu.ar\/web\/wp-json\/wp\/v2\/types\/post"}],"author":[{"embeddable":true,"href":"https:\/\/face.unt.edu.ar\/web\/wp-json\/wp\/v2\/users\/2"}],"replies":[{"embeddable":true,"href":"https:\/\/face.unt.edu.ar\/web\/wp-json\/wp\/v2\/comments?post=15698"}],"version-history":[{"count":3,"href":"https:\/\/face.unt.edu.ar\/web\/wp-json\/wp\/v2\/posts\/15698\/revisions"}],"predecessor-version":[{"id":15703,"href":"https:\/\/face.unt.edu.ar\/web\/wp-json\/wp\/v2\/posts\/15698\/revisions\/15703"}],"wp:featuredmedia":[{"embeddable":true,"href":"https:\/\/face.unt.edu.ar\/web\/wp-json\/wp\/v2\/media\/15704"}],"wp:attachment":[{"href":"https:\/\/face.unt.edu.ar\/web\/wp-json\/wp\/v2\/media?parent=15698"}],"wp:term":[{"taxonomy":"category","embeddable":true,"href":"https:\/\/face.unt.edu.ar\/web\/wp-json\/wp\/v2\/categories?post=15698"},{"taxonomy":"post_tag","embeddable":true,"href":"https:\/\/face.unt.edu.ar\/web\/wp-json\/wp\/v2\/tags?post=15698"}],"curies":[{"name":"wp","href":"https:\/\/api.w.org\/{rel}","templated":true}]}}