{"id":15719,"date":"2023-03-01T14:40:48","date_gmt":"2023-03-01T14:40:48","guid":{"rendered":"https:\/\/face.unt.edu.ar\/web\/?p=15719"},"modified":"2023-03-01T14:40:48","modified_gmt":"2023-03-01T14:40:48","slug":"prueba-de-suficiencia-del-curso-de-nivelacion-face-2023-2","status":"publish","type":"post","link":"https:\/\/face.unt.edu.ar\/web\/blog\/prueba-de-suficiencia-del-curso-de-nivelacion-face-2023-2\/","title":{"rendered":"Prueba de Suficiencia del Curso de Nivelaci\u00f3n FACE 2023"},"content":{"rendered":"<p>Est\u00e1n abiertas las inscripciones para la prueba de suficiencia del Curso de Nivelaci\u00f3n FACE 2023.<\/p>\n<p>Inscripci\u00f3n: desde el 01 hasta el martes 07 de marzo inclusive.<\/p>\n<p>La prueba de suficiencia tendr\u00e1 lugar el 09 de marzo, en horario y lugar a confirmar.<\/p>\n<p>El link de pago es:<a href=\"https:\/\/asociacioncooperadoraface.mitiendanube.com\/productos\/prueba-de-suficiencia-ingreso-2023\/\" target=\"_blank\" rel=\"noopener\"><strong>\u00a0https:\/\/asociacioncooperadoraface.mitiendanube.com\/productos\/prueba-de-suficiencia-ingreso-2023\/<\/strong><\/a><\/p>\n<p>&nbsp;<\/p>\n","protected":false},"excerpt":{"rendered":"<p>Est\u00e1n abiertas las inscripciones para la prueba de suficiencia del Curso de Nivelaci\u00f3n FACE 2023. Inscripci\u00f3n: desde el 01 hasta el martes 07 de marzo inclusive. La prueba de suficiencia tendr\u00e1 lugar el 09 de marzo, en horario y lugar a confirmar. El link de pago es:\u00a0https:\/\/asociacioncooperadoraface.mitiendanube.com\/productos\/prueba-de-suficiencia-ingreso-2023\/ &nbsp;<\/p>\n","protected":false},"author":123457,"featured_media":15720,"comment_status":"open","ping_status":"open","sticky":false,"template":"","format":"standard","meta":{"_et_pb_use_builder":"","_et_pb_old_content":"","_et_gb_content_width":"","footnotes":""},"categories":[4],"tags":[1052,36,1051,444],"_links":{"self":[{"href":"https:\/\/face.unt.edu.ar\/web\/wp-json\/wp\/v2\/posts\/15719"}],"collection":[{"href":"https:\/\/face.unt.edu.ar\/web\/wp-json\/wp\/v2\/posts"}],"about":[{"href":"https:\/\/face.unt.edu.ar\/web\/wp-json\/wp\/v2\/types\/post"}],"author":[{"embeddable":true,"href":"https:\/\/face.unt.edu.ar\/web\/wp-json\/wp\/v2\/users\/123457"}],"replies":[{"embeddable":true,"href":"https:\/\/face.unt.edu.ar\/web\/wp-json\/wp\/v2\/comments?post=15719"}],"version-history":[{"count":1,"href":"https:\/\/face.unt.edu.ar\/web\/wp-json\/wp\/v2\/posts\/15719\/revisions"}],"predecessor-version":[{"id":15721,"href":"https:\/\/face.unt.edu.ar\/web\/wp-json\/wp\/v2\/posts\/15719\/revisions\/15721"}],"wp:featuredmedia":[{"embeddable":true,"href":"https:\/\/face.unt.edu.ar\/web\/wp-json\/wp\/v2\/media\/15720"}],"wp:attachment":[{"href":"https:\/\/face.unt.edu.ar\/web\/wp-json\/wp\/v2\/media?parent=15719"}],"wp:term":[{"taxonomy":"category","embeddable":true,"href":"https:\/\/face.unt.edu.ar\/web\/wp-json\/wp\/v2\/categories?post=15719"},{"taxonomy":"post_tag","embeddable":true,"href":"https:\/\/face.unt.edu.ar\/web\/wp-json\/wp\/v2\/tags?post=15719"}],"curies":[{"name":"wp","href":"https:\/\/api.w.org\/{rel}","templated":true}]}}