{"id":15744,"date":"2023-03-07T16:40:51","date_gmt":"2023-03-07T16:40:51","guid":{"rendered":"https:\/\/face.unt.edu.ar\/web\/?p=15744"},"modified":"2023-03-07T16:40:51","modified_gmt":"2023-03-07T16:40:51","slug":"i-congreso-regional-estado-y-administracion-2023-en-catamarca","status":"publish","type":"post","link":"https:\/\/face.unt.edu.ar\/web\/blog\/i-congreso-regional-estado-y-administracion-2023-en-catamarca\/","title":{"rendered":"\u00abI Congreso Regional Estado y Administraci\u00f3n &#8211; 2023\u00bb en Catamarca"},"content":{"rendered":"<p>La\u00a0<strong>Facultad de Ciencias Econ\u00f3micas y de Administraci\u00f3n<\/strong>\u00a0de la\u00a0<strong>Universidad Nacional de Catamarca<\/strong>, invita a participar del\u00a0<strong>\u00abI Congreso Regional Estado y Administraci\u00f3n &#8211; 2023\u00bb<\/strong>\u00a0bajo el lema\u00a0<strong>\u00abEl Estado Pos-Pandemia\u00bb<\/strong>. El mismo se realizar\u00e1 de manera presencial y con inscripci\u00f3n previa, los d\u00edas \ud835\udfed\ud835\udff4 \ud835\ude06 \ud835\udfed\ud835\udff5 \ud835\uddf1\ud835\uddf2 \ud835\udde0\ud835\uddee\ud835\ude06\ud835\uddfc \ud835\uddf1\ud835\uddf2 \ud835\udfee\ud835\udfec\ud835\udfee\ud835\udfef.<\/p>\n<p>\ud835\udde2\ud835\uddef\ud835\uddf7\ud835\uddf2\ud835\ude01\ud835\uddf6\ud835\ude03\ud835\uddfc \ud835\uddf4\ud835\uddf2\ud835\uddfb\ud835\uddf2\ud835\uddff\ud835\uddee\ud835\uddf9<\/p>\n<p>Crear un espacio para la reflexi\u00f3n, el intercambio de experiencias, la difusi\u00f3n de investigaciones, la formaci\u00f3n y fortalecimiento de redes comunicacionales y sociales, con el firme objetivo de propiciar la construcci\u00f3n de un Estado Nacional, Provincial y Local como base de una sociedad m\u00e1s justa para todos.<\/p>\n<p>\ud835\udde3\ud835\uddff\ud835\uddf2\ud835\ude00\ud835\uddf2\ud835\uddfb\ud835\ude01\ud835\uddee\ud835\uddf0\ud835\uddf6\ud835\uddfc\u0301\ud835\uddfb \ud835\uddf1\ud835\uddf2 \ud835\udde5\ud835\uddf2\ud835\ude00\ud835\ude02\ud835\uddfa\ud835\uddf2\ud835\uddfb<\/p>\n<p>El\u00a0<strong>plazo de presentaci\u00f3n del Resumen<\/strong>\u00a0ser\u00e1 hasta el \ud835\udfec\ud835\udfef\/\ud835\udfec\ud835\udff0\/\ud835\udfee\ud835\udfec\ud835\udfee\ud835\udfef. Los autores deber\u00e1n realizar obligatoriamente la inscripci\u00f3n, con todos los datos requeridos. Enviar el resumen por correo electr\u00f3nico a\u00a0<a href=\"mailto:congresoregional2023@eco.unca.edu.ar\" target=\"_blank\" rel=\"noopener\"><strong>congresoregional2023@eco.unca.edu.ar<\/strong><\/a><\/p>\n<p>\ud835\uddd6\ud835\uddfc\ud835\uddfb\ud835\uddf3\ud835\uddf6\ud835\uddff\ud835\uddfa\ud835\uddee\ud835\uddff \ud835\uddf9\ud835\uddee \ud835\uddfd\ud835\uddee\ud835\uddff\ud835\ude01\ud835\uddf6\ud835\uddf0\ud835\uddf6\ud835\uddfd\ud835\uddee\ud835\uddf0\ud835\uddf6\ud835\uddfc\u0301\ud835\uddfb \ud835\uddf2\ud835\uddfb \ud835\uddf2\ud835\uddf9 \ud835\uddf0\ud835\uddfc\ud835\uddfb\ud835\uddf4\ud835\uddff\ud835\uddf2\ud835\ude00\ud835\uddfc \ud835\uddee \ud835\ude01\ud835\uddff\ud835\uddee\ud835\ude03\ud835\uddf2\u0301\ud835\ude00 \ud835\uddf1\ud835\uddf2\ud835\uddf9 \ud835\uddd9\ud835\uddfc\ud835\uddff\ud835\uddfa\ud835\ude02\ud835\uddf9\ud835\uddee\ud835\uddff\ud835\uddf6\ud835\uddfc \ud835\uddf1\ud835\uddf2 \ud835\udddc\ud835\uddfb\ud835\ude00\ud835\uddf0\ud835\uddff\ud835\uddf6\ud835\uddfd\ud835\uddf0\ud835\uddf6\ud835\uddfc\u0301\ud835\uddfb:<br \/>\n<strong><a href=\"https:\/\/64104.clicks.dattanet.com\/track\/click?u=3154943&amp;p=36343130343a313230363a303a303a333a31&amp;s=b6649b01e5c806b1915deaf03fbe13ad&amp;m=8839\" target=\"_blank\" rel=\"noopener\" data-saferedirecturl=\"https:\/\/www.google.com\/url?q=https:\/\/64104.clicks.dattanet.com\/track\/click?u%3D3154943%26p%3D36343130343a313230363a303a303a333a31%26s%3Db6649b01e5c806b1915deaf03fbe13ad%26m%3D8839&amp;source=gmail&amp;ust=1678293420199000&amp;usg=AOvVaw3X-m-uIyyIraYyrlxZ70mg\">https:\/\/docs.google.com\/forms\/d\/e\/1FAIpQLSfAIff_m0exXUocPE3PMQmQmcS-EH7ZMhjJcHRQ5YfnP3OrHQ\/viewform<\/a><\/strong><\/p>\n<p>\ud835\udde3\ud835\uddff\ud835\uddf2\ud835\ude00\ud835\uddf2\ud835\uddfb\ud835\ude01\ud835\uddee\ud835\uddf0\ud835\uddf6\ud835\uddfc\u0301\ud835\uddfb \ud835\uddf1\ud835\uddf2 \ud835\udde3\ud835\uddfc\ud835\uddfb\ud835\uddf2\ud835\uddfb\ud835\uddf0\ud835\uddf6\ud835\uddee\ud835\ude00<\/p>\n<p>Las ponencias, cuyos res\u00famenes hayan sido aprobados, deber\u00e1n enviarse, por correo electr\u00f3nico a\u00a0<a href=\"mailto:congresoregional2023@eco.unca.edu.ar\" target=\"_blank\" rel=\"noopener\"><strong>congresoregional2023@eco.unca.edu.ar<\/strong><\/a>.<\/p>\n<p>El\u00a0<strong>plazo de presentaci\u00f3n de Ponencias<\/strong>\u00a0ser\u00e1 hasta el \ud835\udfee\ud835\udff3 \ud835\uddf1\ud835\uddf2 \ud835\uddd4\ud835\uddef\ud835\uddff\ud835\uddf6\ud835\uddf9 \ud835\uddf1\ud835\uddf2 \ud835\udfee\ud835\udfec\ud835\udfee\ud835\udfef.<\/p>\n<p>\ud835\uddd4\ud835\uddff\ud835\uddee\ud835\uddfb\ud835\uddf0\ud835\uddf2\ud835\uddf9\ud835\uddf2\ud835\ude00<\/p>\n<p>El costo del arancel de inscripci\u00f3n ha sido estructurado sobre bases diferenciales en funci\u00f3n de la categor\u00eda de los participantes que decidan inscribirse:<\/p>\n<p>Integrantes de la REDFACE Docentes\/Investigadores: $4.000<br \/>\nEstudiantes: $100<br \/>\nParticipantes en General<br \/>\nOtros: $5.000<br \/>\nEstudiantes: $1.500<\/p>\n<p>\ud835\uddd6\ud835\uddfc\ud835\uddfb\ud835\ude00\ud835\ude02\ud835\uddf9\ud835\ude01\ud835\uddee\ud835\ude00:\u00a0<strong><a href=\"mailto:congresoregional2023@eco.unca.edu.ar\" target=\"_blank\" rel=\"noopener\">congresoregional2023@eco.unca.edu.ar<\/a><\/strong><\/p>\n<p>Para m\u00e1s informaci\u00f3n al respecto, hace click en:<\/p>\n<p><strong><a href=\"https:\/\/64104.clicks.dattanet.com\/track\/click?u=3154944&amp;p=36343130343a313230363a303a303a363a31&amp;s=b6649b01e5c806b1915deaf03fbe13ad&amp;m=8839\" target=\"_blank\" rel=\"noopener\" data-saferedirecturl=\"https:\/\/www.google.com\/url?q=https:\/\/64104.clicks.dattanet.com\/track\/click?u%3D3154944%26p%3D36343130343a313230363a303a303a363a31%26s%3Db6649b01e5c806b1915deaf03fbe13ad%26m%3D8839&amp;source=gmail&amp;ust=1678293420199000&amp;usg=AOvVaw1k6yp9IbbsZo3_4HJ6BUrZ\">https:\/\/eco.unca.edu.ar\/eventos\/primer-congreso-pos-pandemia.php<\/a><\/strong><\/p>\n","protected":false},"excerpt":{"rendered":"<p>La\u00a0Facultad de Ciencias Econ\u00f3micas y de Administraci\u00f3n\u00a0de la\u00a0Universidad Nacional de Catamarca, invita a participar del\u00a0\u00abI Congreso Regional Estado y Administraci\u00f3n &#8211; 2023\u00bb\u00a0bajo el lema\u00a0\u00abEl Estado Pos-Pandemia\u00bb. El mismo se realizar\u00e1 de manera presencial y con inscripci\u00f3n previa, los d\u00edas \ud835\udfed\ud835\udff4 \ud835\ude06 \ud835\udfed\ud835\udff5 \ud835\uddf1\ud835\uddf2 \ud835\udde0\ud835\uddee\ud835\ude06\ud835\uddfc \ud835\uddf1\ud835\uddf2 \ud835\udfee\ud835\udfec\ud835\udfee\ud835\udfef. \ud835\udde2\ud835\uddef\ud835\uddf7\ud835\uddf2\ud835\ude01\ud835\uddf6\ud835\ude03\ud835\uddfc \ud835\uddf4\ud835\uddf2\ud835\uddfb\ud835\uddf2\ud835\uddff\ud835\uddee\ud835\uddf9 Crear un espacio para la reflexi\u00f3n, el [&hellip;]<\/p>\n","protected":false},"author":2,"featured_media":15745,"comment_status":"open","ping_status":"open","sticky":false,"template":"","format":"standard","meta":{"_et_pb_use_builder":"","_et_pb_old_content":"","_et_gb_content_width":"","footnotes":""},"categories":[4],"tags":[529,991,368],"_links":{"self":[{"href":"https:\/\/face.unt.edu.ar\/web\/wp-json\/wp\/v2\/posts\/15744"}],"collection":[{"href":"https:\/\/face.unt.edu.ar\/web\/wp-json\/wp\/v2\/posts"}],"about":[{"href":"https:\/\/face.unt.edu.ar\/web\/wp-json\/wp\/v2\/types\/post"}],"author":[{"embeddable":true,"href":"https:\/\/face.unt.edu.ar\/web\/wp-json\/wp\/v2\/users\/2"}],"replies":[{"embeddable":true,"href":"https:\/\/face.unt.edu.ar\/web\/wp-json\/wp\/v2\/comments?post=15744"}],"version-history":[{"count":1,"href":"https:\/\/face.unt.edu.ar\/web\/wp-json\/wp\/v2\/posts\/15744\/revisions"}],"predecessor-version":[{"id":15746,"href":"https:\/\/face.unt.edu.ar\/web\/wp-json\/wp\/v2\/posts\/15744\/revisions\/15746"}],"wp:featuredmedia":[{"embeddable":true,"href":"https:\/\/face.unt.edu.ar\/web\/wp-json\/wp\/v2\/media\/15745"}],"wp:attachment":[{"href":"https:\/\/face.unt.edu.ar\/web\/wp-json\/wp\/v2\/media?parent=15744"}],"wp:term":[{"taxonomy":"category","embeddable":true,"href":"https:\/\/face.unt.edu.ar\/web\/wp-json\/wp\/v2\/categories?post=15744"},{"taxonomy":"post_tag","embeddable":true,"href":"https:\/\/face.unt.edu.ar\/web\/wp-json\/wp\/v2\/tags?post=15744"}],"curies":[{"name":"wp","href":"https:\/\/api.w.org\/{rel}","templated":true}]}}