{"id":15768,"date":"2023-03-09T14:51:17","date_gmt":"2023-03-09T14:51:17","guid":{"rendered":"https:\/\/face.unt.edu.ar\/web\/?p=15768"},"modified":"2023-03-09T14:51:17","modified_gmt":"2023-03-09T14:51:17","slug":"miguel-broda-estamos-tratando-de-no-caer-en-el-infierno-publicacion-en-la-gaceta","status":"publish","type":"post","link":"https:\/\/face.unt.edu.ar\/web\/blog\/miguel-broda-estamos-tratando-de-no-caer-en-el-infierno-publicacion-en-la-gaceta\/","title":{"rendered":"Miguel Broda: \u201cEstamos tratando de no caer en el infierno\u201d &#8211; Publicaci\u00f3n en La Gaceta"},"content":{"rendered":"<p id=\"spksumary\">El economista disert\u00f3 en el marco del 75\u00b0 aniversario de la creaci\u00f3n de la Facultad de Ciencias Econ\u00f3micas. Decadencia y lobbies.<\/p>\n<div class=\"col-xl-10\">\n<div class=\"articleBody\">\n<p>En el marco de las celebraciones por los 75 a\u00f1os de vida institucional, la Facultad de Ciencias Econ\u00f3micas de la UNT realiz\u00f3 un acto en la Quinta Agron\u00f3mica, donde las principales autoridades recordaron la historia de la casa de estudios, actu\u00f3 la Orquesta Sinf\u00f3nica de la Universidad Nacional de Tucum\u00e1n y disert\u00f3 el economista\u00a0<strong>Miguel \u00c1ngel Broda<\/strong>.<\/p>\n<\/div>\n<\/div>\n<div class=\"col-xl-10\">\n<div class=\"articleBody\">\n<p>En la ocasi\u00f3n, el invitado habl\u00f3 sobre \u201cLa decadencia argentina , \u00bfd\u00f3nde estamos y c\u00f3mo salir?\u201d, con una visi\u00f3n cr\u00edtica durante el revisionismo de las administraciones de los \u00faltimos 80 a\u00f1os y las evaluaciones y conclusiones propias sobre la marcha de la econom\u00eda nacional.<\/p>\n<p>Ver nota completa en el link: <a href=\"https:\/\/www.lagaceta.com.ar\/nota\/968305\/educacion\/miguel-broda-estamos-tratando-no-caer-infierno.html\" target=\"_blank\" rel=\"noopener\"><strong>https:\/\/www.lagaceta.com.ar\/nota\/968305\/educacion\/miguel-broda-estamos-tratando-no-caer-infierno.html<\/strong><\/a><\/p>\n<\/div>\n<\/div>\n","protected":false},"excerpt":{"rendered":"<p>El economista disert\u00f3 en el marco del 75\u00b0 aniversario de la creaci\u00f3n de la Facultad de Ciencias Econ\u00f3micas. Decadencia y lobbies. En el marco de las celebraciones por los 75 a\u00f1os de vida institucional, la Facultad de Ciencias Econ\u00f3micas de la UNT realiz\u00f3 un acto en la Quinta Agron\u00f3mica, donde las principales autoridades recordaron la [&hellip;]<\/p>\n","protected":false},"author":2,"featured_media":15769,"comment_status":"open","ping_status":"open","sticky":false,"template":"","format":"standard","meta":{"_et_pb_use_builder":"","_et_pb_old_content":"","_et_gb_content_width":"","footnotes":""},"categories":[11],"tags":[],"_links":{"self":[{"href":"https:\/\/face.unt.edu.ar\/web\/wp-json\/wp\/v2\/posts\/15768"}],"collection":[{"href":"https:\/\/face.unt.edu.ar\/web\/wp-json\/wp\/v2\/posts"}],"about":[{"href":"https:\/\/face.unt.edu.ar\/web\/wp-json\/wp\/v2\/types\/post"}],"author":[{"embeddable":true,"href":"https:\/\/face.unt.edu.ar\/web\/wp-json\/wp\/v2\/users\/2"}],"replies":[{"embeddable":true,"href":"https:\/\/face.unt.edu.ar\/web\/wp-json\/wp\/v2\/comments?post=15768"}],"version-history":[{"count":1,"href":"https:\/\/face.unt.edu.ar\/web\/wp-json\/wp\/v2\/posts\/15768\/revisions"}],"predecessor-version":[{"id":15770,"href":"https:\/\/face.unt.edu.ar\/web\/wp-json\/wp\/v2\/posts\/15768\/revisions\/15770"}],"wp:featuredmedia":[{"embeddable":true,"href":"https:\/\/face.unt.edu.ar\/web\/wp-json\/wp\/v2\/media\/15769"}],"wp:attachment":[{"href":"https:\/\/face.unt.edu.ar\/web\/wp-json\/wp\/v2\/media?parent=15768"}],"wp:term":[{"taxonomy":"category","embeddable":true,"href":"https:\/\/face.unt.edu.ar\/web\/wp-json\/wp\/v2\/categories?post=15768"},{"taxonomy":"post_tag","embeddable":true,"href":"https:\/\/face.unt.edu.ar\/web\/wp-json\/wp\/v2\/tags?post=15768"}],"curies":[{"name":"wp","href":"https:\/\/api.w.org\/{rel}","templated":true}]}}