{"id":15820,"date":"2023-03-17T17:00:41","date_gmt":"2023-03-17T17:00:41","guid":{"rendered":"https:\/\/face.unt.edu.ar\/web\/?p=15820"},"modified":"2023-03-17T16:43:42","modified_gmt":"2023-03-17T16:43:42","slug":"jornadas-de-costos-y-control-de-gestion-noa","status":"publish","type":"post","link":"https:\/\/face.unt.edu.ar\/web\/blog\/jornadas-de-costos-y-control-de-gestion-noa\/","title":{"rendered":"Jornadas de Costos y Control de Gesti\u00f3n NOA"},"content":{"rendered":"<p>Nuestra <strong>Facultad de Ciencias Econ\u00f3micas de la UNT<\/strong> ser\u00e1 sede de las <strong>Jornadas de Costos y Control de Gesti\u00f3n del NOA<\/strong> \u201cIdeas y Acci\u00f3n: una simbiosis para el \u00e9xito profesional\u201d.<\/p>\n<p>Se realizar\u00e1n el <strong>22 y 23 de marzo<\/strong>, con <strong>modalidad h\u00edbrida.<\/strong><\/p>\n<p>Actividad no arancelada.<\/p>\n<p>Link de inscripci\u00f3n: <a href=\"https:\/\/forms.gle\/MZTFyfaVPtYEJw728\" target=\"_blank\" rel=\"noopener\"><strong>https:\/\/forms.gle\/MZTFyfaVPtYEJw728<\/strong><\/a><\/p>\n<p>Link de presentaci\u00f3n de trabajo: <a href=\"https:\/\/forms.gle\/QAJ9TaepzQUqYqPn8\" target=\"_blank\" rel=\"noopener\"><strong>https:\/\/forms.gle\/QAJ9TaepzQUqYqPn8<\/strong><\/a><\/p>\n<p>Consultas: jornadasdecostosnoa@gmail.com<\/p>\n","protected":false},"excerpt":{"rendered":"<p>Nuestra Facultad de Ciencias Econ\u00f3micas de la UNT ser\u00e1 sede de las Jornadas de Costos y Control de Gesti\u00f3n del NOA \u201cIdeas y Acci\u00f3n: una simbiosis para el \u00e9xito profesional\u201d. Se realizar\u00e1n el 22 y 23 de marzo, con modalidad h\u00edbrida. Actividad no arancelada. Link de inscripci\u00f3n: https:\/\/forms.gle\/MZTFyfaVPtYEJw728 Link de presentaci\u00f3n de trabajo: https:\/\/forms.gle\/QAJ9TaepzQUqYqPn8 Consultas: [&hellip;]<\/p>\n","protected":false},"author":123457,"featured_media":15821,"comment_status":"open","ping_status":"open","sticky":false,"template":"","format":"standard","meta":{"_et_pb_use_builder":"","_et_pb_old_content":"","_et_gb_content_width":"","footnotes":""},"categories":[4],"tags":[376,496,36,1057,418],"_links":{"self":[{"href":"https:\/\/face.unt.edu.ar\/web\/wp-json\/wp\/v2\/posts\/15820"}],"collection":[{"href":"https:\/\/face.unt.edu.ar\/web\/wp-json\/wp\/v2\/posts"}],"about":[{"href":"https:\/\/face.unt.edu.ar\/web\/wp-json\/wp\/v2\/types\/post"}],"author":[{"embeddable":true,"href":"https:\/\/face.unt.edu.ar\/web\/wp-json\/wp\/v2\/users\/123457"}],"replies":[{"embeddable":true,"href":"https:\/\/face.unt.edu.ar\/web\/wp-json\/wp\/v2\/comments?post=15820"}],"version-history":[{"count":2,"href":"https:\/\/face.unt.edu.ar\/web\/wp-json\/wp\/v2\/posts\/15820\/revisions"}],"predecessor-version":[{"id":15823,"href":"https:\/\/face.unt.edu.ar\/web\/wp-json\/wp\/v2\/posts\/15820\/revisions\/15823"}],"wp:featuredmedia":[{"embeddable":true,"href":"https:\/\/face.unt.edu.ar\/web\/wp-json\/wp\/v2\/media\/15821"}],"wp:attachment":[{"href":"https:\/\/face.unt.edu.ar\/web\/wp-json\/wp\/v2\/media?parent=15820"}],"wp:term":[{"taxonomy":"category","embeddable":true,"href":"https:\/\/face.unt.edu.ar\/web\/wp-json\/wp\/v2\/categories?post=15820"},{"taxonomy":"post_tag","embeddable":true,"href":"https:\/\/face.unt.edu.ar\/web\/wp-json\/wp\/v2\/tags?post=15820"}],"curies":[{"name":"wp","href":"https:\/\/api.w.org\/{rel}","templated":true}]}}