{"id":15836,"date":"2023-03-27T13:05:43","date_gmt":"2023-03-27T13:05:43","guid":{"rendered":"https:\/\/face.unt.edu.ar\/web\/?p=15836"},"modified":"2023-03-27T13:07:40","modified_gmt":"2023-03-27T13:07:40","slug":"el-adios-a-victor-elias-el-maestro-deja-un-legado-grabado-a-fuego","status":"publish","type":"post","link":"https:\/\/face.unt.edu.ar\/web\/blog\/el-adios-a-victor-elias-el-maestro-deja-un-legado-grabado-a-fuego\/","title":{"rendered":"El adi\u00f3s a V\u00edctor El\u00edas: El maestro deja un legado grabado a fuego &#8211; Publicaci\u00f3n de La Gaceta"},"content":{"rendered":"<p id=\"spksumary\">Form\u00f3 generaciones de economistas. Se destac\u00f3 por su claridad conceptual y por la humildad en sus acciones. Dolor y recuerdo ante su partida.<\/p>\n<div class=\"txt\">Por\u00a0<b>Marcelo Aguaysol<\/b><\/div>\n<div><\/div>\n<div><\/div>\n<div class=\"articleBody\">\n<p>No son muchos los profesores que han dejado profundas huellas por sus m\u00e9todos de ense\u00f1anza en los claustros universitarios. V\u00edctor Jorge El\u00edas fue uno de ellos. Un maestro. Un economista que\u00a0<a href=\"https:\/\/www.lagaceta.com.ar\/nota\/983929\/actualidad\/hasta-siempre-gran-profesor.html\" target=\"_blank\" rel=\"noopener noreferrer\">supo transmitir sus conocimientos de generaci\u00f3n en generaci\u00f3n<\/a>\u00a0y que prefiri\u00f3 quedarse en \u201csu\u201d Tucum\u00e1n, como \u00e9l lo defin\u00eda, antes de radicarse en cualquier universidad estadounidense, preferentemente en Chicago.<\/p>\n<\/div>\n<div class=\"col-xl-10\">\n<div class=\"articleBody\">\n<p>El\u00edas ten\u00eda la virtud de que, a trav\u00e9s de su humildad, convert\u00eda los duros conceptos de la econom\u00eda en una definici\u00f3n que cualquier ciudadano pod\u00eda interpretarla. Tanta era su impronta en distintas entidades que su amigo, Juan Carlos De Pablo, recuerda una de sus caracter\u00edsticas fundamentales cuando \u201cel Turco\u201d (tal como lo denominaba y se lo conoc\u00eda en el mundo de los expertos) era miembro de la Academia Nacional de Ciencias Econ\u00f3micas (ANCE). \u201cLa suya es una ausencia f\u00edsica en los seminarios que tienen lugar en la sede de la instituci\u00f3n, pero una presencia cuando se trata de evaluar trabajos para los premios que otorga la ANCE, u otro tipo de tareas. En otros t\u00e9rminos, El\u00edas est\u00e1 aunque no est\u00e9\u201d, rememor\u00f3 De Pablo cuando El\u00edas hab\u00eda cumplido 80 a\u00f1os de edad. Y su presencia seguir\u00e1 latente, m\u00e1s all\u00e1 de aquella ausencia f\u00edsica. En cada pasillo de la Facultad de Ciencias Econ\u00f3micas de la Universidad Nacional de Tucum\u00e1n (UNT), en cada aula donde dict\u00f3 clases, en cada caf\u00e9 que supo compartir con amigos, en su casa, donde sol\u00eda recibir a los visitantes con una atenci\u00f3n casi personalizada para que se sienta como en la propia. En m\u00e1s de tres d\u00e9cadas de periodismo, este oficio me permiti\u00f3 conocerlo a fondo; escuchar sus ense\u00f1anzas; interpretar cada frase que lanzaba y que parec\u00eda un acertijo a develar. Las entrevistas se convert\u00edan en largas charlas. No era necesario desgrabarlas. \u201cDisc\u00falpeme unos segundos\u201d, me dijo aquel d\u00eda de julio de 2017. Atendi\u00f3 el tel\u00e9fono a Arnold Carl Harberger, un economista de Chicago y gran amigo del tucumano, que le confirmaba su llegada a la provincia para celebrar aquellos 80 a\u00f1os. En una vitrina de su residencia, El\u00edas exhib\u00eda fotograf\u00edas con grandes economistas, varios de ellos obtuvieron el Premio Nobel en la especialidad. \u201cA mi me gusta Tucum\u00e1n. Soy de aqu\u00ed y aqu\u00ed me quedar\u00e9\u201d, dijo insistentemente en varias conversaciones que mantuvimos a lo largo de los \u00faltimos a\u00f1os.<\/p>\n<\/div>\n<p>Leer completa en <strong><a href=\"https:\/\/www.lagaceta.com.ar\/nota\/983998\/economia\/adios-victor-elias-maestro-deja-legado-grabado-fuego.html\" target=\"_blank\" rel=\"noopener\">https:\/\/www.lagaceta.com.ar\/nota\/983998\/economia\/adios-victor-elias-maestro-deja-legado-grabado-fuego.html<\/a><\/strong><\/p>\n<\/div>\n","protected":false},"excerpt":{"rendered":"<p>Form\u00f3 generaciones de economistas. Se destac\u00f3 por su claridad conceptual y por la humildad en sus acciones. Dolor y recuerdo ante su partida. Por\u00a0Marcelo Aguaysol No son muchos los profesores que han dejado profundas huellas por sus m\u00e9todos de ense\u00f1anza en los claustros universitarios. V\u00edctor Jorge El\u00edas fue uno de ellos. Un maestro. Un economista [&hellip;]<\/p>\n","protected":false},"author":2,"featured_media":15837,"comment_status":"open","ping_status":"open","sticky":false,"template":"","format":"standard","meta":{"_et_pb_use_builder":"","_et_pb_old_content":"","_et_gb_content_width":"","footnotes":""},"categories":[11],"tags":[],"_links":{"self":[{"href":"https:\/\/face.unt.edu.ar\/web\/wp-json\/wp\/v2\/posts\/15836"}],"collection":[{"href":"https:\/\/face.unt.edu.ar\/web\/wp-json\/wp\/v2\/posts"}],"about":[{"href":"https:\/\/face.unt.edu.ar\/web\/wp-json\/wp\/v2\/types\/post"}],"author":[{"embeddable":true,"href":"https:\/\/face.unt.edu.ar\/web\/wp-json\/wp\/v2\/users\/2"}],"replies":[{"embeddable":true,"href":"https:\/\/face.unt.edu.ar\/web\/wp-json\/wp\/v2\/comments?post=15836"}],"version-history":[{"count":3,"href":"https:\/\/face.unt.edu.ar\/web\/wp-json\/wp\/v2\/posts\/15836\/revisions"}],"predecessor-version":[{"id":15840,"href":"https:\/\/face.unt.edu.ar\/web\/wp-json\/wp\/v2\/posts\/15836\/revisions\/15840"}],"wp:featuredmedia":[{"embeddable":true,"href":"https:\/\/face.unt.edu.ar\/web\/wp-json\/wp\/v2\/media\/15837"}],"wp:attachment":[{"href":"https:\/\/face.unt.edu.ar\/web\/wp-json\/wp\/v2\/media?parent=15836"}],"wp:term":[{"taxonomy":"category","embeddable":true,"href":"https:\/\/face.unt.edu.ar\/web\/wp-json\/wp\/v2\/categories?post=15836"},{"taxonomy":"post_tag","embeddable":true,"href":"https:\/\/face.unt.edu.ar\/web\/wp-json\/wp\/v2\/tags?post=15836"}],"curies":[{"name":"wp","href":"https:\/\/api.w.org\/{rel}","templated":true}]}}