{"id":15979,"date":"2023-04-03T14:07:15","date_gmt":"2023-04-03T14:07:15","guid":{"rendered":"https:\/\/face.unt.edu.ar\/web\/?p=15979"},"modified":"2023-04-03T14:24:35","modified_gmt":"2023-04-03T14:24:35","slug":"la-nueva-edicion-de-nuestra-revista-economicas-digital-ya-esta-disponible","status":"publish","type":"post","link":"https:\/\/face.unt.edu.ar\/web\/blog\/la-nueva-edicion-de-nuestra-revista-economicas-digital-ya-esta-disponible\/","title":{"rendered":"\u00a1\u00a1\u00a1La nueva edici\u00f3n de nuestra revista \u201cEcon\u00f3micas Digital\u201d ya est\u00e1 disponible!!!"},"content":{"rendered":"<p>Nuestra <strong>Facultad de Ciencias Econ\u00f3micas de la UNT<\/strong> public\u00f3 un nuevo n\u00famero de su <strong>revista \u201cEcon\u00f3micas Digital\u201d<\/strong>. A trav\u00e9s de ella se difunde la actualidad de nuestra instituci\u00f3n.<\/p>\n<p>Esta nueva edici\u00f3n presenta el editorial del decano, <strong>Mg. Jorge Rospide<\/strong>, donde habla de \u201cla Facultad a la que aspiramos\u201d. En Graduados por el Mundo incluye la entrevista a la <strong>Mg. Carolina Ortiz Soler<\/strong>. Adem\u00e1s, un art\u00edculo del <strong>Esp. Marcelo Medina Galv\u00e1n<\/strong> sobre Big Data en las Ciencias Sociales. En Protagonistas, cuenta la experiencia de un grupo de estudiantes y docentes de nuestra Casa que realizaron un viaje de estudios a Buenos Aires, en el marco de la asignatura <strong>Contabilidad y Administraci\u00f3n P\u00fablica II<\/strong>. Y tambi\u00e9n incluye un resumen del trabajo que realizaron dos estudiantes de la Licenciatura en Econom\u00eda, <strong>Augusto Santolaya<\/strong> y <strong>Mateo Molins<\/strong>, sobre la valoraci\u00f3n econ\u00f3mica de los servicios del Parque Sierra San Javier.<\/p>\n<p><strong><a href=\"https:\/\/drive.google.com\/file\/d\/14pNPY-cbBX72hmYeC-LJIH-TRsADaJVe\/view?usp=share_link\" target=\"_blank\" rel=\"noopener\">Pueden descargar la edici\u00f3n N\u00b0 13 de la revista Econ\u00f3micas Digital haciendo clic aqu\u00ed.<\/a><\/strong><\/p>\n<p><a href=\"https:\/\/face.unt.edu.ar\/web\/revista-economicas-digital\/\" target=\"_blank\" rel=\"noopener\"><strong>Pueden ver las ediciones anteriores haciendo clic aqu\u00ed.<\/strong><\/a><\/p>\n","protected":false},"excerpt":{"rendered":"<p>Nuestra Facultad de Ciencias Econ\u00f3micas de la UNT public\u00f3 un nuevo n\u00famero de su revista \u201cEcon\u00f3micas Digital\u201d. A trav\u00e9s de ella se difunde la actualidad de nuestra instituci\u00f3n. Esta nueva edici\u00f3n presenta el editorial del decano, Mg. Jorge Rospide, donde habla de \u201cla Facultad a la que aspiramos\u201d. En Graduados por el Mundo incluye la [&hellip;]<\/p>\n","protected":false},"author":2,"featured_media":15983,"comment_status":"open","ping_status":"open","sticky":false,"template":"","format":"standard","meta":{"_et_pb_use_builder":"","_et_pb_old_content":"","_et_gb_content_width":"","footnotes":""},"categories":[4],"tags":[691,690],"_links":{"self":[{"href":"https:\/\/face.unt.edu.ar\/web\/wp-json\/wp\/v2\/posts\/15979"}],"collection":[{"href":"https:\/\/face.unt.edu.ar\/web\/wp-json\/wp\/v2\/posts"}],"about":[{"href":"https:\/\/face.unt.edu.ar\/web\/wp-json\/wp\/v2\/types\/post"}],"author":[{"embeddable":true,"href":"https:\/\/face.unt.edu.ar\/web\/wp-json\/wp\/v2\/users\/2"}],"replies":[{"embeddable":true,"href":"https:\/\/face.unt.edu.ar\/web\/wp-json\/wp\/v2\/comments?post=15979"}],"version-history":[{"count":4,"href":"https:\/\/face.unt.edu.ar\/web\/wp-json\/wp\/v2\/posts\/15979\/revisions"}],"predecessor-version":[{"id":15985,"href":"https:\/\/face.unt.edu.ar\/web\/wp-json\/wp\/v2\/posts\/15979\/revisions\/15985"}],"wp:featuredmedia":[{"embeddable":true,"href":"https:\/\/face.unt.edu.ar\/web\/wp-json\/wp\/v2\/media\/15983"}],"wp:attachment":[{"href":"https:\/\/face.unt.edu.ar\/web\/wp-json\/wp\/v2\/media?parent=15979"}],"wp:term":[{"taxonomy":"category","embeddable":true,"href":"https:\/\/face.unt.edu.ar\/web\/wp-json\/wp\/v2\/categories?post=15979"},{"taxonomy":"post_tag","embeddable":true,"href":"https:\/\/face.unt.edu.ar\/web\/wp-json\/wp\/v2\/tags?post=15979"}],"curies":[{"name":"wp","href":"https:\/\/api.w.org\/{rel}","templated":true}]}}