{"id":1612,"date":"2015-04-20T11:17:50","date_gmt":"2015-04-20T11:17:50","guid":{"rendered":"http:\/\/face.unt.edu.ar\/web\/?p=1612"},"modified":"2015-04-20T13:00:58","modified_gmt":"2015-04-20T13:00:58","slug":"la-facultad-de-ciencias-economicas-sera-sede-del-proximo-plenario-de-la-asamblea-universitaria","status":"publish","type":"post","link":"https:\/\/face.unt.edu.ar\/web\/blog\/la-facultad-de-ciencias-economicas-sera-sede-del-proximo-plenario-de-la-asamblea-universitaria\/","title":{"rendered":"La Facultad de Ciencias Econ\u00f3micas ser\u00e1 sede del pr\u00f3ximo Plenario de la Asamblea Universitaria"},"content":{"rendered":"<p>Se realizar\u00e1 el mi\u00e9rcoles 22 de Abril, a partir de las 8 horas, en el Aula Magna.<br \/>\nLa Presidencia de la Asamblea Universitaria de la Universidad Nacional de Tucum\u00e1n inform\u00f3 que el pr\u00f3ximo encuentro Plenario previsto para el mi\u00e9rcoles 22 de abril, se llevar\u00e1 a cabo en el Aula Magna de la Facultad de Ciencias Econ\u00f3micas, ubicada en el Centro Herrera, Av. Independencia al 1.800, a partir de las 8.<!--more--><br \/>\nEn dicho encuentro, el cuerpo retomar\u00e1 el debate de la Carrera Docente dentro del Estatuto de la UNT.<\/p>\n<p>&nbsp;<\/p>\n<p><a href=\"http:\/\/http:\/\/untnoticias.unt.edu.ar\/2015\/04\/el-proximo-plenario-de-la-asamblea-universitaria-se-llevara-a-cabo-en-el-centro-herrera\/\">Fuente\u00a0http:\/\/untnoticias.unt.edu.ar\/2015\/04\/el-proximo-plenario-de-la-asamblea-universitaria-se-llevara-a-cabo-en-el-centro-herrera\/<\/a><\/p>\n","protected":false},"excerpt":{"rendered":"<p>Se realizar\u00e1 el mi\u00e9rcoles 22 de Abril, a partir de las 8 horas, en el Aula Magna. La Presidencia de la Asamblea Universitaria de la Universidad Nacional de Tucum\u00e1n inform\u00f3 que el pr\u00f3ximo encuentro Plenario previsto para el mi\u00e9rcoles 22 de abril, se llevar\u00e1 a cabo en el Aula Magna de la Facultad de Ciencias [&hellip;]<\/p>\n","protected":false},"author":2,"featured_media":1613,"comment_status":"open","ping_status":"open","sticky":false,"template":"","format":"standard","meta":{"_et_pb_use_builder":"","_et_pb_old_content":"","_et_gb_content_width":"","footnotes":""},"categories":[4],"tags":[],"_links":{"self":[{"href":"https:\/\/face.unt.edu.ar\/web\/wp-json\/wp\/v2\/posts\/1612"}],"collection":[{"href":"https:\/\/face.unt.edu.ar\/web\/wp-json\/wp\/v2\/posts"}],"about":[{"href":"https:\/\/face.unt.edu.ar\/web\/wp-json\/wp\/v2\/types\/post"}],"author":[{"embeddable":true,"href":"https:\/\/face.unt.edu.ar\/web\/wp-json\/wp\/v2\/users\/2"}],"replies":[{"embeddable":true,"href":"https:\/\/face.unt.edu.ar\/web\/wp-json\/wp\/v2\/comments?post=1612"}],"version-history":[{"count":4,"href":"https:\/\/face.unt.edu.ar\/web\/wp-json\/wp\/v2\/posts\/1612\/revisions"}],"predecessor-version":[{"id":1617,"href":"https:\/\/face.unt.edu.ar\/web\/wp-json\/wp\/v2\/posts\/1612\/revisions\/1617"}],"wp:featuredmedia":[{"embeddable":true,"href":"https:\/\/face.unt.edu.ar\/web\/wp-json\/wp\/v2\/media\/1613"}],"wp:attachment":[{"href":"https:\/\/face.unt.edu.ar\/web\/wp-json\/wp\/v2\/media?parent=1612"}],"wp:term":[{"taxonomy":"category","embeddable":true,"href":"https:\/\/face.unt.edu.ar\/web\/wp-json\/wp\/v2\/categories?post=1612"},{"taxonomy":"post_tag","embeddable":true,"href":"https:\/\/face.unt.edu.ar\/web\/wp-json\/wp\/v2\/tags?post=1612"}],"curies":[{"name":"wp","href":"https:\/\/api.w.org\/{rel}","templated":true}]}}