{"id":16149,"date":"2023-05-09T15:23:07","date_gmt":"2023-05-09T15:23:07","guid":{"rendered":"https:\/\/face.unt.edu.ar\/web\/?p=16149"},"modified":"2023-05-09T15:25:07","modified_gmt":"2023-05-09T15:25:07","slug":"investigadores-del-noa-del-programa-promce-se-reunen-en-salta","status":"publish","type":"post","link":"https:\/\/face.unt.edu.ar\/web\/blog\/investigadores-del-noa-del-programa-promce-se-reunen-en-salta\/","title":{"rendered":"Investigadores del NOA del programa PROMCE se re\u00fanen en Salta"},"content":{"rendered":"<p>Se realizar\u00e1 el <strong>Primer Encuentro Regional de Investigadores del programa PROMCE<\/strong> en el marco de la <strong>REDFACE<\/strong>. El mismo tendr\u00e1 lugar el <strong>01 de Junio de 2023<\/strong>, en la <strong>Sede Met\u00e1n-Rosario de la Frontera de la Universidad Nacional de Salta<\/strong> (Rosario de la Frontera, Salta).<\/p>\n<p>Este encuentro tiene por objetivo <strong>presentar y divulgar los resultados y avances que se van obteniendo en las investigaciones <\/strong>que se est\u00e1n realizando en las diferentes Facultades miembros; de modo de compartir experiencias, problem\u00e1ticas afrontadas y favorecer la creaci\u00f3n de una verdadera comunidad regional de investigadores. Se busca visibilizar la producci\u00f3n cient\u00edfica que se est\u00e1 generando en el marco del <strong>Programa de Fortalecimiento para la investigaci\u00f3n en Ciencias Econ\u00f3micas (PROMCE)<\/strong> promovido por la Secretar\u00eda de Pol\u00edticas Universitarias.<\/p>\n<p>Est\u00e1n <strong>invitados<\/strong> <strong>a participar<\/strong> de este Encuentro los <strong>Docentes-investigadores que est\u00e9n llevando a cabo un proyecto de investigaci\u00f3n en el marco del PROMCE, estudiantes, becarios y Nodocentes que integren dichos proyectos.<\/strong><\/p>\n<p>&nbsp;<\/p>\n<p><strong>Fechas importantes:<\/strong><\/p>\n<p>&#8211; Realizaci\u00f3n del Encuentro <strong>01 de Junio<\/strong> de 2023.<\/p>\n<p><strong>&#8211; Recepci\u00f3n de res\u00famenes: hasta el 09 de Mayo del 2023. <\/strong><\/p>\n<p>&#8211; <strong>Preinscripci\u00f3n al Encuentro<\/strong>: hasta el <strong>viernes 12 de mayo<\/strong> del 2023, mediante formulario de inscripci\u00f3n habilitado para tal fin.<\/p>\n<p>&#8211; El correo electr\u00f3nico para comunicarse con los organizadores del Encuentro: <strong>encuentropromceredface@gmail.com<\/strong><\/p>\n<p><a href=\"https:\/\/drive.google.com\/file\/d\/1zdco--eFoCHsNwY-GGtJmnON1ErQLDOm\/view?usp=sharing\" target=\"_blank\" rel=\"noopener\"><strong>Descargar la Primera Circular del Encuentro haciendo clic aqu\u00ed. <\/strong><\/a><\/p>\n<p>&nbsp;<\/p>\n","protected":false},"excerpt":{"rendered":"<p>Se realizar\u00e1 el Primer Encuentro Regional de Investigadores del programa PROMCE en el marco de la REDFACE. El mismo tendr\u00e1 lugar el 01 de Junio de 2023, en la Sede Met\u00e1n-Rosario de la Frontera de la Universidad Nacional de Salta (Rosario de la Frontera, Salta). Este encuentro tiene por objetivo presentar y divulgar los resultados [&hellip;]<\/p>\n","protected":false},"author":2,"featured_media":16150,"comment_status":"open","ping_status":"open","sticky":false,"template":"","format":"standard","meta":{"_et_pb_use_builder":"","_et_pb_old_content":"","_et_gb_content_width":"","footnotes":""},"categories":[4],"tags":[374,1019,368],"_links":{"self":[{"href":"https:\/\/face.unt.edu.ar\/web\/wp-json\/wp\/v2\/posts\/16149"}],"collection":[{"href":"https:\/\/face.unt.edu.ar\/web\/wp-json\/wp\/v2\/posts"}],"about":[{"href":"https:\/\/face.unt.edu.ar\/web\/wp-json\/wp\/v2\/types\/post"}],"author":[{"embeddable":true,"href":"https:\/\/face.unt.edu.ar\/web\/wp-json\/wp\/v2\/users\/2"}],"replies":[{"embeddable":true,"href":"https:\/\/face.unt.edu.ar\/web\/wp-json\/wp\/v2\/comments?post=16149"}],"version-history":[{"count":4,"href":"https:\/\/face.unt.edu.ar\/web\/wp-json\/wp\/v2\/posts\/16149\/revisions"}],"predecessor-version":[{"id":16154,"href":"https:\/\/face.unt.edu.ar\/web\/wp-json\/wp\/v2\/posts\/16149\/revisions\/16154"}],"wp:featuredmedia":[{"embeddable":true,"href":"https:\/\/face.unt.edu.ar\/web\/wp-json\/wp\/v2\/media\/16150"}],"wp:attachment":[{"href":"https:\/\/face.unt.edu.ar\/web\/wp-json\/wp\/v2\/media?parent=16149"}],"wp:term":[{"taxonomy":"category","embeddable":true,"href":"https:\/\/face.unt.edu.ar\/web\/wp-json\/wp\/v2\/categories?post=16149"},{"taxonomy":"post_tag","embeddable":true,"href":"https:\/\/face.unt.edu.ar\/web\/wp-json\/wp\/v2\/tags?post=16149"}],"curies":[{"name":"wp","href":"https:\/\/api.w.org\/{rel}","templated":true}]}}