{"id":16268,"date":"2023-05-29T16:26:23","date_gmt":"2023-05-29T16:26:23","guid":{"rendered":"https:\/\/face.unt.edu.ar\/web\/?p=16268"},"modified":"2023-05-29T16:26:23","modified_gmt":"2023-05-29T16:26:23","slug":"nuestra-facultad-hizo-un-reconocimiento-a-la-trayectoria-de-la-mg-christine-isgro","status":"publish","type":"post","link":"https:\/\/face.unt.edu.ar\/web\/blog\/nuestra-facultad-hizo-un-reconocimiento-a-la-trayectoria-de-la-mg-christine-isgro\/","title":{"rendered":"Nuestra Facultad hizo un reconocimiento a la trayectoria de la Mg. Christine Isgro"},"content":{"rendered":"<p>En una ceremonia muy emotiva, realizada en la Sala del Honorable Consejo Directivo de nuestra Facultad de Ciencias Econ\u00f3micas de la UNT, se realiz\u00f3 un reconocimiento a la Mg. Christine Isgro por su trayectoria, compromiso y contribuci\u00f3n puestos al servicio de esta Casas de Estudios en su tarea como Secretaria Acad\u00e9mica y como Secretaria de Ciencia, T\u00e9cnica y Posgrado.<\/p>\n<p>En la ceremonia estuvieron presentes el decano, Mg. Jorge Rospide, el vicedecano Esp. Gustavo Sota, los secretarios del gabinete, los consejeros directivos, Docentes, Nodocentes, estudiantes, familiares y amigos.<\/p>\n<p style=\"text-align: center\"><a href=\"https:\/\/face.unt.edu.ar\/web\/wp-content\/uploads\/2023\/05\/350128028_1644116566015061_7499943101279286644_n-1.jpg\"><img decoding=\"async\" loading=\"lazy\" class=\"alignnone  wp-image-16270\" src=\"https:\/\/face.unt.edu.ar\/web\/wp-content\/uploads\/2023\/05\/350128028_1644116566015061_7499943101279286644_n-1-300x225.jpg\" alt=\"\" width=\"407\" height=\"305\" srcset=\"https:\/\/face.unt.edu.ar\/web\/wp-content\/uploads\/2023\/05\/350128028_1644116566015061_7499943101279286644_n-1-300x225.jpg 300w, https:\/\/face.unt.edu.ar\/web\/wp-content\/uploads\/2023\/05\/350128028_1644116566015061_7499943101279286644_n-1-1024x768.jpg 1024w, https:\/\/face.unt.edu.ar\/web\/wp-content\/uploads\/2023\/05\/350128028_1644116566015061_7499943101279286644_n-1-768x576.jpg 768w, https:\/\/face.unt.edu.ar\/web\/wp-content\/uploads\/2023\/05\/350128028_1644116566015061_7499943101279286644_n-1-1536x1152.jpg 1536w, https:\/\/face.unt.edu.ar\/web\/wp-content\/uploads\/2023\/05\/350128028_1644116566015061_7499943101279286644_n-1-80x60.jpg 80w, https:\/\/face.unt.edu.ar\/web\/wp-content\/uploads\/2023\/05\/350128028_1644116566015061_7499943101279286644_n-1-160x120.jpg 160w, https:\/\/face.unt.edu.ar\/web\/wp-content\/uploads\/2023\/05\/350128028_1644116566015061_7499943101279286644_n-1-265x198.jpg 265w, https:\/\/face.unt.edu.ar\/web\/wp-content\/uploads\/2023\/05\/350128028_1644116566015061_7499943101279286644_n-1-530x396.jpg 530w, https:\/\/face.unt.edu.ar\/web\/wp-content\/uploads\/2023\/05\/350128028_1644116566015061_7499943101279286644_n-1-696x522.jpg 696w, https:\/\/face.unt.edu.ar\/web\/wp-content\/uploads\/2023\/05\/350128028_1644116566015061_7499943101279286644_n-1-1392x1044.jpg 1392w, https:\/\/face.unt.edu.ar\/web\/wp-content\/uploads\/2023\/05\/350128028_1644116566015061_7499943101279286644_n-1-1068x801.jpg 1068w, https:\/\/face.unt.edu.ar\/web\/wp-content\/uploads\/2023\/05\/350128028_1644116566015061_7499943101279286644_n-1-560x420.jpg 560w, https:\/\/face.unt.edu.ar\/web\/wp-content\/uploads\/2023\/05\/350128028_1644116566015061_7499943101279286644_n-1-1120x840.jpg 1120w, https:\/\/face.unt.edu.ar\/web\/wp-content\/uploads\/2023\/05\/350128028_1644116566015061_7499943101279286644_n-1-1920x1440.jpg 1920w, https:\/\/face.unt.edu.ar\/web\/wp-content\/uploads\/2023\/05\/350128028_1644116566015061_7499943101279286644_n-1.jpg 2048w\" sizes=\"(max-width: 407px) 100vw, 407px\" \/><\/a><\/p>\n<p>Al momento de hacer entrega de la placa, el Decano expres\u00f3 que \u201ces una persona que ha contribuido a la ciencia y que ha contribuido a la gesti\u00f3n. Por eso, desde la Facultad y como autoridades creemos que es muy merecido este reconocimiento; y adem\u00e1s una muestra de nuestro afecto por todo lo que hiciste por la Facultad. Creemos que la Facultad debe tener referentes en los cuales nos tenemos que ver, y consideramos que la profesora Christine Isgro representa todos esos valores que nosotros queremos reflejar, tanto para los docentes como para nuestros estudiantes\u201d.<\/p>\n<p>Al recibir la distinci\u00f3n, la Mg. Christine Isgro, expres\u00f3: \u201cEs para m\u00ed un d\u00eda especial que me llena el coraz\u00f3n, nunca son f\u00e1ciles los finales as\u00ed que esto lo hace irme con el coraz\u00f3n henchido de cari\u00f1os. Es el final de la etapa de gesti\u00f3n que para m\u00ed ha sido muy importante. Tuve el privilegio de tener grandes maestros como Mentz, El\u00edas, Cerro, Cordom\u00ed, Blanca Lezana, y colegas de gran nivel con los que compart\u00ed todos estos a\u00f1os proyectos de investigaci\u00f3n y diversas actividades acad\u00e9micas\u2026 En todo momento tuve presente e intent\u00e9 con mi trabajo honrar la memoria y el legado de prestigiosos docentes que nos precedieron e hicieron de nuestra Facultad un faro de conocimiento con egresados que hoy se desempe\u00f1an en el pa\u00eds y en todo el mundo\u2026 Quiero agradecer al apoyo comprometido e incondicional de los equipos de trabajo Nodocente; a las autoridades de esta Facultad, de la gesti\u00f3n anterior que acompa\u00f1\u00e9 y de la actual; a mis compa\u00f1eros de gabinete y a los consejos directivos con los que trabaj\u00e9 ya que todos ellos fueron de inestimable valor para el desarrollo y la ejecuci\u00f3n de mi trabajo, much\u00edsimas gracias\u201d.<\/p>\n<p>Finalmente, el Vicedecano, le dedic\u00f3 unas palabras se\u00f1alando que \u201cnos consta el compromiso de Christine para trabajar. La conoc\u00ed tambi\u00e9n como persona y valoro a personas como ella, con su frontalidad que es un valor para destacar. Y como lo dijo el Decano, y tambi\u00e9n Christine, somos personas que transitamos en etapas y momentos de la vida, y eso no debe quedar intrascendente. Las personas que son referentes y que aportaron a nuestra Facultad tienen que ser reconocidas. Y, adem\u00e1s, recordar siempre eso como una misi\u00f3n cumplida y con toda la valoraci\u00f3n que se merece. Muchas gracias, Christine\u201d<\/p>\n<p><a href=\"https:\/\/face.unt.edu.ar\/web\/wp-content\/uploads\/2023\/05\/349664126_774407167627535_7632605280169408482_n.jpg\"><img decoding=\"async\" loading=\"lazy\" class=\"alignnone size-medium wp-image-16271\" src=\"https:\/\/face.unt.edu.ar\/web\/wp-content\/uploads\/2023\/05\/349664126_774407167627535_7632605280169408482_n-300x225.jpg\" alt=\"\" width=\"300\" height=\"225\" srcset=\"https:\/\/face.unt.edu.ar\/web\/wp-content\/uploads\/2023\/05\/349664126_774407167627535_7632605280169408482_n-300x225.jpg 300w, https:\/\/face.unt.edu.ar\/web\/wp-content\/uploads\/2023\/05\/349664126_774407167627535_7632605280169408482_n-1024x768.jpg 1024w, https:\/\/face.unt.edu.ar\/web\/wp-content\/uploads\/2023\/05\/349664126_774407167627535_7632605280169408482_n-768x576.jpg 768w, https:\/\/face.unt.edu.ar\/web\/wp-content\/uploads\/2023\/05\/349664126_774407167627535_7632605280169408482_n-1536x1152.jpg 1536w, https:\/\/face.unt.edu.ar\/web\/wp-content\/uploads\/2023\/05\/349664126_774407167627535_7632605280169408482_n-80x60.jpg 80w, https:\/\/face.unt.edu.ar\/web\/wp-content\/uploads\/2023\/05\/349664126_774407167627535_7632605280169408482_n-160x120.jpg 160w, https:\/\/face.unt.edu.ar\/web\/wp-content\/uploads\/2023\/05\/349664126_774407167627535_7632605280169408482_n-265x198.jpg 265w, https:\/\/face.unt.edu.ar\/web\/wp-content\/uploads\/2023\/05\/349664126_774407167627535_7632605280169408482_n-530x396.jpg 530w, https:\/\/face.unt.edu.ar\/web\/wp-content\/uploads\/2023\/05\/349664126_774407167627535_7632605280169408482_n-696x522.jpg 696w, https:\/\/face.unt.edu.ar\/web\/wp-content\/uploads\/2023\/05\/349664126_774407167627535_7632605280169408482_n-1392x1044.jpg 1392w, https:\/\/face.unt.edu.ar\/web\/wp-content\/uploads\/2023\/05\/349664126_774407167627535_7632605280169408482_n-1068x801.jpg 1068w, https:\/\/face.unt.edu.ar\/web\/wp-content\/uploads\/2023\/05\/349664126_774407167627535_7632605280169408482_n-560x420.jpg 560w, https:\/\/face.unt.edu.ar\/web\/wp-content\/uploads\/2023\/05\/349664126_774407167627535_7632605280169408482_n-1120x840.jpg 1120w, https:\/\/face.unt.edu.ar\/web\/wp-content\/uploads\/2023\/05\/349664126_774407167627535_7632605280169408482_n-1920x1440.jpg 1920w, https:\/\/face.unt.edu.ar\/web\/wp-content\/uploads\/2023\/05\/349664126_774407167627535_7632605280169408482_n.jpg 2048w\" sizes=\"(max-width: 300px) 100vw, 300px\" \/><\/a> <a href=\"https:\/\/face.unt.edu.ar\/web\/wp-content\/uploads\/2023\/05\/349913644_260948696480341_5594263150236242706_n.jpg\"><img decoding=\"async\" loading=\"lazy\" class=\"alignnone size-medium wp-image-16272\" src=\"https:\/\/face.unt.edu.ar\/web\/wp-content\/uploads\/2023\/05\/349913644_260948696480341_5594263150236242706_n-300x225.jpg\" alt=\"\" width=\"300\" height=\"225\" srcset=\"https:\/\/face.unt.edu.ar\/web\/wp-content\/uploads\/2023\/05\/349913644_260948696480341_5594263150236242706_n-300x225.jpg 300w, https:\/\/face.unt.edu.ar\/web\/wp-content\/uploads\/2023\/05\/349913644_260948696480341_5594263150236242706_n-1024x768.jpg 1024w, https:\/\/face.unt.edu.ar\/web\/wp-content\/uploads\/2023\/05\/349913644_260948696480341_5594263150236242706_n-768x576.jpg 768w, https:\/\/face.unt.edu.ar\/web\/wp-content\/uploads\/2023\/05\/349913644_260948696480341_5594263150236242706_n-1536x1152.jpg 1536w, https:\/\/face.unt.edu.ar\/web\/wp-content\/uploads\/2023\/05\/349913644_260948696480341_5594263150236242706_n-80x60.jpg 80w, https:\/\/face.unt.edu.ar\/web\/wp-content\/uploads\/2023\/05\/349913644_260948696480341_5594263150236242706_n-160x120.jpg 160w, https:\/\/face.unt.edu.ar\/web\/wp-content\/uploads\/2023\/05\/349913644_260948696480341_5594263150236242706_n-265x198.jpg 265w, https:\/\/face.unt.edu.ar\/web\/wp-content\/uploads\/2023\/05\/349913644_260948696480341_5594263150236242706_n-530x396.jpg 530w, https:\/\/face.unt.edu.ar\/web\/wp-content\/uploads\/2023\/05\/349913644_260948696480341_5594263150236242706_n-696x522.jpg 696w, https:\/\/face.unt.edu.ar\/web\/wp-content\/uploads\/2023\/05\/349913644_260948696480341_5594263150236242706_n-1392x1044.jpg 1392w, https:\/\/face.unt.edu.ar\/web\/wp-content\/uploads\/2023\/05\/349913644_260948696480341_5594263150236242706_n-1068x801.jpg 1068w, https:\/\/face.unt.edu.ar\/web\/wp-content\/uploads\/2023\/05\/349913644_260948696480341_5594263150236242706_n-560x420.jpg 560w, https:\/\/face.unt.edu.ar\/web\/wp-content\/uploads\/2023\/05\/349913644_260948696480341_5594263150236242706_n-1120x840.jpg 1120w, https:\/\/face.unt.edu.ar\/web\/wp-content\/uploads\/2023\/05\/349913644_260948696480341_5594263150236242706_n-1920x1440.jpg 1920w, https:\/\/face.unt.edu.ar\/web\/wp-content\/uploads\/2023\/05\/349913644_260948696480341_5594263150236242706_n.jpg 2048w\" sizes=\"(max-width: 300px) 100vw, 300px\" \/><\/a> <a href=\"https:\/\/face.unt.edu.ar\/web\/wp-content\/uploads\/2023\/05\/350318567_2061672167510065_1411965062336954696_n.jpg\"><img decoding=\"async\" loading=\"lazy\" class=\"alignnone size-medium wp-image-16275\" src=\"https:\/\/face.unt.edu.ar\/web\/wp-content\/uploads\/2023\/05\/350318567_2061672167510065_1411965062336954696_n-300x225.jpg\" alt=\"\" width=\"300\" height=\"225\" srcset=\"https:\/\/face.unt.edu.ar\/web\/wp-content\/uploads\/2023\/05\/350318567_2061672167510065_1411965062336954696_n-300x225.jpg 300w, https:\/\/face.unt.edu.ar\/web\/wp-content\/uploads\/2023\/05\/350318567_2061672167510065_1411965062336954696_n-1024x768.jpg 1024w, https:\/\/face.unt.edu.ar\/web\/wp-content\/uploads\/2023\/05\/350318567_2061672167510065_1411965062336954696_n-768x576.jpg 768w, https:\/\/face.unt.edu.ar\/web\/wp-content\/uploads\/2023\/05\/350318567_2061672167510065_1411965062336954696_n-1536x1152.jpg 1536w, https:\/\/face.unt.edu.ar\/web\/wp-content\/uploads\/2023\/05\/350318567_2061672167510065_1411965062336954696_n-80x60.jpg 80w, https:\/\/face.unt.edu.ar\/web\/wp-content\/uploads\/2023\/05\/350318567_2061672167510065_1411965062336954696_n-160x120.jpg 160w, https:\/\/face.unt.edu.ar\/web\/wp-content\/uploads\/2023\/05\/350318567_2061672167510065_1411965062336954696_n-265x198.jpg 265w, https:\/\/face.unt.edu.ar\/web\/wp-content\/uploads\/2023\/05\/350318567_2061672167510065_1411965062336954696_n-530x396.jpg 530w, https:\/\/face.unt.edu.ar\/web\/wp-content\/uploads\/2023\/05\/350318567_2061672167510065_1411965062336954696_n-696x522.jpg 696w, https:\/\/face.unt.edu.ar\/web\/wp-content\/uploads\/2023\/05\/350318567_2061672167510065_1411965062336954696_n-1392x1044.jpg 1392w, https:\/\/face.unt.edu.ar\/web\/wp-content\/uploads\/2023\/05\/350318567_2061672167510065_1411965062336954696_n-1068x801.jpg 1068w, https:\/\/face.unt.edu.ar\/web\/wp-content\/uploads\/2023\/05\/350318567_2061672167510065_1411965062336954696_n-560x420.jpg 560w, https:\/\/face.unt.edu.ar\/web\/wp-content\/uploads\/2023\/05\/350318567_2061672167510065_1411965062336954696_n-1120x840.jpg 1120w, https:\/\/face.unt.edu.ar\/web\/wp-content\/uploads\/2023\/05\/350318567_2061672167510065_1411965062336954696_n-1920x1440.jpg 1920w, https:\/\/face.unt.edu.ar\/web\/wp-content\/uploads\/2023\/05\/350318567_2061672167510065_1411965062336954696_n.jpg 2048w\" sizes=\"(max-width: 300px) 100vw, 300px\" \/><\/a><a href=\"https:\/\/face.unt.edu.ar\/web\/wp-content\/uploads\/2023\/05\/350039596_1216757852307729_5817021984880707574_n.jpg\"><img decoding=\"async\" loading=\"lazy\" class=\"alignnone size-medium wp-image-16273\" src=\"https:\/\/face.unt.edu.ar\/web\/wp-content\/uploads\/2023\/05\/350039596_1216757852307729_5817021984880707574_n-300x225.jpg\" alt=\"\" width=\"300\" height=\"225\" srcset=\"https:\/\/face.unt.edu.ar\/web\/wp-content\/uploads\/2023\/05\/350039596_1216757852307729_5817021984880707574_n-300x225.jpg 300w, https:\/\/face.unt.edu.ar\/web\/wp-content\/uploads\/2023\/05\/350039596_1216757852307729_5817021984880707574_n-1024x768.jpg 1024w, https:\/\/face.unt.edu.ar\/web\/wp-content\/uploads\/2023\/05\/350039596_1216757852307729_5817021984880707574_n-768x576.jpg 768w, https:\/\/face.unt.edu.ar\/web\/wp-content\/uploads\/2023\/05\/350039596_1216757852307729_5817021984880707574_n-1536x1152.jpg 1536w, https:\/\/face.unt.edu.ar\/web\/wp-content\/uploads\/2023\/05\/350039596_1216757852307729_5817021984880707574_n-80x60.jpg 80w, https:\/\/face.unt.edu.ar\/web\/wp-content\/uploads\/2023\/05\/350039596_1216757852307729_5817021984880707574_n-160x120.jpg 160w, https:\/\/face.unt.edu.ar\/web\/wp-content\/uploads\/2023\/05\/350039596_1216757852307729_5817021984880707574_n-265x198.jpg 265w, https:\/\/face.unt.edu.ar\/web\/wp-content\/uploads\/2023\/05\/350039596_1216757852307729_5817021984880707574_n-530x396.jpg 530w, https:\/\/face.unt.edu.ar\/web\/wp-content\/uploads\/2023\/05\/350039596_1216757852307729_5817021984880707574_n-696x522.jpg 696w, https:\/\/face.unt.edu.ar\/web\/wp-content\/uploads\/2023\/05\/350039596_1216757852307729_5817021984880707574_n-1392x1044.jpg 1392w, https:\/\/face.unt.edu.ar\/web\/wp-content\/uploads\/2023\/05\/350039596_1216757852307729_5817021984880707574_n-1068x801.jpg 1068w, https:\/\/face.unt.edu.ar\/web\/wp-content\/uploads\/2023\/05\/350039596_1216757852307729_5817021984880707574_n-560x420.jpg 560w, https:\/\/face.unt.edu.ar\/web\/wp-content\/uploads\/2023\/05\/350039596_1216757852307729_5817021984880707574_n-1120x840.jpg 1120w, https:\/\/face.unt.edu.ar\/web\/wp-content\/uploads\/2023\/05\/350039596_1216757852307729_5817021984880707574_n-1920x1440.jpg 1920w, https:\/\/face.unt.edu.ar\/web\/wp-content\/uploads\/2023\/05\/350039596_1216757852307729_5817021984880707574_n.jpg 2048w\" sizes=\"(max-width: 300px) 100vw, 300px\" \/><\/a> <a href=\"https:\/\/face.unt.edu.ar\/web\/wp-content\/uploads\/2023\/05\/350134584_1238900497016341_5339815631248386461_n.jpg\"><img decoding=\"async\" loading=\"lazy\" class=\"size-medium wp-image-16274 aligncenter\" src=\"https:\/\/face.unt.edu.ar\/web\/wp-content\/uploads\/2023\/05\/350134584_1238900497016341_5339815631248386461_n-300x225.jpg\" alt=\"\" width=\"300\" height=\"225\" srcset=\"https:\/\/face.unt.edu.ar\/web\/wp-content\/uploads\/2023\/05\/350134584_1238900497016341_5339815631248386461_n-300x225.jpg 300w, https:\/\/face.unt.edu.ar\/web\/wp-content\/uploads\/2023\/05\/350134584_1238900497016341_5339815631248386461_n-1024x768.jpg 1024w, https:\/\/face.unt.edu.ar\/web\/wp-content\/uploads\/2023\/05\/350134584_1238900497016341_5339815631248386461_n-768x576.jpg 768w, https:\/\/face.unt.edu.ar\/web\/wp-content\/uploads\/2023\/05\/350134584_1238900497016341_5339815631248386461_n-1536x1152.jpg 1536w, https:\/\/face.unt.edu.ar\/web\/wp-content\/uploads\/2023\/05\/350134584_1238900497016341_5339815631248386461_n-80x60.jpg 80w, https:\/\/face.unt.edu.ar\/web\/wp-content\/uploads\/2023\/05\/350134584_1238900497016341_5339815631248386461_n-160x120.jpg 160w, https:\/\/face.unt.edu.ar\/web\/wp-content\/uploads\/2023\/05\/350134584_1238900497016341_5339815631248386461_n-265x198.jpg 265w, https:\/\/face.unt.edu.ar\/web\/wp-content\/uploads\/2023\/05\/350134584_1238900497016341_5339815631248386461_n-530x396.jpg 530w, https:\/\/face.unt.edu.ar\/web\/wp-content\/uploads\/2023\/05\/350134584_1238900497016341_5339815631248386461_n-696x522.jpg 696w, https:\/\/face.unt.edu.ar\/web\/wp-content\/uploads\/2023\/05\/350134584_1238900497016341_5339815631248386461_n-1392x1044.jpg 1392w, https:\/\/face.unt.edu.ar\/web\/wp-content\/uploads\/2023\/05\/350134584_1238900497016341_5339815631248386461_n-1068x801.jpg 1068w, https:\/\/face.unt.edu.ar\/web\/wp-content\/uploads\/2023\/05\/350134584_1238900497016341_5339815631248386461_n-560x420.jpg 560w, https:\/\/face.unt.edu.ar\/web\/wp-content\/uploads\/2023\/05\/350134584_1238900497016341_5339815631248386461_n-1120x840.jpg 1120w, https:\/\/face.unt.edu.ar\/web\/wp-content\/uploads\/2023\/05\/350134584_1238900497016341_5339815631248386461_n-1920x1440.jpg 1920w, https:\/\/face.unt.edu.ar\/web\/wp-content\/uploads\/2023\/05\/350134584_1238900497016341_5339815631248386461_n.jpg 2048w\" sizes=\"(max-width: 300px) 100vw, 300px\" \/><\/a><\/p>\n","protected":false},"excerpt":{"rendered":"<p>En una ceremonia muy emotiva, realizada en la Sala del Honorable Consejo Directivo de nuestra Facultad de Ciencias Econ\u00f3micas de la UNT, se realiz\u00f3 un reconocimiento a la Mg. Christine Isgro por su trayectoria, compromiso y contribuci\u00f3n puestos al servicio de esta Casas de Estudios en su tarea como Secretaria Acad\u00e9mica y como Secretaria de [&hellip;]<\/p>\n","protected":false},"author":123457,"featured_media":16269,"comment_status":"closed","ping_status":"closed","sticky":false,"template":"","format":"standard","meta":{"_et_pb_use_builder":"","_et_pb_old_content":"","_et_gb_content_width":"","footnotes":""},"categories":[4],"tags":[971,36,822,1090,1091,1092,444],"_links":{"self":[{"href":"https:\/\/face.unt.edu.ar\/web\/wp-json\/wp\/v2\/posts\/16268"}],"collection":[{"href":"https:\/\/face.unt.edu.ar\/web\/wp-json\/wp\/v2\/posts"}],"about":[{"href":"https:\/\/face.unt.edu.ar\/web\/wp-json\/wp\/v2\/types\/post"}],"author":[{"embeddable":true,"href":"https:\/\/face.unt.edu.ar\/web\/wp-json\/wp\/v2\/users\/123457"}],"replies":[{"embeddable":true,"href":"https:\/\/face.unt.edu.ar\/web\/wp-json\/wp\/v2\/comments?post=16268"}],"version-history":[{"count":1,"href":"https:\/\/face.unt.edu.ar\/web\/wp-json\/wp\/v2\/posts\/16268\/revisions"}],"predecessor-version":[{"id":16276,"href":"https:\/\/face.unt.edu.ar\/web\/wp-json\/wp\/v2\/posts\/16268\/revisions\/16276"}],"wp:featuredmedia":[{"embeddable":true,"href":"https:\/\/face.unt.edu.ar\/web\/wp-json\/wp\/v2\/media\/16269"}],"wp:attachment":[{"href":"https:\/\/face.unt.edu.ar\/web\/wp-json\/wp\/v2\/media?parent=16268"}],"wp:term":[{"taxonomy":"category","embeddable":true,"href":"https:\/\/face.unt.edu.ar\/web\/wp-json\/wp\/v2\/categories?post=16268"},{"taxonomy":"post_tag","embeddable":true,"href":"https:\/\/face.unt.edu.ar\/web\/wp-json\/wp\/v2\/tags?post=16268"}],"curies":[{"name":"wp","href":"https:\/\/api.w.org\/{rel}","templated":true}]}}