{"id":16461,"date":"2023-06-22T15:30:47","date_gmt":"2023-06-22T15:30:47","guid":{"rendered":"https:\/\/face.unt.edu.ar\/web\/?p=16461"},"modified":"2023-06-22T15:30:47","modified_gmt":"2023-06-22T15:30:47","slug":"la-vinculacion-institucional-nos-impulsa-a-seguir-creciendo","status":"publish","type":"post","link":"https:\/\/face.unt.edu.ar\/web\/blog\/la-vinculacion-institucional-nos-impulsa-a-seguir-creciendo\/","title":{"rendered":"La vinculaci\u00f3n institucional nos impulsa a seguir creciendo"},"content":{"rendered":"<p>El decano de nuestra <strong>Facultad de Ciencias Econ\u00f3micas (FACE) de la UNT<\/strong> <strong>Mg. Jorge Rospide<\/strong>, se reuni\u00f3 con el <strong>Ing. Juan Luis Fern\u00e1ndez<\/strong>, director ejecutivo del <strong>Instituto de Desarrollo Productivo de Tucum\u00e1n (IDEP)<\/strong> a fin de tratar futuros proyectos y actividades conjuntas entre ambas instituciones. Tambi\u00e9n participaron el secretario de Extensi\u00f3n y Desarrollo Institucional de nuestra unidad acad\u00e9mica, <strong>Cr. Ariel Apichela;\u00a0<\/strong>y por el IDEP el gerente,\u00a0Cr. Roberto Mart\u00ednez;\u00a0la coordinadora de Inteligencia Comercial, Lic. Guadalupe Romero de Escalada y la t\u00e9cnica\u00a0Lic. Florencia Tusa.<\/p>\n<p>En el encuentro se habl\u00f3 adem\u00e1s, sobre la implementaci\u00f3n de pr\u00e1cticas en el IDEP para estudiantes de la materia <strong>Comercio Internacional<\/strong> que se dicta en nuestra Facultad.<\/p>\n<p><a href=\"https:\/\/face.unt.edu.ar\/web\/wp-content\/uploads\/2023\/06\/353434076_748620707268346_7728340338454084521_n.jpg\"><img decoding=\"async\" loading=\"lazy\" class=\"alignnone size-medium wp-image-16463\" src=\"https:\/\/face.unt.edu.ar\/web\/wp-content\/uploads\/2023\/06\/353434076_748620707268346_7728340338454084521_n-300x225.jpg\" alt=\"\" width=\"300\" height=\"225\" srcset=\"https:\/\/face.unt.edu.ar\/web\/wp-content\/uploads\/2023\/06\/353434076_748620707268346_7728340338454084521_n-300x225.jpg 300w, https:\/\/face.unt.edu.ar\/web\/wp-content\/uploads\/2023\/06\/353434076_748620707268346_7728340338454084521_n-1024x768.jpg 1024w, https:\/\/face.unt.edu.ar\/web\/wp-content\/uploads\/2023\/06\/353434076_748620707268346_7728340338454084521_n-768x576.jpg 768w, https:\/\/face.unt.edu.ar\/web\/wp-content\/uploads\/2023\/06\/353434076_748620707268346_7728340338454084521_n-1536x1152.jpg 1536w, https:\/\/face.unt.edu.ar\/web\/wp-content\/uploads\/2023\/06\/353434076_748620707268346_7728340338454084521_n-80x60.jpg 80w, https:\/\/face.unt.edu.ar\/web\/wp-content\/uploads\/2023\/06\/353434076_748620707268346_7728340338454084521_n-160x120.jpg 160w, https:\/\/face.unt.edu.ar\/web\/wp-content\/uploads\/2023\/06\/353434076_748620707268346_7728340338454084521_n-265x198.jpg 265w, https:\/\/face.unt.edu.ar\/web\/wp-content\/uploads\/2023\/06\/353434076_748620707268346_7728340338454084521_n-530x396.jpg 530w, https:\/\/face.unt.edu.ar\/web\/wp-content\/uploads\/2023\/06\/353434076_748620707268346_7728340338454084521_n-696x522.jpg 696w, https:\/\/face.unt.edu.ar\/web\/wp-content\/uploads\/2023\/06\/353434076_748620707268346_7728340338454084521_n-1392x1044.jpg 1392w, https:\/\/face.unt.edu.ar\/web\/wp-content\/uploads\/2023\/06\/353434076_748620707268346_7728340338454084521_n-1068x801.jpg 1068w, https:\/\/face.unt.edu.ar\/web\/wp-content\/uploads\/2023\/06\/353434076_748620707268346_7728340338454084521_n-560x420.jpg 560w, https:\/\/face.unt.edu.ar\/web\/wp-content\/uploads\/2023\/06\/353434076_748620707268346_7728340338454084521_n-1120x840.jpg 1120w, https:\/\/face.unt.edu.ar\/web\/wp-content\/uploads\/2023\/06\/353434076_748620707268346_7728340338454084521_n.jpg 1600w\" sizes=\"(max-width: 300px) 100vw, 300px\" \/><\/a> <a href=\"https:\/\/face.unt.edu.ar\/web\/wp-content\/uploads\/2023\/06\/354240331_748620753935008_4062560181965899993_n.jpg\"><img decoding=\"async\" loading=\"lazy\" class=\"alignnone size-medium wp-image-16464\" src=\"https:\/\/face.unt.edu.ar\/web\/wp-content\/uploads\/2023\/06\/354240331_748620753935008_4062560181965899993_n-300x225.jpg\" alt=\"\" width=\"300\" height=\"225\" srcset=\"https:\/\/face.unt.edu.ar\/web\/wp-content\/uploads\/2023\/06\/354240331_748620753935008_4062560181965899993_n-300x225.jpg 300w, https:\/\/face.unt.edu.ar\/web\/wp-content\/uploads\/2023\/06\/354240331_748620753935008_4062560181965899993_n-1024x768.jpg 1024w, https:\/\/face.unt.edu.ar\/web\/wp-content\/uploads\/2023\/06\/354240331_748620753935008_4062560181965899993_n-768x576.jpg 768w, https:\/\/face.unt.edu.ar\/web\/wp-content\/uploads\/2023\/06\/354240331_748620753935008_4062560181965899993_n-1536x1152.jpg 1536w, https:\/\/face.unt.edu.ar\/web\/wp-content\/uploads\/2023\/06\/354240331_748620753935008_4062560181965899993_n-80x60.jpg 80w, https:\/\/face.unt.edu.ar\/web\/wp-content\/uploads\/2023\/06\/354240331_748620753935008_4062560181965899993_n-160x120.jpg 160w, https:\/\/face.unt.edu.ar\/web\/wp-content\/uploads\/2023\/06\/354240331_748620753935008_4062560181965899993_n-265x198.jpg 265w, https:\/\/face.unt.edu.ar\/web\/wp-content\/uploads\/2023\/06\/354240331_748620753935008_4062560181965899993_n-530x396.jpg 530w, https:\/\/face.unt.edu.ar\/web\/wp-content\/uploads\/2023\/06\/354240331_748620753935008_4062560181965899993_n-696x522.jpg 696w, https:\/\/face.unt.edu.ar\/web\/wp-content\/uploads\/2023\/06\/354240331_748620753935008_4062560181965899993_n-1392x1044.jpg 1392w, https:\/\/face.unt.edu.ar\/web\/wp-content\/uploads\/2023\/06\/354240331_748620753935008_4062560181965899993_n-1068x801.jpg 1068w, https:\/\/face.unt.edu.ar\/web\/wp-content\/uploads\/2023\/06\/354240331_748620753935008_4062560181965899993_n-560x420.jpg 560w, https:\/\/face.unt.edu.ar\/web\/wp-content\/uploads\/2023\/06\/354240331_748620753935008_4062560181965899993_n-1120x840.jpg 1120w, https:\/\/face.unt.edu.ar\/web\/wp-content\/uploads\/2023\/06\/354240331_748620753935008_4062560181965899993_n.jpg 1600w\" sizes=\"(max-width: 300px) 100vw, 300px\" \/><\/a><\/p>\n","protected":false},"excerpt":{"rendered":"<p>El decano de nuestra Facultad de Ciencias Econ\u00f3micas (FACE) de la UNT Mg. Jorge Rospide, se reuni\u00f3 con el Ing. Juan Luis Fern\u00e1ndez, director ejecutivo del Instituto de Desarrollo Productivo de Tucum\u00e1n (IDEP) a fin de tratar futuros proyectos y actividades conjuntas entre ambas instituciones. Tambi\u00e9n participaron el secretario de Extensi\u00f3n y Desarrollo Institucional de [&hellip;]<\/p>\n","protected":false},"author":2,"featured_media":16462,"comment_status":"closed","ping_status":"closed","sticky":false,"template":"","format":"standard","meta":{"_et_pb_use_builder":"","_et_pb_old_content":"","_et_gb_content_width":"","footnotes":""},"categories":[4],"tags":[],"_links":{"self":[{"href":"https:\/\/face.unt.edu.ar\/web\/wp-json\/wp\/v2\/posts\/16461"}],"collection":[{"href":"https:\/\/face.unt.edu.ar\/web\/wp-json\/wp\/v2\/posts"}],"about":[{"href":"https:\/\/face.unt.edu.ar\/web\/wp-json\/wp\/v2\/types\/post"}],"author":[{"embeddable":true,"href":"https:\/\/face.unt.edu.ar\/web\/wp-json\/wp\/v2\/users\/2"}],"replies":[{"embeddable":true,"href":"https:\/\/face.unt.edu.ar\/web\/wp-json\/wp\/v2\/comments?post=16461"}],"version-history":[{"count":1,"href":"https:\/\/face.unt.edu.ar\/web\/wp-json\/wp\/v2\/posts\/16461\/revisions"}],"predecessor-version":[{"id":16465,"href":"https:\/\/face.unt.edu.ar\/web\/wp-json\/wp\/v2\/posts\/16461\/revisions\/16465"}],"wp:featuredmedia":[{"embeddable":true,"href":"https:\/\/face.unt.edu.ar\/web\/wp-json\/wp\/v2\/media\/16462"}],"wp:attachment":[{"href":"https:\/\/face.unt.edu.ar\/web\/wp-json\/wp\/v2\/media?parent=16461"}],"wp:term":[{"taxonomy":"category","embeddable":true,"href":"https:\/\/face.unt.edu.ar\/web\/wp-json\/wp\/v2\/categories?post=16461"},{"taxonomy":"post_tag","embeddable":true,"href":"https:\/\/face.unt.edu.ar\/web\/wp-json\/wp\/v2\/tags?post=16461"}],"curies":[{"name":"wp","href":"https:\/\/api.w.org\/{rel}","templated":true}]}}