{"id":16467,"date":"2023-06-26T13:57:11","date_gmt":"2023-06-26T13:57:11","guid":{"rendered":"https:\/\/face.unt.edu.ar\/web\/?p=16467"},"modified":"2023-06-26T13:57:38","modified_gmt":"2023-06-26T13:57:38","slug":"el-trabajo-interfacultades-es-el-camino-para-el-desarrollo-de-la-educacion-publica","status":"publish","type":"post","link":"https:\/\/face.unt.edu.ar\/web\/blog\/el-trabajo-interfacultades-es-el-camino-para-el-desarrollo-de-la-educacion-publica\/","title":{"rendered":"El trabajo interfacultades es el camino para el desarrollo de la educaci\u00f3n p\u00fablica"},"content":{"rendered":"<p>El decano de nuestra Facultad <strong>Mg. Jorge Rospide<\/strong> recibi\u00f3 en su despacho al decano de la Facultad de Medicina de la UNT, <strong>Dr. Mateo Mart\u00ednez<\/strong>. Tambi\u00e9n particip\u00f3 en la reuni\u00f3n el secretario de Extensi\u00f3n y Desarrollo Institucional de la FACE, <strong>Cr. Ariel Apichela.<\/strong><\/p>\n<p>El encuentro se dio a fin de planificar ofertas de capacitaci\u00f3n conjuntas.<\/p>\n<p><a href=\"https:\/\/face.unt.edu.ar\/web\/wp-content\/uploads\/2023\/06\/1-m.jpg\"><img decoding=\"async\" loading=\"lazy\" class=\"wp-image-16469 aligncenter\" src=\"https:\/\/face.unt.edu.ar\/web\/wp-content\/uploads\/2023\/06\/1-m-300x225.jpg\" alt=\"\" width=\"463\" height=\"347\" srcset=\"https:\/\/face.unt.edu.ar\/web\/wp-content\/uploads\/2023\/06\/1-m-300x225.jpg 300w, https:\/\/face.unt.edu.ar\/web\/wp-content\/uploads\/2023\/06\/1-m-1024x768.jpg 1024w, https:\/\/face.unt.edu.ar\/web\/wp-content\/uploads\/2023\/06\/1-m-768x576.jpg 768w, https:\/\/face.unt.edu.ar\/web\/wp-content\/uploads\/2023\/06\/1-m-80x60.jpg 80w, https:\/\/face.unt.edu.ar\/web\/wp-content\/uploads\/2023\/06\/1-m-160x120.jpg 160w, https:\/\/face.unt.edu.ar\/web\/wp-content\/uploads\/2023\/06\/1-m-265x198.jpg 265w, https:\/\/face.unt.edu.ar\/web\/wp-content\/uploads\/2023\/06\/1-m-530x396.jpg 530w, https:\/\/face.unt.edu.ar\/web\/wp-content\/uploads\/2023\/06\/1-m-696x522.jpg 696w, https:\/\/face.unt.edu.ar\/web\/wp-content\/uploads\/2023\/06\/1-m-1392x1044.jpg 1392w, https:\/\/face.unt.edu.ar\/web\/wp-content\/uploads\/2023\/06\/1-m-1068x801.jpg 1068w, https:\/\/face.unt.edu.ar\/web\/wp-content\/uploads\/2023\/06\/1-m-560x420.jpg 560w, https:\/\/face.unt.edu.ar\/web\/wp-content\/uploads\/2023\/06\/1-m-1120x840.jpg 1120w, https:\/\/face.unt.edu.ar\/web\/wp-content\/uploads\/2023\/06\/1-m.jpg 1440w\" sizes=\"(max-width: 463px) 100vw, 463px\" \/><\/a><\/p>\n","protected":false},"excerpt":{"rendered":"<p>El decano de nuestra Facultad Mg. Jorge Rospide recibi\u00f3 en su despacho al decano de la Facultad de Medicina de la UNT, Dr. Mateo Mart\u00ednez. Tambi\u00e9n particip\u00f3 en la reuni\u00f3n el secretario de Extensi\u00f3n y Desarrollo Institucional de la FACE, Cr. Ariel Apichela. El encuentro se dio a fin de planificar ofertas de capacitaci\u00f3n conjuntas.<\/p>\n","protected":false},"author":123457,"featured_media":16468,"comment_status":"closed","ping_status":"closed","sticky":false,"template":"","format":"standard","meta":{"_et_pb_use_builder":"","_et_pb_old_content":"","_et_gb_content_width":"","footnotes":""},"categories":[4],"tags":[1110,36,1109,1108,1112,1111],"_links":{"self":[{"href":"https:\/\/face.unt.edu.ar\/web\/wp-json\/wp\/v2\/posts\/16467"}],"collection":[{"href":"https:\/\/face.unt.edu.ar\/web\/wp-json\/wp\/v2\/posts"}],"about":[{"href":"https:\/\/face.unt.edu.ar\/web\/wp-json\/wp\/v2\/types\/post"}],"author":[{"embeddable":true,"href":"https:\/\/face.unt.edu.ar\/web\/wp-json\/wp\/v2\/users\/123457"}],"replies":[{"embeddable":true,"href":"https:\/\/face.unt.edu.ar\/web\/wp-json\/wp\/v2\/comments?post=16467"}],"version-history":[{"count":2,"href":"https:\/\/face.unt.edu.ar\/web\/wp-json\/wp\/v2\/posts\/16467\/revisions"}],"predecessor-version":[{"id":16472,"href":"https:\/\/face.unt.edu.ar\/web\/wp-json\/wp\/v2\/posts\/16467\/revisions\/16472"}],"wp:featuredmedia":[{"embeddable":true,"href":"https:\/\/face.unt.edu.ar\/web\/wp-json\/wp\/v2\/media\/16468"}],"wp:attachment":[{"href":"https:\/\/face.unt.edu.ar\/web\/wp-json\/wp\/v2\/media?parent=16467"}],"wp:term":[{"taxonomy":"category","embeddable":true,"href":"https:\/\/face.unt.edu.ar\/web\/wp-json\/wp\/v2\/categories?post=16467"},{"taxonomy":"post_tag","embeddable":true,"href":"https:\/\/face.unt.edu.ar\/web\/wp-json\/wp\/v2\/tags?post=16467"}],"curies":[{"name":"wp","href":"https:\/\/api.w.org\/{rel}","templated":true}]}}