{"id":16884,"date":"2023-09-11T19:37:38","date_gmt":"2023-09-11T19:37:38","guid":{"rendered":"https:\/\/face.unt.edu.ar\/web\/?p=16884"},"modified":"2023-09-11T19:37:38","modified_gmt":"2023-09-11T19:37:38","slug":"se-realizo-una-nueva-jornada-de-convivencia-de-la-licenciatura-en-administracion","status":"publish","type":"post","link":"https:\/\/face.unt.edu.ar\/web\/blog\/se-realizo-una-nueva-jornada-de-convivencia-de-la-licenciatura-en-administracion\/","title":{"rendered":"Se realiz\u00f3 una nueva Jornada de convivencia de la Licenciatura en Administraci\u00f3n"},"content":{"rendered":"<p>Nuestra Facultad fue sede de las <strong>XIII Jornada de Convivencia de la Licenciatura en Administraci\u00f3n<\/strong>, que, como cada a\u00f1o convoca con gran \u00e9xito a <strong>estudiantes, docentes y egresados<\/strong> de dicha carrera y que est\u00e1 organizada por docentes de la Licenciatura.<\/p>\n<p>Es un evento que se desarrolla con el objetivo de fortalecer v\u00ednculos entre la comunidad de Administraci\u00f3n fuera del \u00e1mbito acad\u00e9mico, fomentando el desarrollo de habilidades, capacidades y competencias que no est\u00e1n presente en los planes de estudio, pero que el mercado actual las demanda, como ser: liderazgo, trabajo en equipo, motivaci\u00f3n, gesti\u00f3n del tiempo, entre otros.<\/p>\n<p>La actividad inici\u00f3 con las palabras de bienvenida a cargo de los docentes organizadores, el <strong>Mg. Javier Garc\u00eda<\/strong> y la <strong>Mg. Mercedes Ortiz<\/strong>. Luego, el director del Instituto de Administraci\u00f3n, <strong>Esp. Marcelo Medina Galv\u00e1n<\/strong> brind\u00f3 un mensaje a los presentes dejando inaugurada la Jornada. Tambi\u00e9n estuvieron los <strong>docentes integrantes del Consejo Consultivo del Instituto.<\/strong><\/p>\n<p>En esta edici\u00f3n se realizaron 5 talleres en simult\u00e1neo con la participaci\u00f3n de j\u00f3venes egresados de nuestra Facultad, que actualmente se encuentran insertos laboralmente en \u00e1reas como control de gesti\u00f3n, recursos humanos, \u00e1rea comercial, emprendimientos y el sector p\u00fablico; brindando a los estudiantes un espacio de actualizaci\u00f3n, mentor\u00eda y coaching.<\/p>\n<p>Adem\u00e1s, como actividad central de las Jornadas tuvo lugar una charla magistral con un invitado especial. Seguidamente se comparti\u00f3 un almuerzo de camarader\u00eda y para concluir con la convivencia se realizaron din\u00e1micas y sorteos entre los asistentes.<\/p>\n<p><iframe loading=\"lazy\" title=\"XIII Jornada de Convivencia de la Licenciatura en Administraci\u00f3n - FACE UNT\" width=\"1080\" height=\"608\" src=\"https:\/\/www.youtube.com\/embed\/Xa-nBJ9Sv2g?feature=oembed\"  allow=\"accelerometer; autoplay; clipboard-write; encrypted-media; gyroscope; picture-in-picture; web-share\" referrerpolicy=\"strict-origin-when-cross-origin\" allowfullscreen><\/iframe><\/p>\n","protected":false},"excerpt":{"rendered":"<p>Nuestra Facultad fue sede de las XIII Jornada de Convivencia de la Licenciatura en Administraci\u00f3n, que, como cada a\u00f1o convoca con gran \u00e9xito a estudiantes, docentes y egresados de dicha carrera y que est\u00e1 organizada por docentes de la Licenciatura. Es un evento que se desarrolla con el objetivo de fortalecer v\u00ednculos entre la comunidad [&hellip;]<\/p>\n","protected":false},"author":123457,"featured_media":16886,"comment_status":"closed","ping_status":"closed","sticky":false,"template":"","format":"standard","meta":{"_et_pb_use_builder":"","_et_pb_old_content":"","_et_gb_content_width":"","footnotes":""},"categories":[4],"tags":[376,36,403,517,1057],"_links":{"self":[{"href":"https:\/\/face.unt.edu.ar\/web\/wp-json\/wp\/v2\/posts\/16884"}],"collection":[{"href":"https:\/\/face.unt.edu.ar\/web\/wp-json\/wp\/v2\/posts"}],"about":[{"href":"https:\/\/face.unt.edu.ar\/web\/wp-json\/wp\/v2\/types\/post"}],"author":[{"embeddable":true,"href":"https:\/\/face.unt.edu.ar\/web\/wp-json\/wp\/v2\/users\/123457"}],"replies":[{"embeddable":true,"href":"https:\/\/face.unt.edu.ar\/web\/wp-json\/wp\/v2\/comments?post=16884"}],"version-history":[{"count":2,"href":"https:\/\/face.unt.edu.ar\/web\/wp-json\/wp\/v2\/posts\/16884\/revisions"}],"predecessor-version":[{"id":16888,"href":"https:\/\/face.unt.edu.ar\/web\/wp-json\/wp\/v2\/posts\/16884\/revisions\/16888"}],"wp:featuredmedia":[{"embeddable":true,"href":"https:\/\/face.unt.edu.ar\/web\/wp-json\/wp\/v2\/media\/16886"}],"wp:attachment":[{"href":"https:\/\/face.unt.edu.ar\/web\/wp-json\/wp\/v2\/media?parent=16884"}],"wp:term":[{"taxonomy":"category","embeddable":true,"href":"https:\/\/face.unt.edu.ar\/web\/wp-json\/wp\/v2\/categories?post=16884"},{"taxonomy":"post_tag","embeddable":true,"href":"https:\/\/face.unt.edu.ar\/web\/wp-json\/wp\/v2\/tags?post=16884"}],"curies":[{"name":"wp","href":"https:\/\/api.w.org\/{rel}","templated":true}]}}