{"id":16985,"date":"2023-09-27T11:58:50","date_gmt":"2023-09-27T11:58:50","guid":{"rendered":"https:\/\/face.unt.edu.ar\/web\/?p=16985"},"modified":"2023-09-27T11:58:50","modified_gmt":"2023-09-27T11:58:50","slug":"curso-evaluacion-de-proyectos-de-inversion-con-excel","status":"publish","type":"post","link":"https:\/\/face.unt.edu.ar\/web\/blog\/curso-evaluacion-de-proyectos-de-inversion-con-excel\/","title":{"rendered":"Curso: Evaluaci\u00f3n de proyectos de inversi\u00f3n con Excel"},"content":{"rendered":"<p>Los d\u00edas <strong>9, 11, 18, 23, 25 y 30 de octubre<\/strong> se realizar\u00e1 el curso \u201c<strong>Evaluaci\u00f3n de proyectos de inversi\u00f3n con Excel\u201d,<\/strong> a cargo de la <strong>Mg. Mar\u00eda de Lourdes Quinteros Fern\u00e1ndez<\/strong>.<\/p>\n<p>Se dictar\u00e1 los <strong>lunes y mi\u00e9rcoles<\/strong> de <strong>18 horas a 21 horas<\/strong>, con<strong> modalidad<\/strong> <strong>virtual.<\/strong><\/p>\n<p>Est\u00e1 destinado a profesionales vinculados al emprendedurismo (Contadores, Lic en Administraci\u00f3n, Lic en Econom\u00eda, Ingenieros, Abogados) y a estudiantes.<\/p>\n<p>&nbsp;<\/p>\n<p>La <strong>inversi\u00f3n e<\/strong>s de: $ 16.500.-<\/p>\n<p>Alumnos de grado FACE: $12.400.- (solicitar cup\u00f3n de descuento <a href=\"mailto:centrodecapacitacion@face.unt.edu.ar\">centrodecapacitacion@face.unt.edu.ar<\/a>)<\/p>\n<p><strong>Cupo<\/strong> m\u00e1ximo de asistentes: 30 personas<\/p>\n<p>M\u00e1s informaci\u00f3n en el siguiente Link:<br \/>\n<a href=\"https:\/\/sites.google.com\/face.unt.edu.ar\/capacitacion-face\/inicio\/administraci%C3%B3n\/evaluacion-de-proyectos-de-inversion-con-excel\" target=\"_blank\" rel=\"noopener\" data-saferedirecturl=\"https:\/\/www.google.com\/url?q=https:\/\/sites.google.com\/face.unt.edu.ar\/capacitacion-face\/inicio\/administraci%25C3%25B3n\/evaluacion-de-proyectos-de-inversion-con-excel&amp;source=gmail&amp;ust=1695902069522000&amp;usg=AOvVaw0shj_WZ3vaKbTPs0xMgR7Y\">https:\/\/sites.google.com\/face.unt.edu.ar\/capacitacion-face\/inicio\/administraci%C3%B3n\/evaluacion-de-proyectos-de-inversion-con-excel<\/a><\/p>\n","protected":false},"excerpt":{"rendered":"<p>Los d\u00edas 9, 11, 18, 23, 25 y 30 de octubre se realizar\u00e1 el curso \u201cEvaluaci\u00f3n de proyectos de inversi\u00f3n con Excel\u201d, a cargo de la Mg. Mar\u00eda de Lourdes Quinteros Fern\u00e1ndez. Se dictar\u00e1 los lunes y mi\u00e9rcoles de 18 horas a 21 horas, con modalidad virtual. Est\u00e1 destinado a profesionales vinculados al emprendedurismo (Contadores, [&hellip;]<\/p>\n","protected":false},"author":123457,"featured_media":16986,"comment_status":"closed","ping_status":"closed","sticky":false,"template":"","format":"standard","meta":{"_et_pb_use_builder":"","_et_pb_old_content":"","_et_gb_content_width":"","footnotes":""},"categories":[4],"tags":[572,376,528,412,375,36,444],"_links":{"self":[{"href":"https:\/\/face.unt.edu.ar\/web\/wp-json\/wp\/v2\/posts\/16985"}],"collection":[{"href":"https:\/\/face.unt.edu.ar\/web\/wp-json\/wp\/v2\/posts"}],"about":[{"href":"https:\/\/face.unt.edu.ar\/web\/wp-json\/wp\/v2\/types\/post"}],"author":[{"embeddable":true,"href":"https:\/\/face.unt.edu.ar\/web\/wp-json\/wp\/v2\/users\/123457"}],"replies":[{"embeddable":true,"href":"https:\/\/face.unt.edu.ar\/web\/wp-json\/wp\/v2\/comments?post=16985"}],"version-history":[{"count":1,"href":"https:\/\/face.unt.edu.ar\/web\/wp-json\/wp\/v2\/posts\/16985\/revisions"}],"predecessor-version":[{"id":16987,"href":"https:\/\/face.unt.edu.ar\/web\/wp-json\/wp\/v2\/posts\/16985\/revisions\/16987"}],"wp:featuredmedia":[{"embeddable":true,"href":"https:\/\/face.unt.edu.ar\/web\/wp-json\/wp\/v2\/media\/16986"}],"wp:attachment":[{"href":"https:\/\/face.unt.edu.ar\/web\/wp-json\/wp\/v2\/media?parent=16985"}],"wp:term":[{"taxonomy":"category","embeddable":true,"href":"https:\/\/face.unt.edu.ar\/web\/wp-json\/wp\/v2\/categories?post=16985"},{"taxonomy":"post_tag","embeddable":true,"href":"https:\/\/face.unt.edu.ar\/web\/wp-json\/wp\/v2\/tags?post=16985"}],"curies":[{"name":"wp","href":"https:\/\/api.w.org\/{rel}","templated":true}]}}