{"id":16988,"date":"2023-09-27T17:08:24","date_gmt":"2023-09-27T17:08:24","guid":{"rendered":"https:\/\/face.unt.edu.ar\/web\/?p=16988"},"modified":"2023-09-27T18:10:53","modified_gmt":"2023-09-27T18:10:53","slug":"becarios-de-nuestra-facultad-presentaron-sus-proyectos-de-investigacion-en-unas-jornadas-de-socializacion","status":"publish","type":"post","link":"https:\/\/face.unt.edu.ar\/web\/blog\/becarios-de-nuestra-facultad-presentaron-sus-proyectos-de-investigacion-en-unas-jornadas-de-socializacion\/","title":{"rendered":"Becarios de nuestra Facultad presentaron sus proyectos de investigaci\u00f3n en unas jornadas de socializaci\u00f3n"},"content":{"rendered":"<p>A fin de dar mayor visibilizaci\u00f3n a las producciones que se est\u00e1n desarrollando a partir de los <strong>38 proyectos de investigaci\u00f3n<\/strong>, que comprenden el <strong>\u201cEcon\u00f3micas Investiga\u201d<\/strong>, se realiz\u00f3 la <strong>2da Jornada de J\u00f3venes Investigadores <\/strong>en el hall central de nuestra <strong>Facultad de Ciencias Econ\u00f3micas de la UNT<\/strong>; donde becarios estudiantes y graduados, expusieron sus posters y explicaron a los evaluadores lo que vienen trabajando durante el desarrollo de sus proyectos de investigaci\u00f3n.<\/p>\n<p>Cabe destacar que en el marco del <strong>Plan de Acci\u00f3n Econ\u00f3micas Investiga<\/strong> (que forma parte de la convocatoria PROMCE de la Secretar\u00eda de Pol\u00edticas Universitarias), se otorgaron <strong>20 becas a egresados<\/strong> y <strong>10 becas a estudiantes<\/strong> de las distintas carreras de esta Facultad.<\/p>\n<p>El decano, <strong>Mg. Jorge Rospide<\/strong>, el vicedecano, <strong>Esp. Gustavo Sota<\/strong> y los secretarios del gabinete de la Facultad, compartieron un desayuno con los evaluadores y recorrieron la exposici\u00f3n para dialogar con los becarios y conocer sus producciones.<\/p>\n<p>Al iniciar la actividad, la secretaria de Ciencia, T\u00e9cnica y Posgrado, <strong>Esp. Gabriela S\u00e1nchez<\/strong> explic\u00f3 que \u201cla intenci\u00f3n es mostrar las producciones para que la gente tome conocimiento de lo que se vino trabajando en consonancia con el objetivo de la Facultad, que es, desarrollar la investigaci\u00f3n en las carreras de grado. El PICE 2023 se desarroll\u00f3 con la intenci\u00f3n de generar conocimientos y proyectos de investigaci\u00f3n en \u00e1reas donde no se hac\u00eda. Por eso, se propici\u00f3 un espacio para que los profesionales pudieran traer su experiencia profesional y t\u00e9cnica a la investigaci\u00f3n\u201d.<\/p>\n<p>\u201cEs un desaf\u00edo muy importante. Tenemos una gran cantidad de proyectos y de becarios. Queremos consolidar este semillero de investigadores y vincularlo con las carreras de Posgrados tambi\u00e9n\u201d, afirm\u00f3 la Esp. S\u00e1nchez.<\/p>\n<p>Por su parte, la subsecretaria de Investigaci\u00f3n,<strong> Mg. Elsa Rodr\u00edguez Areal<\/strong> agradeci\u00f3 a quienes acompa\u00f1aron este proyecto desde el inicio e hicieron posible que la Facultad pueda avanzar en este proceso, con el objetivo de potenciar la investigaci\u00f3n en ciencias econ\u00f3micas e impulsar las \u00e1reas que a\u00fan no estaban desarrolladas.<\/p>\n<p>\u201cEst\u00e1 culminando el PICE 2023 y ya estamos pensando en la edici\u00f3n 2024 para que podamos seguir consolidando la investigaci\u00f3n entre los docentes, estudiantes y graduados. Queremos darles la posibilidad de que sigan investigando, brind\u00e1ndoles el espacio y las herramientas necesarias para hacerlo\u201d, expres\u00f3 la Subsecretaria.<\/p>\n<p>Para finalizar, el director del Plan de Acci\u00f3n Econ\u00f3micas Investiga, <strong>Esp. Marcelo Medina Galv\u00e1n<\/strong> manifest\u00f3 su alegr\u00eda por haber llegado a esta instancia y poder compartir los resultados de los trabajos de investigaci\u00f3n. Agradeci\u00f3 a los miembros de los equipos por haberse integrado a los distintos proyectos y a las autoridades por haber generado este espacio. \u201cEste tipo de actividades se constituyen como un espacio para socializar la investigaci\u00f3n y poner a disposici\u00f3n de la sociedad el conocimiento producido, teniendo en cuenta las tem\u00e1ticas desarrolladas en los proyectos como\u00a0 sostenibilidad, educaci\u00f3n, econom\u00eda medioambiental, ciencia de datos aplicada a las organizaciones, entre otras, que pueden realizar un gran aporte en los distintos \u00e1mbitos de incumbencia\u201d, finaliz\u00f3.<\/p>\n<p>&nbsp;<\/p>\n<p><iframe loading=\"lazy\" title=\"2da Jornada de J\u00f3venes Investigadores - Econ\u00f3micas Investiga - FACE UNT\" width=\"1080\" height=\"608\" src=\"https:\/\/www.youtube.com\/embed\/h0z-_JDjuMM?feature=oembed\"  allow=\"accelerometer; autoplay; clipboard-write; encrypted-media; gyroscope; picture-in-picture; web-share\" referrerpolicy=\"strict-origin-when-cross-origin\" allowfullscreen><\/iframe><\/p>\n","protected":false},"excerpt":{"rendered":"<p>A fin de dar mayor visibilizaci\u00f3n a las producciones que se est\u00e1n desarrollando a partir de los 38 proyectos de investigaci\u00f3n, que comprenden el \u201cEcon\u00f3micas Investiga\u201d, se realiz\u00f3 la 2da Jornada de J\u00f3venes Investigadores en el hall central de nuestra Facultad de Ciencias Econ\u00f3micas de la UNT; donde becarios estudiantes y graduados, expusieron sus posters [&hellip;]<\/p>\n","protected":false},"author":2,"featured_media":16990,"comment_status":"closed","ping_status":"closed","sticky":false,"template":"","format":"standard","meta":{"_et_pb_use_builder":"","_et_pb_old_content":"","_et_gb_content_width":"","footnotes":""},"categories":[4],"tags":[919,374],"_links":{"self":[{"href":"https:\/\/face.unt.edu.ar\/web\/wp-json\/wp\/v2\/posts\/16988"}],"collection":[{"href":"https:\/\/face.unt.edu.ar\/web\/wp-json\/wp\/v2\/posts"}],"about":[{"href":"https:\/\/face.unt.edu.ar\/web\/wp-json\/wp\/v2\/types\/post"}],"author":[{"embeddable":true,"href":"https:\/\/face.unt.edu.ar\/web\/wp-json\/wp\/v2\/users\/2"}],"replies":[{"embeddable":true,"href":"https:\/\/face.unt.edu.ar\/web\/wp-json\/wp\/v2\/comments?post=16988"}],"version-history":[{"count":3,"href":"https:\/\/face.unt.edu.ar\/web\/wp-json\/wp\/v2\/posts\/16988\/revisions"}],"predecessor-version":[{"id":16992,"href":"https:\/\/face.unt.edu.ar\/web\/wp-json\/wp\/v2\/posts\/16988\/revisions\/16992"}],"wp:featuredmedia":[{"embeddable":true,"href":"https:\/\/face.unt.edu.ar\/web\/wp-json\/wp\/v2\/media\/16990"}],"wp:attachment":[{"href":"https:\/\/face.unt.edu.ar\/web\/wp-json\/wp\/v2\/media?parent=16988"}],"wp:term":[{"taxonomy":"category","embeddable":true,"href":"https:\/\/face.unt.edu.ar\/web\/wp-json\/wp\/v2\/categories?post=16988"},{"taxonomy":"post_tag","embeddable":true,"href":"https:\/\/face.unt.edu.ar\/web\/wp-json\/wp\/v2\/tags?post=16988"}],"curies":[{"name":"wp","href":"https:\/\/api.w.org\/{rel}","templated":true}]}}