{"id":16993,"date":"2023-09-28T16:03:59","date_gmt":"2023-09-28T16:03:59","guid":{"rendered":"https:\/\/face.unt.edu.ar\/web\/?p=16993"},"modified":"2023-09-28T16:03:59","modified_gmt":"2023-09-28T16:03:59","slug":"curso-principales-cambios-de-la-rt-n54-norma-unificada-argentina-de-contabilidad","status":"publish","type":"post","link":"https:\/\/face.unt.edu.ar\/web\/blog\/curso-principales-cambios-de-la-rt-n54-norma-unificada-argentina-de-contabilidad\/","title":{"rendered":"Curso: \u00abPrincipales cambios de la RT N\u00b054 Norma Unificada Argentina de Contabilidad\u00bb"},"content":{"rendered":"<p>El <strong>Curso: \u00abPrincipales cambios de la RT N\u00b054 Norma Unificada Argentina de Contabilidad\u00bb<\/strong> se dictar\u00e1 el <strong>10 de octubre<\/strong>, a cargo del <strong>Mg. Mario Cor\u00e1n<\/strong>.<\/p>\n<p>Ser\u00e1 de <strong>17:00 a 21:00 horas<\/strong>, con modalidad <strong>presencial<\/strong>.<\/p>\n<p>Es una capacitaci\u00f3n <strong>gratuita<\/strong>.<\/p>\n<p>Est\u00e1 <strong>destinado a estudiantes y docentes de la carrera de Contador P\u00fablico<\/strong> de la FACE UNT.<\/p>\n<p>Requiere <strong>inscripci\u00f3n<\/strong> online previa en <strong><a href=\"https:\/\/sites.google.com\/face.unt.edu.ar\/capacitacion-face\/inicio\/contabilidad\/principales-cambios-de-la-rt-n54-norma-unificada-argentina-de-contabilidad\" target=\"_blank\" rel=\"noopener\">https:\/\/sites.google.com\/face.unt.edu.ar\/capacitacion-face\/inicio\/contabilidad\/principales-cambios-de-la-rt-n54-norma-unificada-argentina-de-contabilidad<\/a><\/strong><\/p>\n<p>El curso es organizado por el <strong>Instituto de Investigaciones Contables<\/strong> y el <strong>Centro de Capacitaci\u00f3n Continua<\/strong> de nuestra Facultad.<\/p>\n<p>&nbsp;<\/p>\n","protected":false},"excerpt":{"rendered":"<p>El Curso: \u00abPrincipales cambios de la RT N\u00b054 Norma Unificada Argentina de Contabilidad\u00bb se dictar\u00e1 el 10 de octubre, a cargo del Mg. Mario Cor\u00e1n. Ser\u00e1 de 17:00 a 21:00 horas, con modalidad presencial. Es una capacitaci\u00f3n gratuita. Est\u00e1 destinado a estudiantes y docentes de la carrera de Contador P\u00fablico de la FACE UNT. Requiere [&hellip;]<\/p>\n","protected":false},"author":2,"featured_media":16994,"comment_status":"closed","ping_status":"closed","sticky":false,"template":"","format":"standard","meta":{"_et_pb_use_builder":"","_et_pb_old_content":"","_et_gb_content_width":"","footnotes":""},"categories":[4],"tags":[1160,1159],"_links":{"self":[{"href":"https:\/\/face.unt.edu.ar\/web\/wp-json\/wp\/v2\/posts\/16993"}],"collection":[{"href":"https:\/\/face.unt.edu.ar\/web\/wp-json\/wp\/v2\/posts"}],"about":[{"href":"https:\/\/face.unt.edu.ar\/web\/wp-json\/wp\/v2\/types\/post"}],"author":[{"embeddable":true,"href":"https:\/\/face.unt.edu.ar\/web\/wp-json\/wp\/v2\/users\/2"}],"replies":[{"embeddable":true,"href":"https:\/\/face.unt.edu.ar\/web\/wp-json\/wp\/v2\/comments?post=16993"}],"version-history":[{"count":1,"href":"https:\/\/face.unt.edu.ar\/web\/wp-json\/wp\/v2\/posts\/16993\/revisions"}],"predecessor-version":[{"id":16995,"href":"https:\/\/face.unt.edu.ar\/web\/wp-json\/wp\/v2\/posts\/16993\/revisions\/16995"}],"wp:featuredmedia":[{"embeddable":true,"href":"https:\/\/face.unt.edu.ar\/web\/wp-json\/wp\/v2\/media\/16994"}],"wp:attachment":[{"href":"https:\/\/face.unt.edu.ar\/web\/wp-json\/wp\/v2\/media?parent=16993"}],"wp:term":[{"taxonomy":"category","embeddable":true,"href":"https:\/\/face.unt.edu.ar\/web\/wp-json\/wp\/v2\/categories?post=16993"},{"taxonomy":"post_tag","embeddable":true,"href":"https:\/\/face.unt.edu.ar\/web\/wp-json\/wp\/v2\/tags?post=16993"}],"curies":[{"name":"wp","href":"https:\/\/api.w.org\/{rel}","templated":true}]}}