{"id":17061,"date":"2023-10-10T14:18:32","date_gmt":"2023-10-10T14:18:32","guid":{"rendered":"https:\/\/face.unt.edu.ar\/web\/?p=17061"},"modified":"2023-10-10T20:16:33","modified_gmt":"2023-10-10T20:16:33","slug":"nuestra-facultad-lleva-sus-charlas-sobre-emprendedurismo-a-distintas-instituciones-del-nivel-secundario","status":"publish","type":"post","link":"https:\/\/face.unt.edu.ar\/web\/blog\/nuestra-facultad-lleva-sus-charlas-sobre-emprendedurismo-a-distintas-instituciones-del-nivel-secundario\/","title":{"rendered":"Nuestra Facultad lleva sus charlas sobre emprendedurismo a distintas instituciones del nivel secundario"},"content":{"rendered":"<p>La <strong>Facultad de Ciencias Econ\u00f3micas<\/strong> de la <strong>Universidad Nacional de Tucum\u00e1n<\/strong>, a trav\u00e9s de la <strong>Secretar\u00eda de Extensi\u00f3n y Desarrollo Institucional<\/strong>, que tiene a su cargo el <strong>Cr. Ariel Apichela<\/strong>; est\u00e1 brindando charlas en distintas instituciones educativas del nivel secundario de la Provincia de Tucum\u00e1n a los estudiantes de los \u00faltimos a\u00f1os que tienen la materia microemprendimientos. Las mismas se desarrollan en el marco de la usina <strong>Econ\u00f3micas Emprende<\/strong>, a cargo de la <strong>Mg. Liliana Fagre<\/strong>; y del \u00e1rea <strong>Extensi\u00f3n y Proyectos Sociales<\/strong>, a cargo de la <strong>Cr. Raquel Giannini<\/strong>, docentes de esta Casa de Estudios.<\/p>\n<p>Los ejes tem\u00e1ticos que se abordan en las charlas son: qu\u00e9 significa ser emprendedor y cu\u00e1les son las competencias necesarias a desarrollar para emprender con \u00e9xito. Adem\u00e1s, se da a conocer las actividades que desarrolla el Ecosistema Emprendedor de Tucum\u00e1n, del cual la Facultad forma parte. Por \u00faltimo, se presenta el modelo Canvas y su aplicaci\u00f3n tomando como ejemplos los emprendimientos de los estudiantes: barritas saludables, macetas con reciclado, percheros, shampoo natural, pufs, brownies, remeras de dise\u00f1o, glitter, intervenci\u00f3n en pantalones de jean, etc.<\/p>\n<p>Entre las instituciones que fueron visitadas est\u00e1n el\u00a0<strong>Instituto Santo Domingo<\/strong>; la\u00a0<strong>Escuela Nuestra Se\u00f1ora del Valle<\/strong>\u00a0&#8211; Parroquia el Santo Cristo de Banda del R\u00edo Sal\u00ed; el\u00a0<strong>Colegio San Javier<\/strong>\u00a0en\u00a0 Yerba Buena; y el\u00a0<strong>Instituto San Pablo Ap\u00f3stol\u00a0<\/strong>en San Pablo.<\/p>\n<p>La Mg. Liliana Fagre, coment\u00f3 la importancia de vincular a la Facultad con la comunidad a trav\u00e9s de su funci\u00f3n de extensi\u00f3n, desarrollando competencias emprendedoras entre los j\u00f3venes, buscando fortalecer el esp\u00edritu emprendedor para impactar de manera positiva en el desarrollo econ\u00f3mico de la regi\u00f3n.<\/p>\n<p>Est\u00e1 previsto continuar dando charlas en otras instituciones de diferentes localidades, como Alberdi, entre otras.<\/p>\n<p><a href=\"https:\/\/face.unt.edu.ar\/web\/wp-content\/uploads\/2023\/10\/San-Pablo-Apostol-profes.jpeg\"><img decoding=\"async\" loading=\"lazy\" class=\"alignnone size-medium wp-image-17067\" src=\"https:\/\/face.unt.edu.ar\/web\/wp-content\/uploads\/2023\/10\/San-Pablo-Apostol-profes-300x225.jpeg\" alt=\"\" width=\"300\" height=\"225\" srcset=\"https:\/\/face.unt.edu.ar\/web\/wp-content\/uploads\/2023\/10\/San-Pablo-Apostol-profes-300x225.jpeg 300w, https:\/\/face.unt.edu.ar\/web\/wp-content\/uploads\/2023\/10\/San-Pablo-Apostol-profes-1024x768.jpeg 1024w, https:\/\/face.unt.edu.ar\/web\/wp-content\/uploads\/2023\/10\/San-Pablo-Apostol-profes-768x576.jpeg 768w, https:\/\/face.unt.edu.ar\/web\/wp-content\/uploads\/2023\/10\/San-Pablo-Apostol-profes-1536x1152.jpeg 1536w, https:\/\/face.unt.edu.ar\/web\/wp-content\/uploads\/2023\/10\/San-Pablo-Apostol-profes-80x60.jpeg 80w, https:\/\/face.unt.edu.ar\/web\/wp-content\/uploads\/2023\/10\/San-Pablo-Apostol-profes-160x120.jpeg 160w, https:\/\/face.unt.edu.ar\/web\/wp-content\/uploads\/2023\/10\/San-Pablo-Apostol-profes-265x198.jpeg 265w, https:\/\/face.unt.edu.ar\/web\/wp-content\/uploads\/2023\/10\/San-Pablo-Apostol-profes-530x396.jpeg 530w, https:\/\/face.unt.edu.ar\/web\/wp-content\/uploads\/2023\/10\/San-Pablo-Apostol-profes-696x522.jpeg 696w, https:\/\/face.unt.edu.ar\/web\/wp-content\/uploads\/2023\/10\/San-Pablo-Apostol-profes-1392x1044.jpeg 1392w, https:\/\/face.unt.edu.ar\/web\/wp-content\/uploads\/2023\/10\/San-Pablo-Apostol-profes-1068x801.jpeg 1068w, https:\/\/face.unt.edu.ar\/web\/wp-content\/uploads\/2023\/10\/San-Pablo-Apostol-profes-560x420.jpeg 560w, https:\/\/face.unt.edu.ar\/web\/wp-content\/uploads\/2023\/10\/San-Pablo-Apostol-profes-1120x840.jpeg 1120w, https:\/\/face.unt.edu.ar\/web\/wp-content\/uploads\/2023\/10\/San-Pablo-Apostol-profes.jpeg 1600w\" sizes=\"(max-width: 300px) 100vw, 300px\" \/><\/a><a href=\"https:\/\/face.unt.edu.ar\/web\/wp-content\/uploads\/2023\/10\/WhatsApp-Image-2023-09-12-at-18.02.04-1.jpeg\"><img decoding=\"async\" loading=\"lazy\" class=\"alignnone size-medium wp-image-17064\" src=\"https:\/\/face.unt.edu.ar\/web\/wp-content\/uploads\/2023\/10\/WhatsApp-Image-2023-09-12-at-18.02.04-1-300x225.jpeg\" alt=\"\" width=\"300\" height=\"225\" srcset=\"https:\/\/face.unt.edu.ar\/web\/wp-content\/uploads\/2023\/10\/WhatsApp-Image-2023-09-12-at-18.02.04-1-300x225.jpeg 300w, https:\/\/face.unt.edu.ar\/web\/wp-content\/uploads\/2023\/10\/WhatsApp-Image-2023-09-12-at-18.02.04-1-768x576.jpeg 768w, https:\/\/face.unt.edu.ar\/web\/wp-content\/uploads\/2023\/10\/WhatsApp-Image-2023-09-12-at-18.02.04-1-80x60.jpeg 80w, https:\/\/face.unt.edu.ar\/web\/wp-content\/uploads\/2023\/10\/WhatsApp-Image-2023-09-12-at-18.02.04-1-160x120.jpeg 160w, https:\/\/face.unt.edu.ar\/web\/wp-content\/uploads\/2023\/10\/WhatsApp-Image-2023-09-12-at-18.02.04-1-265x198.jpeg 265w, https:\/\/face.unt.edu.ar\/web\/wp-content\/uploads\/2023\/10\/WhatsApp-Image-2023-09-12-at-18.02.04-1-530x396.jpeg 530w, https:\/\/face.unt.edu.ar\/web\/wp-content\/uploads\/2023\/10\/WhatsApp-Image-2023-09-12-at-18.02.04-1-696x522.jpeg 696w, https:\/\/face.unt.edu.ar\/web\/wp-content\/uploads\/2023\/10\/WhatsApp-Image-2023-09-12-at-18.02.04-1-560x420.jpeg 560w, https:\/\/face.unt.edu.ar\/web\/wp-content\/uploads\/2023\/10\/WhatsApp-Image-2023-09-12-at-18.02.04-1.jpeg 1024w\" sizes=\"(max-width: 300px) 100vw, 300px\" \/><\/a> <a href=\"https:\/\/face.unt.edu.ar\/web\/wp-content\/uploads\/2023\/10\/San-Pablo-Apostol-10-1.jpeg\"><img decoding=\"async\" loading=\"lazy\" class=\"alignnone size-medium wp-image-17068\" src=\"https:\/\/face.unt.edu.ar\/web\/wp-content\/uploads\/2023\/10\/San-Pablo-Apostol-10-1-300x225.jpeg\" alt=\"\" width=\"300\" height=\"225\" srcset=\"https:\/\/face.unt.edu.ar\/web\/wp-content\/uploads\/2023\/10\/San-Pablo-Apostol-10-1-300x225.jpeg 300w, https:\/\/face.unt.edu.ar\/web\/wp-content\/uploads\/2023\/10\/San-Pablo-Apostol-10-1-1024x768.jpeg 1024w, https:\/\/face.unt.edu.ar\/web\/wp-content\/uploads\/2023\/10\/San-Pablo-Apostol-10-1-768x576.jpeg 768w, https:\/\/face.unt.edu.ar\/web\/wp-content\/uploads\/2023\/10\/San-Pablo-Apostol-10-1-1536x1152.jpeg 1536w, https:\/\/face.unt.edu.ar\/web\/wp-content\/uploads\/2023\/10\/San-Pablo-Apostol-10-1-80x60.jpeg 80w, https:\/\/face.unt.edu.ar\/web\/wp-content\/uploads\/2023\/10\/San-Pablo-Apostol-10-1-160x120.jpeg 160w, https:\/\/face.unt.edu.ar\/web\/wp-content\/uploads\/2023\/10\/San-Pablo-Apostol-10-1-265x198.jpeg 265w, https:\/\/face.unt.edu.ar\/web\/wp-content\/uploads\/2023\/10\/San-Pablo-Apostol-10-1-530x396.jpeg 530w, https:\/\/face.unt.edu.ar\/web\/wp-content\/uploads\/2023\/10\/San-Pablo-Apostol-10-1-696x522.jpeg 696w, https:\/\/face.unt.edu.ar\/web\/wp-content\/uploads\/2023\/10\/San-Pablo-Apostol-10-1-1392x1044.jpeg 1392w, https:\/\/face.unt.edu.ar\/web\/wp-content\/uploads\/2023\/10\/San-Pablo-Apostol-10-1-1068x801.jpeg 1068w, https:\/\/face.unt.edu.ar\/web\/wp-content\/uploads\/2023\/10\/San-Pablo-Apostol-10-1-560x420.jpeg 560w, https:\/\/face.unt.edu.ar\/web\/wp-content\/uploads\/2023\/10\/San-Pablo-Apostol-10-1-1120x840.jpeg 1120w, https:\/\/face.unt.edu.ar\/web\/wp-content\/uploads\/2023\/10\/San-Pablo-Apostol-10-1.jpeg 1600w\" sizes=\"(max-width: 300px) 100vw, 300px\" \/><\/a> <a href=\"https:\/\/face.unt.edu.ar\/web\/wp-content\/uploads\/2023\/10\/San-Javier.jpeg\"><img decoding=\"async\" loading=\"lazy\" class=\"alignnone size-medium wp-image-17069\" src=\"https:\/\/face.unt.edu.ar\/web\/wp-content\/uploads\/2023\/10\/San-Javier-300x226.jpeg\" alt=\"\" width=\"300\" height=\"226\" srcset=\"https:\/\/face.unt.edu.ar\/web\/wp-content\/uploads\/2023\/10\/San-Javier-300x226.jpeg 300w, https:\/\/face.unt.edu.ar\/web\/wp-content\/uploads\/2023\/10\/San-Javier-1024x771.jpeg 1024w, https:\/\/face.unt.edu.ar\/web\/wp-content\/uploads\/2023\/10\/San-Javier-768x578.jpeg 768w, https:\/\/face.unt.edu.ar\/web\/wp-content\/uploads\/2023\/10\/San-Javier-1536x1156.jpeg 1536w, https:\/\/face.unt.edu.ar\/web\/wp-content\/uploads\/2023\/10\/San-Javier-80x60.jpeg 80w, https:\/\/face.unt.edu.ar\/web\/wp-content\/uploads\/2023\/10\/San-Javier-160x120.jpeg 160w, https:\/\/face.unt.edu.ar\/web\/wp-content\/uploads\/2023\/10\/San-Javier-696x524.jpeg 696w, https:\/\/face.unt.edu.ar\/web\/wp-content\/uploads\/2023\/10\/San-Javier-1392x1047.jpeg 1392w, https:\/\/face.unt.edu.ar\/web\/wp-content\/uploads\/2023\/10\/San-Javier-1068x804.jpeg 1068w, https:\/\/face.unt.edu.ar\/web\/wp-content\/uploads\/2023\/10\/San-Javier-558x420.jpeg 558w, https:\/\/face.unt.edu.ar\/web\/wp-content\/uploads\/2023\/10\/San-Javier-1116x840.jpeg 1116w, https:\/\/face.unt.edu.ar\/web\/wp-content\/uploads\/2023\/10\/San-Javier.jpeg 1600w\" sizes=\"(max-width: 300px) 100vw, 300px\" \/><\/a> <a href=\"https:\/\/face.unt.edu.ar\/web\/wp-content\/uploads\/2023\/10\/San-Javier-5.jpeg\"><img decoding=\"async\" loading=\"lazy\" class=\"alignnone size-medium wp-image-17070\" src=\"https:\/\/face.unt.edu.ar\/web\/wp-content\/uploads\/2023\/10\/San-Javier-5-300x225.jpeg\" alt=\"\" width=\"300\" height=\"225\" srcset=\"https:\/\/face.unt.edu.ar\/web\/wp-content\/uploads\/2023\/10\/San-Javier-5-300x225.jpeg 300w, https:\/\/face.unt.edu.ar\/web\/wp-content\/uploads\/2023\/10\/San-Javier-5-768x576.jpeg 768w, https:\/\/face.unt.edu.ar\/web\/wp-content\/uploads\/2023\/10\/San-Javier-5-80x60.jpeg 80w, https:\/\/face.unt.edu.ar\/web\/wp-content\/uploads\/2023\/10\/San-Javier-5-160x120.jpeg 160w, https:\/\/face.unt.edu.ar\/web\/wp-content\/uploads\/2023\/10\/San-Javier-5-265x198.jpeg 265w, https:\/\/face.unt.edu.ar\/web\/wp-content\/uploads\/2023\/10\/San-Javier-5-530x396.jpeg 530w, https:\/\/face.unt.edu.ar\/web\/wp-content\/uploads\/2023\/10\/San-Javier-5-696x522.jpeg 696w, https:\/\/face.unt.edu.ar\/web\/wp-content\/uploads\/2023\/10\/San-Javier-5-560x420.jpeg 560w, https:\/\/face.unt.edu.ar\/web\/wp-content\/uploads\/2023\/10\/San-Javier-5.jpeg 1024w\" sizes=\"(max-width: 300px) 100vw, 300px\" \/><\/a> <a href=\"https:\/\/face.unt.edu.ar\/web\/wp-content\/uploads\/2023\/10\/San-Javier-3.jpeg\"><img decoding=\"async\" loading=\"lazy\" class=\"alignnone size-medium wp-image-17071\" src=\"https:\/\/face.unt.edu.ar\/web\/wp-content\/uploads\/2023\/10\/San-Javier-3-300x226.jpeg\" alt=\"\" width=\"300\" height=\"226\" srcset=\"https:\/\/face.unt.edu.ar\/web\/wp-content\/uploads\/2023\/10\/San-Javier-3-300x226.jpeg 300w, https:\/\/face.unt.edu.ar\/web\/wp-content\/uploads\/2023\/10\/San-Javier-3-1024x771.jpeg 1024w, https:\/\/face.unt.edu.ar\/web\/wp-content\/uploads\/2023\/10\/San-Javier-3-768x578.jpeg 768w, https:\/\/face.unt.edu.ar\/web\/wp-content\/uploads\/2023\/10\/San-Javier-3-1536x1156.jpeg 1536w, https:\/\/face.unt.edu.ar\/web\/wp-content\/uploads\/2023\/10\/San-Javier-3-80x60.jpeg 80w, https:\/\/face.unt.edu.ar\/web\/wp-content\/uploads\/2023\/10\/San-Javier-3-160x120.jpeg 160w, https:\/\/face.unt.edu.ar\/web\/wp-content\/uploads\/2023\/10\/San-Javier-3-696x524.jpeg 696w, https:\/\/face.unt.edu.ar\/web\/wp-content\/uploads\/2023\/10\/San-Javier-3-1392x1047.jpeg 1392w, https:\/\/face.unt.edu.ar\/web\/wp-content\/uploads\/2023\/10\/San-Javier-3-1068x804.jpeg 1068w, https:\/\/face.unt.edu.ar\/web\/wp-content\/uploads\/2023\/10\/San-Javier-3-558x420.jpeg 558w, https:\/\/face.unt.edu.ar\/web\/wp-content\/uploads\/2023\/10\/San-Javier-3-1116x840.jpeg 1116w, https:\/\/face.unt.edu.ar\/web\/wp-content\/uploads\/2023\/10\/San-Javier-3.jpeg 1600w\" sizes=\"(max-width: 300px) 100vw, 300px\" \/><\/a> <a href=\"https:\/\/face.unt.edu.ar\/web\/wp-content\/uploads\/2023\/10\/WhatsApp-Image-2023-09-19-at-19.51.20-3.jpeg\"><img decoding=\"async\" loading=\"lazy\" class=\"alignnone size-medium wp-image-17072\" src=\"https:\/\/face.unt.edu.ar\/web\/wp-content\/uploads\/2023\/10\/WhatsApp-Image-2023-09-19-at-19.51.20-3-226x300.jpeg\" alt=\"\" width=\"226\" height=\"300\" srcset=\"https:\/\/face.unt.edu.ar\/web\/wp-content\/uploads\/2023\/10\/WhatsApp-Image-2023-09-19-at-19.51.20-3-226x300.jpeg 226w, https:\/\/face.unt.edu.ar\/web\/wp-content\/uploads\/2023\/10\/WhatsApp-Image-2023-09-19-at-19.51.20-3-771x1024.jpeg 771w, https:\/\/face.unt.edu.ar\/web\/wp-content\/uploads\/2023\/10\/WhatsApp-Image-2023-09-19-at-19.51.20-3-768x1021.jpeg 768w, https:\/\/face.unt.edu.ar\/web\/wp-content\/uploads\/2023\/10\/WhatsApp-Image-2023-09-19-at-19.51.20-3-1156x1536.jpeg 1156w, https:\/\/face.unt.edu.ar\/web\/wp-content\/uploads\/2023\/10\/WhatsApp-Image-2023-09-19-at-19.51.20-3-696x925.jpeg 696w, https:\/\/face.unt.edu.ar\/web\/wp-content\/uploads\/2023\/10\/WhatsApp-Image-2023-09-19-at-19.51.20-3-1068x1419.jpeg 1068w, https:\/\/face.unt.edu.ar\/web\/wp-content\/uploads\/2023\/10\/WhatsApp-Image-2023-09-19-at-19.51.20-3-316x420.jpeg 316w, https:\/\/face.unt.edu.ar\/web\/wp-content\/uploads\/2023\/10\/WhatsApp-Image-2023-09-19-at-19.51.20-3-632x840.jpeg 632w, https:\/\/face.unt.edu.ar\/web\/wp-content\/uploads\/2023\/10\/WhatsApp-Image-2023-09-19-at-19.51.20-3.jpeg 1204w\" sizes=\"(max-width: 226px) 100vw, 226px\" \/><\/a> <a href=\"https:\/\/face.unt.edu.ar\/web\/wp-content\/uploads\/2023\/10\/WhatsApp-Image-2023-09-19-at-19.51.20-1.jpeg\"><img decoding=\"async\" loading=\"lazy\" class=\"alignnone size-medium wp-image-17073\" src=\"https:\/\/face.unt.edu.ar\/web\/wp-content\/uploads\/2023\/10\/WhatsApp-Image-2023-09-19-at-19.51.20-1-226x300.jpeg\" alt=\"\" width=\"226\" height=\"300\" srcset=\"https:\/\/face.unt.edu.ar\/web\/wp-content\/uploads\/2023\/10\/WhatsApp-Image-2023-09-19-at-19.51.20-1-226x300.jpeg 226w, https:\/\/face.unt.edu.ar\/web\/wp-content\/uploads\/2023\/10\/WhatsApp-Image-2023-09-19-at-19.51.20-1-771x1024.jpeg 771w, https:\/\/face.unt.edu.ar\/web\/wp-content\/uploads\/2023\/10\/WhatsApp-Image-2023-09-19-at-19.51.20-1-768x1021.jpeg 768w, https:\/\/face.unt.edu.ar\/web\/wp-content\/uploads\/2023\/10\/WhatsApp-Image-2023-09-19-at-19.51.20-1-1156x1536.jpeg 1156w, https:\/\/face.unt.edu.ar\/web\/wp-content\/uploads\/2023\/10\/WhatsApp-Image-2023-09-19-at-19.51.20-1-696x925.jpeg 696w, https:\/\/face.unt.edu.ar\/web\/wp-content\/uploads\/2023\/10\/WhatsApp-Image-2023-09-19-at-19.51.20-1-1068x1419.jpeg 1068w, https:\/\/face.unt.edu.ar\/web\/wp-content\/uploads\/2023\/10\/WhatsApp-Image-2023-09-19-at-19.51.20-1-316x420.jpeg 316w, https:\/\/face.unt.edu.ar\/web\/wp-content\/uploads\/2023\/10\/WhatsApp-Image-2023-09-19-at-19.51.20-1-632x840.jpeg 632w, https:\/\/face.unt.edu.ar\/web\/wp-content\/uploads\/2023\/10\/WhatsApp-Image-2023-09-19-at-19.51.20-1.jpeg 1204w\" sizes=\"(max-width: 226px) 100vw, 226px\" \/><\/a> <a href=\"https:\/\/face.unt.edu.ar\/web\/wp-content\/uploads\/2023\/10\/WhatsApp-Image-2023-09-19-at-18.49.31-4.jpeg\"><img decoding=\"async\" loading=\"lazy\" class=\"alignnone size-medium wp-image-17074\" src=\"https:\/\/face.unt.edu.ar\/web\/wp-content\/uploads\/2023\/10\/WhatsApp-Image-2023-09-19-at-18.49.31-4-300x225.jpeg\" alt=\"\" width=\"300\" height=\"225\" srcset=\"https:\/\/face.unt.edu.ar\/web\/wp-content\/uploads\/2023\/10\/WhatsApp-Image-2023-09-19-at-18.49.31-4-300x225.jpeg 300w, https:\/\/face.unt.edu.ar\/web\/wp-content\/uploads\/2023\/10\/WhatsApp-Image-2023-09-19-at-18.49.31-4-768x576.jpeg 768w, https:\/\/face.unt.edu.ar\/web\/wp-content\/uploads\/2023\/10\/WhatsApp-Image-2023-09-19-at-18.49.31-4-80x60.jpeg 80w, https:\/\/face.unt.edu.ar\/web\/wp-content\/uploads\/2023\/10\/WhatsApp-Image-2023-09-19-at-18.49.31-4-160x120.jpeg 160w, https:\/\/face.unt.edu.ar\/web\/wp-content\/uploads\/2023\/10\/WhatsApp-Image-2023-09-19-at-18.49.31-4-265x198.jpeg 265w, https:\/\/face.unt.edu.ar\/web\/wp-content\/uploads\/2023\/10\/WhatsApp-Image-2023-09-19-at-18.49.31-4-530x396.jpeg 530w, https:\/\/face.unt.edu.ar\/web\/wp-content\/uploads\/2023\/10\/WhatsApp-Image-2023-09-19-at-18.49.31-4-696x522.jpeg 696w, https:\/\/face.unt.edu.ar\/web\/wp-content\/uploads\/2023\/10\/WhatsApp-Image-2023-09-19-at-18.49.31-4-560x420.jpeg 560w, https:\/\/face.unt.edu.ar\/web\/wp-content\/uploads\/2023\/10\/WhatsApp-Image-2023-09-19-at-18.49.31-4.jpeg 1024w\" sizes=\"(max-width: 300px) 100vw, 300px\" \/><\/a> <a href=\"https:\/\/face.unt.edu.ar\/web\/wp-content\/uploads\/2023\/10\/WhatsApp-Image-2023-09-19-at-18.49.31-1.jpeg\"><img decoding=\"async\" loading=\"lazy\" class=\"alignnone size-medium wp-image-17075\" src=\"https:\/\/face.unt.edu.ar\/web\/wp-content\/uploads\/2023\/10\/WhatsApp-Image-2023-09-19-at-18.49.31-1-300x225.jpeg\" alt=\"\" width=\"300\" height=\"225\" srcset=\"https:\/\/face.unt.edu.ar\/web\/wp-content\/uploads\/2023\/10\/WhatsApp-Image-2023-09-19-at-18.49.31-1-300x225.jpeg 300w, https:\/\/face.unt.edu.ar\/web\/wp-content\/uploads\/2023\/10\/WhatsApp-Image-2023-09-19-at-18.49.31-1-768x576.jpeg 768w, https:\/\/face.unt.edu.ar\/web\/wp-content\/uploads\/2023\/10\/WhatsApp-Image-2023-09-19-at-18.49.31-1-80x60.jpeg 80w, https:\/\/face.unt.edu.ar\/web\/wp-content\/uploads\/2023\/10\/WhatsApp-Image-2023-09-19-at-18.49.31-1-160x120.jpeg 160w, https:\/\/face.unt.edu.ar\/web\/wp-content\/uploads\/2023\/10\/WhatsApp-Image-2023-09-19-at-18.49.31-1-265x198.jpeg 265w, https:\/\/face.unt.edu.ar\/web\/wp-content\/uploads\/2023\/10\/WhatsApp-Image-2023-09-19-at-18.49.31-1-530x396.jpeg 530w, https:\/\/face.unt.edu.ar\/web\/wp-content\/uploads\/2023\/10\/WhatsApp-Image-2023-09-19-at-18.49.31-1-696x522.jpeg 696w, https:\/\/face.unt.edu.ar\/web\/wp-content\/uploads\/2023\/10\/WhatsApp-Image-2023-09-19-at-18.49.31-1-560x420.jpeg 560w, https:\/\/face.unt.edu.ar\/web\/wp-content\/uploads\/2023\/10\/WhatsApp-Image-2023-09-19-at-18.49.31-1.jpeg 1024w\" sizes=\"(max-width: 300px) 100vw, 300px\" \/><\/a><\/p>\n","protected":false},"excerpt":{"rendered":"<p>La Facultad de Ciencias Econ\u00f3micas de la Universidad Nacional de Tucum\u00e1n, a trav\u00e9s de la Secretar\u00eda de Extensi\u00f3n y Desarrollo Institucional, que tiene a su cargo el Cr. Ariel Apichela; est\u00e1 brindando charlas en distintas instituciones educativas del nivel secundario de la Provincia de Tucum\u00e1n a los estudiantes de los \u00faltimos a\u00f1os que tienen la [&hellip;]<\/p>\n","protected":false},"author":123457,"featured_media":17063,"comment_status":"closed","ping_status":"closed","sticky":false,"template":"","format":"standard","meta":{"_et_pb_use_builder":"","_et_pb_old_content":"","_et_gb_content_width":"","footnotes":""},"categories":[4],"tags":[376,1169,533,420,375,1109,1168,24],"_links":{"self":[{"href":"https:\/\/face.unt.edu.ar\/web\/wp-json\/wp\/v2\/posts\/17061"}],"collection":[{"href":"https:\/\/face.unt.edu.ar\/web\/wp-json\/wp\/v2\/posts"}],"about":[{"href":"https:\/\/face.unt.edu.ar\/web\/wp-json\/wp\/v2\/types\/post"}],"author":[{"embeddable":true,"href":"https:\/\/face.unt.edu.ar\/web\/wp-json\/wp\/v2\/users\/123457"}],"replies":[{"embeddable":true,"href":"https:\/\/face.unt.edu.ar\/web\/wp-json\/wp\/v2\/comments?post=17061"}],"version-history":[{"count":3,"href":"https:\/\/face.unt.edu.ar\/web\/wp-json\/wp\/v2\/posts\/17061\/revisions"}],"predecessor-version":[{"id":17080,"href":"https:\/\/face.unt.edu.ar\/web\/wp-json\/wp\/v2\/posts\/17061\/revisions\/17080"}],"wp:featuredmedia":[{"embeddable":true,"href":"https:\/\/face.unt.edu.ar\/web\/wp-json\/wp\/v2\/media\/17063"}],"wp:attachment":[{"href":"https:\/\/face.unt.edu.ar\/web\/wp-json\/wp\/v2\/media?parent=17061"}],"wp:term":[{"taxonomy":"category","embeddable":true,"href":"https:\/\/face.unt.edu.ar\/web\/wp-json\/wp\/v2\/categories?post=17061"},{"taxonomy":"post_tag","embeddable":true,"href":"https:\/\/face.unt.edu.ar\/web\/wp-json\/wp\/v2\/tags?post=17061"}],"curies":[{"name":"wp","href":"https:\/\/api.w.org\/{rel}","templated":true}]}}