{"id":17273,"date":"2023-11-03T12:50:29","date_gmt":"2023-11-03T12:50:29","guid":{"rendered":"https:\/\/face.unt.edu.ar\/web\/?p=17273"},"modified":"2023-11-03T12:50:29","modified_gmt":"2023-11-03T12:50:29","slug":"se-publico-un-nuevo-numero-de-nuestra-revista-economicas-digital","status":"publish","type":"post","link":"https:\/\/face.unt.edu.ar\/web\/blog\/se-publico-un-nuevo-numero-de-nuestra-revista-economicas-digital\/","title":{"rendered":"Se public\u00f3 un nuevo n\u00famero de nuestra revista Econ\u00f3micas Digital"},"content":{"rendered":"<p>Te invitamos a descubrir una nueva edici\u00f3n de nuestra revista <strong>Econ\u00f3micas Digital<\/strong>.<\/p>\n<p>En esta ocasi\u00f3n presenta el editorial del decano <strong>Mg. Jorge Rospide<\/strong>, referido al <strong>rol de los profesionales en relaci\u00f3n con el medio<\/strong>. Por otro lado, una entrevista a la <strong>Dra. Agustina Mart\u00ednez<\/strong>, graduada de nuestra Facultad, quien nos cuenta su experiencia de <strong>estudiar y trabajar en el exterior<\/strong>.<\/p>\n<p>Adem\u00e1s, la revista ofrece un art\u00edculo de la <strong>Esp. Psic. Florencia Villaverde<\/strong>, sobre el t<strong>rabajo en equipo y las competencias<\/strong> requeridas actualmente en el \u00e1mbito laboral.<\/p>\n<p>Tambi\u00e9n propone un art\u00edculo de la <strong>Lic. Julieta Cornalba<\/strong>, graduada reciente de nuestra Facultad, en donde cuenta su experiencia al <strong>aplicar herramientas de Inteligencia Artificial en un plan marketing digital<\/strong>.<\/p>\n<p>En la secci\u00f3n de investigaci\u00f3n, esta edici\u00f3n presenta un resumen del trabajo del<strong> Lic. Cristian Rocha y el Cr. Federico Ju\u00e1rez<\/strong>, sobre s<strong>ostenibilidad ambiental en las PyMEs tucumanas<\/strong>.<\/p>\n<p><a href=\"https:\/\/drive.google.com\/file\/d\/1_dklxuDP6xJWZmT4HwB6iMV6dkWMarA5\/view?usp=sharing\" target=\"_blank\" rel=\"noopener\"><strong>Pueden ver y descargar la revista haciendo clic aqu\u00ed.<\/strong><\/a><\/p>\n<p>&nbsp;<\/p>\n","protected":false},"excerpt":{"rendered":"<p>Te invitamos a descubrir una nueva edici\u00f3n de nuestra revista Econ\u00f3micas Digital. En esta ocasi\u00f3n presenta el editorial del decano Mg. Jorge Rospide, referido al rol de los profesionales en relaci\u00f3n con el medio. Por otro lado, una entrevista a la Dra. Agustina Mart\u00ednez, graduada de nuestra Facultad, quien nos cuenta su experiencia de estudiar [&hellip;]<\/p>\n","protected":false},"author":2,"featured_media":11583,"comment_status":"closed","ping_status":"closed","sticky":false,"template":"","format":"standard","meta":{"_et_pb_use_builder":"","_et_pb_old_content":"","_et_gb_content_width":"","footnotes":""},"categories":[4],"tags":[946,694,690,1181,980],"_links":{"self":[{"href":"https:\/\/face.unt.edu.ar\/web\/wp-json\/wp\/v2\/posts\/17273"}],"collection":[{"href":"https:\/\/face.unt.edu.ar\/web\/wp-json\/wp\/v2\/posts"}],"about":[{"href":"https:\/\/face.unt.edu.ar\/web\/wp-json\/wp\/v2\/types\/post"}],"author":[{"embeddable":true,"href":"https:\/\/face.unt.edu.ar\/web\/wp-json\/wp\/v2\/users\/2"}],"replies":[{"embeddable":true,"href":"https:\/\/face.unt.edu.ar\/web\/wp-json\/wp\/v2\/comments?post=17273"}],"version-history":[{"count":1,"href":"https:\/\/face.unt.edu.ar\/web\/wp-json\/wp\/v2\/posts\/17273\/revisions"}],"predecessor-version":[{"id":17274,"href":"https:\/\/face.unt.edu.ar\/web\/wp-json\/wp\/v2\/posts\/17273\/revisions\/17274"}],"wp:featuredmedia":[{"embeddable":true,"href":"https:\/\/face.unt.edu.ar\/web\/wp-json\/wp\/v2\/media\/11583"}],"wp:attachment":[{"href":"https:\/\/face.unt.edu.ar\/web\/wp-json\/wp\/v2\/media?parent=17273"}],"wp:term":[{"taxonomy":"category","embeddable":true,"href":"https:\/\/face.unt.edu.ar\/web\/wp-json\/wp\/v2\/categories?post=17273"},{"taxonomy":"post_tag","embeddable":true,"href":"https:\/\/face.unt.edu.ar\/web\/wp-json\/wp\/v2\/tags?post=17273"}],"curies":[{"name":"wp","href":"https:\/\/api.w.org\/{rel}","templated":true}]}}