{"id":17292,"date":"2023-11-08T12:21:16","date_gmt":"2023-11-08T12:21:16","guid":{"rendered":"https:\/\/face.unt.edu.ar\/web\/?p=17292"},"modified":"2023-11-08T12:21:16","modified_gmt":"2023-11-08T12:21:16","slug":"taller-de-moodle-inicial-configuracion-y-usos-generales-del-aula-virtual","status":"publish","type":"post","link":"https:\/\/face.unt.edu.ar\/web\/blog\/taller-de-moodle-inicial-configuracion-y-usos-generales-del-aula-virtual\/","title":{"rendered":"Taller de Moodle Inicial: Configuraci\u00f3n y usos generales del aula virtual"},"content":{"rendered":"<p>Nuestra <strong>Facultad de Ciencias Econ\u00f3micas de la UNT<\/strong> brindar\u00e1 un <strong>Taller de Moodle Inicial: Configuraci\u00f3n y usos generales del aula virtual<\/strong>, que estar\u00e1 a<span class=\"OYPEnA text-decoration-none text-strikethrough-none\"> cargo de las docentes\u00a0<\/span><span class=\"OYPEnA text-decoration-none text-strikethrough-none\">Cra. Cecilia Canevaro y Cra. Raquel Giannini.\u00a0<\/span><\/p>\n<p>El taller es <strong>gratuito<\/strong> y est\u00e1 <strong>destinado a docentes de la FACE<\/strong>.<\/p>\n<p>Los ejes centrales del contenido a tratar son la configuraci\u00f3n y usos b\u00e1sicos del aula virtual:<\/p>\n<ul>\n<li><span class=\"OYPEnA text-decoration-none text-strikethrough-none\">Configuraci\u00f3n del curso.<\/span><\/li>\n<li><span class=\"OYPEnA text-decoration-none text-strikethrough-none\">Matriculaci\u00f3n, Participantes, Grupos.<\/span><\/li>\n<li><span class=\"OYPEnA text-decoration-none text-strikethrough-none\">Recursos y Cuestionarios.<\/span><\/li>\n<\/ul>\n<p>El taller consta de 3 (tres) encuentros presenciales los d\u00edas martes <strong>14, 21 y 28 de noviembre<\/strong> de 2023, en el <strong>Laboratorio Alfa<\/strong> de nuestra Facultad.<\/p>\n<p><strong>Inscripci\u00f3n online<\/strong> en el siguiente link:<a href=\"https:\/\/forms.gle\/Gf2D2pazY9yCyLby9\" target=\"_blank\" rel=\"noopener\"><strong> https:\/\/forms.gle\/Gf2D2pazY9yCyLby9<\/strong><\/a><\/p>\n","protected":false},"excerpt":{"rendered":"<p>Nuestra Facultad de Ciencias Econ\u00f3micas de la UNT brindar\u00e1 un Taller de Moodle Inicial: Configuraci\u00f3n y usos generales del aula virtual, que estar\u00e1 a cargo de las docentes\u00a0Cra. Cecilia Canevaro y Cra. Raquel Giannini.\u00a0 El taller es gratuito y est\u00e1 destinado a docentes de la FACE. Los ejes centrales del contenido a tratar son la [&hellip;]<\/p>\n","protected":false},"author":2,"featured_media":17293,"comment_status":"closed","ping_status":"closed","sticky":false,"template":"","format":"standard","meta":{"_et_pb_use_builder":"","_et_pb_old_content":"","_et_gb_content_width":"","footnotes":""},"categories":[4],"tags":[],"_links":{"self":[{"href":"https:\/\/face.unt.edu.ar\/web\/wp-json\/wp\/v2\/posts\/17292"}],"collection":[{"href":"https:\/\/face.unt.edu.ar\/web\/wp-json\/wp\/v2\/posts"}],"about":[{"href":"https:\/\/face.unt.edu.ar\/web\/wp-json\/wp\/v2\/types\/post"}],"author":[{"embeddable":true,"href":"https:\/\/face.unt.edu.ar\/web\/wp-json\/wp\/v2\/users\/2"}],"replies":[{"embeddable":true,"href":"https:\/\/face.unt.edu.ar\/web\/wp-json\/wp\/v2\/comments?post=17292"}],"version-history":[{"count":1,"href":"https:\/\/face.unt.edu.ar\/web\/wp-json\/wp\/v2\/posts\/17292\/revisions"}],"predecessor-version":[{"id":17294,"href":"https:\/\/face.unt.edu.ar\/web\/wp-json\/wp\/v2\/posts\/17292\/revisions\/17294"}],"wp:featuredmedia":[{"embeddable":true,"href":"https:\/\/face.unt.edu.ar\/web\/wp-json\/wp\/v2\/media\/17293"}],"wp:attachment":[{"href":"https:\/\/face.unt.edu.ar\/web\/wp-json\/wp\/v2\/media?parent=17292"}],"wp:term":[{"taxonomy":"category","embeddable":true,"href":"https:\/\/face.unt.edu.ar\/web\/wp-json\/wp\/v2\/categories?post=17292"},{"taxonomy":"post_tag","embeddable":true,"href":"https:\/\/face.unt.edu.ar\/web\/wp-json\/wp\/v2\/tags?post=17292"}],"curies":[{"name":"wp","href":"https:\/\/api.w.org\/{rel}","templated":true}]}}