{"id":17434,"date":"2023-11-28T18:28:14","date_gmt":"2023-11-28T18:28:14","guid":{"rendered":"https:\/\/face.unt.edu.ar\/web\/?p=17434"},"modified":"2023-11-28T18:28:14","modified_gmt":"2023-11-28T18:28:14","slug":"celebramos-30-anos-de-trayectoria-de-nuestra-carrera-de-posgrado-especializacion-en-tributacion","status":"publish","type":"post","link":"https:\/\/face.unt.edu.ar\/web\/blog\/celebramos-30-anos-de-trayectoria-de-nuestra-carrera-de-posgrado-especializacion-en-tributacion\/","title":{"rendered":"Celebramos 30 a\u00f1os de trayectoria de nuestra carrera de posgrado Especializaci\u00f3n en Tributaci\u00f3n"},"content":{"rendered":"<p><strong>\u00a0<\/strong>El pasado viernes 24 de noviembre se llev\u00f3 a cabo la <strong>celebraci\u00f3n por los 30 a\u00f1os de cursado ininterrumpido del posgrado Especializaci\u00f3n en Tributaci\u00f3n<\/strong> que se dicta en nuestra <strong>Facultad de Ciencias Econ\u00f3micas de la UNT<\/strong>, una carrera de gran convocatoria y prestigio en el Norte Argentino.<\/p>\n<p>A\u00f1o tras a\u00f1o, profesionales de distintas provincias eligen este posgrado debido a que cuenta con un alto nivel acad\u00e9mico y destacados profesionales de todo el pa\u00eds que integran su plantel docente.<\/p>\n<p>En esta oportunidad, en el marco de la celebraci\u00f3n de este 30 aniversario, se realiz\u00f3 la <strong>Conferencia Magistral \u00abPerspectivas sustantivas y procesales del r\u00e9gimen fiscal argentino\u00bb\u00a0<\/strong>que estuvo a cargo del <strong>Dr. Gustavo Naveira de Casanova<\/strong>, docente del posgrado y un baluarte importante para la carrera.<\/p>\n<p>Estuvieron presentes el decano de nuestra Facultad, <strong>Mg. Jorge Rospide<\/strong>; el vicedecano, <strong>Esp. Gustavo Sota<\/strong>; la secretaria de Ciencia, T\u00e9cnica y Posgrado de esta Casa de Estudios, <strong>Esp. Gabriela S\u00e1nchez<\/strong>; el director de la carrera, <strong>Esp. Luis Forns<\/strong>; la codirectora, <strong>Mg. Mar\u00eda Elena Marchese de Posleman<\/strong> y secretarios del gabinete. Adem\u00e1s, participaron docentes,\u00a0estudiantes del posgrado, graduados de la carrera\u00a0 e invitados especiales.<\/p>\n<p>En el inicio de la conferencia la <strong>Esp. Gabriela S\u00e1nchez<\/strong> expres\u00f3 unas palabras alusivas a este acontecimiento destacando la importancia de la carrera en la formaci\u00f3n de profesionales en materia tributaria, agregando: \u00abQuiero hacer un reconocimiento\u00a0en estos 30 a\u00f1os de trayectoria al Dr. Antonio Forns, quien en el a\u00f1o 1993 determin\u00f3 que Tucum\u00e1n necesitaba Especialistas en Tributaci\u00f3n y se aventur\u00f3 en esa carrera. Luego,\u00a0 sigui\u00f3 \u00abPancho\u00bb Fernandez, como lo conocimos todos; y a continuaci\u00f3n Luis Forns con la codirectora\u00a0Marchese de Posleman\u00bb.<\/p>\n<p>Por su parte, el <strong>Esp. Luis Forns<\/strong>, emocionado, agradeci\u00f3 a los presentes por compartir tan grato momento; dedic\u00f3 unas palabras en homenaje a los fundadores de la carrera y record\u00f3 los desaf\u00edos que fueron superando a\u00f1o tras a\u00f1o, y que le dieron mayor solidez a este programa de posgrado. Seguidamente present\u00f3 al Dr. Naveira de Casanova, invitado especialmente para este evento.<\/p>\n<p>La <strong>Mg. Mar\u00eda Elena Marchese de Posleman<\/strong> manifest\u00f3 su emoci\u00f3n y expres\u00f3: \u00bb Quiero evocar al Dr. Forns, que fue el alma mater de esta carrera, nosotros presenciamos el costo que tuvo para \u00e9l, esa lucha para lograr estructurar la carrera, luego todo anduvo sobre rieles.\u00bb<\/p>\n<p>Por otro lado, el <strong>Mg. Rospide<\/strong> brind\u00f3 unas palabras felicitando a los directores de la carrera y al equipo de Docentes y Nodocente que hacen posible el desarrollo de cada cohorte. \u00abEste es un programa insignia de nuestra Facultad, una disciplina que es referente en todo el norte argentino&#8230; Que este programa siga creciendo y expandi\u00e9ndose en los pr\u00f3ximos a\u00f1os; desde la Facultad seguiremos apoyando estas iniciativas que hacen muy bien a toda la comunidad de nuestra universidad y a toda la comunidad empresaria y profesional de Tucum\u00e1n\u00bb.<\/p>\n<p>Tambi\u00e9n el <strong>Esp. Gustavo Sota<\/strong> comparti\u00f3 un mensaje con los presentes:\u00a0 \u00abQuiero felicitar a esta especializaci\u00f3n, es digno de admiraci\u00f3n en cualquier unidad acad\u00e9mica, y en la nuestra, es motivo de orgullo&#8230; Esta especializaci\u00f3n adem\u00e1s de la solidez, los a\u00f1os y la experiencia; tiene la carga horaria, los contenidos curriculares y los docentes necesarios para llevarla a una Maestr\u00eda. Es uno de los objetivos de gesti\u00f3n, llevar la Especializaci\u00f3n a una Maestr\u00eda en Tributaci\u00f3n, y si todo va muy bien, lo podr\u00edamos estar logrando para el 2025. Un anuncio que ser\u00eda un lindo cierre de este festejo de los 30 a\u00f1os\u00bb.<\/p>\n<p>En la conferencia el <strong>Dr. Naveira de Casanova,<\/strong> se refiri\u00f3 a tres cuestiones centrales en el Sistema Fiscal: cuestiones vinculadas con el Derecho Tributario formal;\u00a0la falta de coordinaci\u00f3n entre la naci\u00f3n, la provincia y el municipio, mencionando a la Ley de Coparticipaci\u00f3n; y finalmente una reflexi\u00f3n sobre dos tributos en particular.<\/p>\n<p>Finalizada la conferencia, se realiz\u00f3 la entrega de una placa al Director de la carrera en reconocimiento a los 30 a\u00f1os de trayectoria ininterrumpida; y un presente a la Cordirectora\u00a0de la especializaci\u00f3n.<\/p>\n<p><iframe loading=\"lazy\" title=\"Palabras de autoridades en los 30 a\u00f1os de la Especializaci\u00f3n en Tributaci\u00f3n - FACE UNT\" width=\"1080\" height=\"608\" src=\"https:\/\/www.youtube.com\/embed\/x9nwf-mRrnI?feature=oembed\"  allow=\"accelerometer; autoplay; clipboard-write; encrypted-media; gyroscope; picture-in-picture; web-share\" referrerpolicy=\"strict-origin-when-cross-origin\" allowfullscreen><\/iframe><\/p>\n<p>&nbsp;<\/p>\n","protected":false},"excerpt":{"rendered":"<p>\u00a0El pasado viernes 24 de noviembre se llev\u00f3 a cabo la celebraci\u00f3n por los 30 a\u00f1os de cursado ininterrumpido del posgrado Especializaci\u00f3n en Tributaci\u00f3n que se dicta en nuestra Facultad de Ciencias Econ\u00f3micas de la UNT, una carrera de gran convocatoria y prestigio en el Norte Argentino. A\u00f1o tras a\u00f1o, profesionales de distintas provincias eligen [&hellip;]<\/p>\n","protected":false},"author":123457,"featured_media":17436,"comment_status":"closed","ping_status":"closed","sticky":false,"template":"","format":"standard","meta":{"_et_pb_use_builder":"","_et_pb_old_content":"","_et_gb_content_width":"","footnotes":""},"categories":[4],"tags":[376,1187,36,197],"_links":{"self":[{"href":"https:\/\/face.unt.edu.ar\/web\/wp-json\/wp\/v2\/posts\/17434"}],"collection":[{"href":"https:\/\/face.unt.edu.ar\/web\/wp-json\/wp\/v2\/posts"}],"about":[{"href":"https:\/\/face.unt.edu.ar\/web\/wp-json\/wp\/v2\/types\/post"}],"author":[{"embeddable":true,"href":"https:\/\/face.unt.edu.ar\/web\/wp-json\/wp\/v2\/users\/123457"}],"replies":[{"embeddable":true,"href":"https:\/\/face.unt.edu.ar\/web\/wp-json\/wp\/v2\/comments?post=17434"}],"version-history":[{"count":2,"href":"https:\/\/face.unt.edu.ar\/web\/wp-json\/wp\/v2\/posts\/17434\/revisions"}],"predecessor-version":[{"id":17438,"href":"https:\/\/face.unt.edu.ar\/web\/wp-json\/wp\/v2\/posts\/17434\/revisions\/17438"}],"wp:featuredmedia":[{"embeddable":true,"href":"https:\/\/face.unt.edu.ar\/web\/wp-json\/wp\/v2\/media\/17436"}],"wp:attachment":[{"href":"https:\/\/face.unt.edu.ar\/web\/wp-json\/wp\/v2\/media?parent=17434"}],"wp:term":[{"taxonomy":"category","embeddable":true,"href":"https:\/\/face.unt.edu.ar\/web\/wp-json\/wp\/v2\/categories?post=17434"},{"taxonomy":"post_tag","embeddable":true,"href":"https:\/\/face.unt.edu.ar\/web\/wp-json\/wp\/v2\/tags?post=17434"}],"curies":[{"name":"wp","href":"https:\/\/api.w.org\/{rel}","templated":true}]}}