{"id":17571,"date":"2023-12-22T08:00:48","date_gmt":"2023-12-22T08:00:48","guid":{"rendered":"https:\/\/face.unt.edu.ar\/web\/?p=17571"},"modified":"2023-12-21T15:59:32","modified_gmt":"2023-12-21T15:59:32","slug":"se-abre-la-inscripcion-para-estudiar-en-nuestra-facultad-de-ciencias-economicas","status":"publish","type":"post","link":"https:\/\/face.unt.edu.ar\/web\/blog\/se-abre-la-inscripcion-para-estudiar-en-nuestra-facultad-de-ciencias-economicas\/","title":{"rendered":"Se abre la inscripci\u00f3n para estudiar en nuestra Facultad de Ciencias Econ\u00f3micas"},"content":{"rendered":"<p>La Facultad de Ciencias Econ\u00f3micas de la Universidad Nacional de Tucum\u00e1n informa las fechas de inscripci\u00f3n al Curso de Nivelaci\u00f3n, destinado a quienes quieran ingresar a esta Casa de Estudios, para estudiar Contador P\u00fablico, Licenciatura en Administraci\u00f3n o Licenciatura en Econom\u00eda.<\/p>\n<h2 style=\"text-align: center\"><strong>Instancia de Febrero de 2024<\/strong><\/h2>\n<div><strong>Inscripci\u00f3n<\/strong>:\u00a0<strong>desde el 22\/12\/2023 hasta el 01\/02\/2024<\/strong>\u00a0inclusive (\u00fanicamente por medios digitales).<\/div>\n<div><\/div>\n<div><strong>Inicio del Curso:\u00a0<\/strong>05 de febrero de 2024\u00a0en horario y espacio\u00a0f\u00edsico de cada comisi\u00f3n.<\/div>\n<div><\/div>\n<div><strong>Link de inscripci\u00f3n<\/strong>: <strong><a href=\"https:\/\/asociacioncooperadoraface.mitiendanube.com\/ingresantes\/ingreso-2023\/curso-de-nivelacion\/instancia-febrero-2024\/\" target=\"_blank\" rel=\"noopener\" data-saferedirecturl=\"https:\/\/www.google.com\/url?q=https:\/\/asociacioncooperadoraface.mitiendanube.com\/ingresantes\/ingreso-2023\/curso-de-nivelacion\/instancia-febrero-2024\/&amp;source=gmail&amp;ust=1703256604097000&amp;usg=AOvVaw0MwZLnUg8Y4047PeVw3klc\">https:\/\/asociacioncooperadoraface.mitiendanube.com\/ingresantes\/ingreso-2023\/curso-de-nivelacion\/instancia-febrero-2024\/<\/a><\/strong><\/div>\n<div>\n<h4>Las\u00a0<strong>comisiones<\/strong>\u00a0habilitadas son:<\/h4>\n<div>\n<table border=\"0\" width=\"531\" cellspacing=\"0\" cellpadding=\"0\">\n<colgroup>\n<col width=\"99\" \/>\n<col width=\"126\" \/>\n<col span=\"2\" width=\"153\" \/><\/colgroup>\n<tbody>\n<tr>\n<td width=\"99\" height=\"20\">COMISI\u00d3N<\/td>\n<td width=\"126\">D\u00cdAS<\/td>\n<td width=\"153\">HORARIO<\/td>\n<td width=\"153\">ESPACIO F\u00cdSICO<\/td>\n<\/tr>\n<tr>\n<td height=\"20\">1<\/td>\n<td>Lunes a Viernes<\/td>\n<td>07:30 a 09:00 Hs.<\/td>\n<td>ANF. 2<\/td>\n<\/tr>\n<tr>\n<td height=\"20\">2<\/td>\n<td>Lunes a Viernes<\/td>\n<td>09:00 a 10:30 Hs.<\/td>\n<td>ANF. A3<\/td>\n<\/tr>\n<tr>\n<td height=\"20\">3<\/td>\n<td>Lunes a Viernes<\/td>\n<td>09:00 a 10:30 Hs.<\/td>\n<td>ANF. A4<\/td>\n<\/tr>\n<tr>\n<td height=\"20\">4<\/td>\n<td>Lunes a Viernes<\/td>\n<td>10:30 a 12:00 Hs.<\/td>\n<td>ANF. 2<\/td>\n<\/tr>\n<tr>\n<td height=\"20\">5<\/td>\n<td>Lunes a Viernes<\/td>\n<td>15:30 a 17:00 Hs.<\/td>\n<td>ANF. 2<\/td>\n<\/tr>\n<tr>\n<td height=\"20\">6<\/td>\n<td>Lunes a Viernes<\/td>\n<td>17:00 a 18:30 Hs.<\/td>\n<td>ANF. A3<\/td>\n<\/tr>\n<tr>\n<td height=\"20\">7<\/td>\n<td>Lunes a Viernes<\/td>\n<td>18:30 \u2013 20:00 Hs.<\/td>\n<td>ANF. 2<\/td>\n<\/tr>\n<\/tbody>\n<\/table>\n<\/div>\n<div><\/div>\n<div><a href=\"https:\/\/face.unt.edu.ar\/web\/ingresantes\/\" target=\"_blank\" rel=\"noopener\"><strong>Pueden encontrar m\u00e1s informaci\u00f3n sobre el Curso de Nivelaci\u00f3n de la FACE y los contenidos del mismos haciendo clic aqu\u00ed.\u00a0<\/strong><\/a><\/div>\n<div><strong>\u00a0<\/strong><\/div>\n<\/div>\n","protected":false},"excerpt":{"rendered":"<p>La Facultad de Ciencias Econ\u00f3micas de la Universidad Nacional de Tucum\u00e1n informa las fechas de inscripci\u00f3n al Curso de Nivelaci\u00f3n, destinado a quienes quieran ingresar a esta Casa de Estudios, para estudiar Contador P\u00fablico, Licenciatura en Administraci\u00f3n o Licenciatura en Econom\u00eda. Instancia de Febrero de 2024 Inscripci\u00f3n:\u00a0desde el 22\/12\/2023 hasta el 01\/02\/2024\u00a0inclusive (\u00fanicamente por medios [&hellip;]<\/p>\n","protected":false},"author":2,"featured_media":17577,"comment_status":"closed","ping_status":"closed","sticky":false,"template":"","format":"standard","meta":{"_et_pb_use_builder":"","_et_pb_old_content":"","_et_gb_content_width":"","footnotes":""},"categories":[4],"tags":[],"_links":{"self":[{"href":"https:\/\/face.unt.edu.ar\/web\/wp-json\/wp\/v2\/posts\/17571"}],"collection":[{"href":"https:\/\/face.unt.edu.ar\/web\/wp-json\/wp\/v2\/posts"}],"about":[{"href":"https:\/\/face.unt.edu.ar\/web\/wp-json\/wp\/v2\/types\/post"}],"author":[{"embeddable":true,"href":"https:\/\/face.unt.edu.ar\/web\/wp-json\/wp\/v2\/users\/2"}],"replies":[{"embeddable":true,"href":"https:\/\/face.unt.edu.ar\/web\/wp-json\/wp\/v2\/comments?post=17571"}],"version-history":[{"count":3,"href":"https:\/\/face.unt.edu.ar\/web\/wp-json\/wp\/v2\/posts\/17571\/revisions"}],"predecessor-version":[{"id":17576,"href":"https:\/\/face.unt.edu.ar\/web\/wp-json\/wp\/v2\/posts\/17571\/revisions\/17576"}],"wp:featuredmedia":[{"embeddable":true,"href":"https:\/\/face.unt.edu.ar\/web\/wp-json\/wp\/v2\/media\/17577"}],"wp:attachment":[{"href":"https:\/\/face.unt.edu.ar\/web\/wp-json\/wp\/v2\/media?parent=17571"}],"wp:term":[{"taxonomy":"category","embeddable":true,"href":"https:\/\/face.unt.edu.ar\/web\/wp-json\/wp\/v2\/categories?post=17571"},{"taxonomy":"post_tag","embeddable":true,"href":"https:\/\/face.unt.edu.ar\/web\/wp-json\/wp\/v2\/tags?post=17571"}],"curies":[{"name":"wp","href":"https:\/\/api.w.org\/{rel}","templated":true}]}}