{"id":17578,"date":"2023-12-22T12:55:24","date_gmt":"2023-12-22T12:55:24","guid":{"rendered":"https:\/\/face.unt.edu.ar\/web\/?p=17578"},"modified":"2023-12-22T12:55:24","modified_gmt":"2023-12-22T12:55:24","slug":"acuerdo-de-cooperacion-bilateral-en-beneficio-de-nuestros-estudiantes-y-la-sociedad","status":"publish","type":"post","link":"https:\/\/face.unt.edu.ar\/web\/blog\/acuerdo-de-cooperacion-bilateral-en-beneficio-de-nuestros-estudiantes-y-la-sociedad\/","title":{"rendered":"Acuerdo de cooperaci\u00f3n bilateral en beneficio de nuestros estudiantes y la sociedad"},"content":{"rendered":"<p>Nuestra <strong>Facultad de Ciencias Econ\u00f3micas de la UNT<\/strong> concret\u00f3 un significativo acuerdo de cooperaci\u00f3n bilateral con el <strong>Ministerio de Gobierno y Justicia de Tucum\u00e1n <\/strong>y la\u00a0<strong>Secretar\u00eda de Estado de Relaciones Internacionales y Empresariales<\/strong>.<\/p>\n<p>Participaron de la firma del acuerdo el decano, <strong>Mg. Jorge Rospide<\/strong>; el ministro <strong>Regino Amado<\/strong> y la secretaria de Estado\u00a0de Relaciones Internacionales y Empresariales,\u00a0<strong>Lic. Mar\u00eda Virginia \u00c1vila<\/strong>. Tambi\u00e9n estuvieron presentes el vicedecano, <strong>Esp. Gustavo Sota<\/strong>; el secretario de Extensi\u00f3n y Desarrollo Institucional, <strong>Cr. Ariel Apichela<\/strong>; la secretaria de Ciencia, T\u00e9cnica y Posgrado, <strong>Esp. Gabriela S\u00e1nchez<\/strong>, la directora de la Especializaci\u00f3n en Comercio Internacional, <strong>Dra. Mar\u00eda Jos\u00e9 Granado<\/strong>; y la subsecretaria de\u00a0Relaciones Internacionales de la provincia, <strong>Esp. Carolina Mara\u00f1\u00f3n<\/strong>.<\/p>\n<p>Este acuerdo, fundamentado en el esp\u00edritu de colaboraci\u00f3n, tiene como prop\u00f3sito establecer una relaci\u00f3n de cooperaci\u00f3n mutua y continua. Se abarcar\u00e1n \u00e1reas clave como la asistencia t\u00e9cnica, investigaci\u00f3n, intercambio de datos e informaci\u00f3n, as\u00ed como la complementaci\u00f3n en trabajos que involucren temas relevantes para ambas instituciones. Adem\u00e1s, de manera particular, busca organizar actividades conjuntas entre la carrera de posgrado Especializaci\u00f3n en Comercio Internacional de nuestra Casa de Estudios y la Secretar\u00eda de Estado de Relaciones Internacionales y Empresariales de Tucum\u00e1n.<\/p>\n<p>Desde nuestra instituci\u00f3n consideramos que este acuerdo representa un compromiso firme con la excelencia acad\u00e9mica, el progreso cient\u00edfico y el servicio a la comunidad,\u00a0abriendo grandes oportunidades para nuestros estudiantes y la sociedad en general.<\/p>\n<p><a href=\"https:\/\/face.unt.edu.ar\/web\/wp-content\/uploads\/2023\/12\/WhatsApp-Image-2023-12-20-at-10.22.43.jpeg\"><img decoding=\"async\" loading=\"lazy\" class=\"alignnone size-medium wp-image-17580\" src=\"https:\/\/face.unt.edu.ar\/web\/wp-content\/uploads\/2023\/12\/WhatsApp-Image-2023-12-20-at-10.22.43-200x300.jpeg\" alt=\"\" width=\"200\" height=\"300\" srcset=\"https:\/\/face.unt.edu.ar\/web\/wp-content\/uploads\/2023\/12\/WhatsApp-Image-2023-12-20-at-10.22.43-200x300.jpeg 200w, https:\/\/face.unt.edu.ar\/web\/wp-content\/uploads\/2023\/12\/WhatsApp-Image-2023-12-20-at-10.22.43-682x1024.jpeg 682w, https:\/\/face.unt.edu.ar\/web\/wp-content\/uploads\/2023\/12\/WhatsApp-Image-2023-12-20-at-10.22.43-768x1152.jpeg 768w, https:\/\/face.unt.edu.ar\/web\/wp-content\/uploads\/2023\/12\/WhatsApp-Image-2023-12-20-at-10.22.43-1024x1536.jpeg 1024w, https:\/\/face.unt.edu.ar\/web\/wp-content\/uploads\/2023\/12\/WhatsApp-Image-2023-12-20-at-10.22.43-1365x2048.jpeg 1365w, https:\/\/face.unt.edu.ar\/web\/wp-content\/uploads\/2023\/12\/WhatsApp-Image-2023-12-20-at-10.22.43-696x1044.jpeg 696w, https:\/\/face.unt.edu.ar\/web\/wp-content\/uploads\/2023\/12\/WhatsApp-Image-2023-12-20-at-10.22.43-1392x2089.jpeg 1392w, https:\/\/face.unt.edu.ar\/web\/wp-content\/uploads\/2023\/12\/WhatsApp-Image-2023-12-20-at-10.22.43-1068x1603.jpeg 1068w, https:\/\/face.unt.edu.ar\/web\/wp-content\/uploads\/2023\/12\/WhatsApp-Image-2023-12-20-at-10.22.43-280x420.jpeg 280w, https:\/\/face.unt.edu.ar\/web\/wp-content\/uploads\/2023\/12\/WhatsApp-Image-2023-12-20-at-10.22.43-560x840.jpeg 560w, https:\/\/face.unt.edu.ar\/web\/wp-content\/uploads\/2023\/12\/WhatsApp-Image-2023-12-20-at-10.22.43.jpeg 1706w\" sizes=\"(max-width: 200px) 100vw, 200px\" \/><\/a> <a href=\"https:\/\/face.unt.edu.ar\/web\/wp-content\/uploads\/2023\/12\/WhatsApp-Image-2023-12-20-at-10.22.43-2.jpeg\"><img decoding=\"async\" loading=\"lazy\" class=\"alignnone size-medium wp-image-17581\" src=\"https:\/\/face.unt.edu.ar\/web\/wp-content\/uploads\/2023\/12\/WhatsApp-Image-2023-12-20-at-10.22.43-2-200x300.jpeg\" alt=\"\" width=\"200\" height=\"300\" srcset=\"https:\/\/face.unt.edu.ar\/web\/wp-content\/uploads\/2023\/12\/WhatsApp-Image-2023-12-20-at-10.22.43-2-200x300.jpeg 200w, https:\/\/face.unt.edu.ar\/web\/wp-content\/uploads\/2023\/12\/WhatsApp-Image-2023-12-20-at-10.22.43-2-682x1024.jpeg 682w, https:\/\/face.unt.edu.ar\/web\/wp-content\/uploads\/2023\/12\/WhatsApp-Image-2023-12-20-at-10.22.43-2-768x1152.jpeg 768w, https:\/\/face.unt.edu.ar\/web\/wp-content\/uploads\/2023\/12\/WhatsApp-Image-2023-12-20-at-10.22.43-2-1024x1536.jpeg 1024w, https:\/\/face.unt.edu.ar\/web\/wp-content\/uploads\/2023\/12\/WhatsApp-Image-2023-12-20-at-10.22.43-2-1365x2048.jpeg 1365w, https:\/\/face.unt.edu.ar\/web\/wp-content\/uploads\/2023\/12\/WhatsApp-Image-2023-12-20-at-10.22.43-2-696x1044.jpeg 696w, https:\/\/face.unt.edu.ar\/web\/wp-content\/uploads\/2023\/12\/WhatsApp-Image-2023-12-20-at-10.22.43-2-1392x2089.jpeg 1392w, https:\/\/face.unt.edu.ar\/web\/wp-content\/uploads\/2023\/12\/WhatsApp-Image-2023-12-20-at-10.22.43-2-1068x1603.jpeg 1068w, https:\/\/face.unt.edu.ar\/web\/wp-content\/uploads\/2023\/12\/WhatsApp-Image-2023-12-20-at-10.22.43-2-280x420.jpeg 280w, https:\/\/face.unt.edu.ar\/web\/wp-content\/uploads\/2023\/12\/WhatsApp-Image-2023-12-20-at-10.22.43-2-560x840.jpeg 560w, https:\/\/face.unt.edu.ar\/web\/wp-content\/uploads\/2023\/12\/WhatsApp-Image-2023-12-20-at-10.22.43-2.jpeg 1706w\" sizes=\"(max-width: 200px) 100vw, 200px\" \/><\/a><\/p>\n<p>&nbsp;<\/p>\n","protected":false},"excerpt":{"rendered":"<p>Nuestra Facultad de Ciencias Econ\u00f3micas de la UNT concret\u00f3 un significativo acuerdo de cooperaci\u00f3n bilateral con el Ministerio de Gobierno y Justicia de Tucum\u00e1n y la\u00a0Secretar\u00eda de Estado de Relaciones Internacionales y Empresariales. Participaron de la firma del acuerdo el decano, Mg. Jorge Rospide; el ministro Regino Amado y la secretaria de Estado\u00a0de Relaciones Internacionales [&hellip;]<\/p>\n","protected":false},"author":2,"featured_media":17579,"comment_status":"closed","ping_status":"closed","sticky":false,"template":"","format":"standard","meta":{"_et_pb_use_builder":"","_et_pb_old_content":"","_et_gb_content_width":"","footnotes":""},"categories":[4],"tags":[],"_links":{"self":[{"href":"https:\/\/face.unt.edu.ar\/web\/wp-json\/wp\/v2\/posts\/17578"}],"collection":[{"href":"https:\/\/face.unt.edu.ar\/web\/wp-json\/wp\/v2\/posts"}],"about":[{"href":"https:\/\/face.unt.edu.ar\/web\/wp-json\/wp\/v2\/types\/post"}],"author":[{"embeddable":true,"href":"https:\/\/face.unt.edu.ar\/web\/wp-json\/wp\/v2\/users\/2"}],"replies":[{"embeddable":true,"href":"https:\/\/face.unt.edu.ar\/web\/wp-json\/wp\/v2\/comments?post=17578"}],"version-history":[{"count":1,"href":"https:\/\/face.unt.edu.ar\/web\/wp-json\/wp\/v2\/posts\/17578\/revisions"}],"predecessor-version":[{"id":17582,"href":"https:\/\/face.unt.edu.ar\/web\/wp-json\/wp\/v2\/posts\/17578\/revisions\/17582"}],"wp:featuredmedia":[{"embeddable":true,"href":"https:\/\/face.unt.edu.ar\/web\/wp-json\/wp\/v2\/media\/17579"}],"wp:attachment":[{"href":"https:\/\/face.unt.edu.ar\/web\/wp-json\/wp\/v2\/media?parent=17578"}],"wp:term":[{"taxonomy":"category","embeddable":true,"href":"https:\/\/face.unt.edu.ar\/web\/wp-json\/wp\/v2\/categories?post=17578"},{"taxonomy":"post_tag","embeddable":true,"href":"https:\/\/face.unt.edu.ar\/web\/wp-json\/wp\/v2\/tags?post=17578"}],"curies":[{"name":"wp","href":"https:\/\/api.w.org\/{rel}","templated":true}]}}