{"id":17805,"date":"2024-03-13T12:50:13","date_gmt":"2024-03-13T12:50:13","guid":{"rendered":"https:\/\/face.unt.edu.ar\/web\/?p=17805"},"modified":"2024-03-13T13:04:33","modified_gmt":"2024-03-13T13:04:33","slug":"con-valor-agregado-inicia-su-novena-temporada-en-radio-universidad","status":"publish","type":"post","link":"https:\/\/face.unt.edu.ar\/web\/blog\/con-valor-agregado-inicia-su-novena-temporada-en-radio-universidad\/","title":{"rendered":"Con Valor Agregado inicia su novena temporada en Radio Universidad"},"content":{"rendered":"<p><strong>Con Valor Agregado<\/strong>, el programa de radio de la <strong>Facultad de Ciencias Econ\u00f3micas de la UNT<\/strong> regresa al aire de <strong>Radio Universidad Tucum\u00e1n<\/strong> con una nueva propuesta para sus oyentes.<\/p>\n<p>Desde este <strong>mi\u00e9rcoles 13 de marzo<\/strong>, el programa se emitir\u00e1 como ya es habitual, todos los mi\u00e9rcoles a las <strong>19 horas<\/strong>, por <strong>FM 94.7<\/strong>.<\/p>\n<p>Con 9 a\u00f1os de trayectoria, Con Valor Agregado se constituye como un espacio donde se materializa de forma concreta la transferencia de conocimientos, compartiendo con la audiencia la voz de la comunidad acad\u00e9mica, fortaleciendo la vinculaci\u00f3n con la sociedad.<\/p>\n<p>Es una producci\u00f3n realizada \u00edntegramente por el \u00c1rea de Comunicaci\u00f3n de la Facultad de Ciencias Econ\u00f3micas de la UNT, que actualmente est\u00e1 a cargo del <strong>Cr. Ariel Apichela<\/strong>, secretario de Extensi\u00f3n y Desarrollo Institucional. En el programa participan los Docentes, estudiantes, graduados y Nodocentes de la Facultad y cuenta con la conducci\u00f3n de la periodista <strong>Romina Aguirre<\/strong>.<\/p>\n<p>El ciclo radial aborda cuestiones inherentes a las ciencias econ\u00f3micas, educaci\u00f3n, universidad, docencia e investigaci\u00f3n. Trata temas de econom\u00eda, administraci\u00f3n, contabilidad, impuestos y finanzas, entre otros. Presenta entrevistas con profesores destacados, an\u00e1lisis sobre temas actuales a cargo de especialistas y columnas de opini\u00f3n.<\/p>\n<p>Con Valor Agregado tambi\u00e9n se puede escuchar online en\u00a0<a href=\"http:\/\/www.fm947universidad.com.ar\/\" data-saferedirecturl=\"https:\/\/www.google.com\/url?q=http:\/\/www.fm947universidad.com.ar\/&amp;source=gmail&amp;ust=1710420521401000&amp;usg=AOvVaw3k1x62SAIzFhhzjq8WFEwO\">www.fm947universidad.com.ar<\/a><\/p>\n<p>Por otro lado, las producciones se encuentran en el canal de YouTube de la\u00a0FACE UNT\u00a0y en las redes sociales (Facebook: convaloragregado).<\/p>\n","protected":false},"excerpt":{"rendered":"<p>Con Valor Agregado, el programa de radio de la Facultad de Ciencias Econ\u00f3micas de la UNT regresa al aire de Radio Universidad Tucum\u00e1n con una nueva propuesta para sus oyentes. Desde este mi\u00e9rcoles 13 de marzo, el programa se emitir\u00e1 como ya es habitual, todos los mi\u00e9rcoles a las 19 horas, por FM 94.7. Con [&hellip;]<\/p>\n","protected":false},"author":2,"featured_media":17806,"comment_status":"closed","ping_status":"closed","sticky":false,"template":"","format":"standard","meta":{"_et_pb_use_builder":"","_et_pb_old_content":"","_et_gb_content_width":"","footnotes":""},"categories":[4],"tags":[],"_links":{"self":[{"href":"https:\/\/face.unt.edu.ar\/web\/wp-json\/wp\/v2\/posts\/17805"}],"collection":[{"href":"https:\/\/face.unt.edu.ar\/web\/wp-json\/wp\/v2\/posts"}],"about":[{"href":"https:\/\/face.unt.edu.ar\/web\/wp-json\/wp\/v2\/types\/post"}],"author":[{"embeddable":true,"href":"https:\/\/face.unt.edu.ar\/web\/wp-json\/wp\/v2\/users\/2"}],"replies":[{"embeddable":true,"href":"https:\/\/face.unt.edu.ar\/web\/wp-json\/wp\/v2\/comments?post=17805"}],"version-history":[{"count":2,"href":"https:\/\/face.unt.edu.ar\/web\/wp-json\/wp\/v2\/posts\/17805\/revisions"}],"predecessor-version":[{"id":17808,"href":"https:\/\/face.unt.edu.ar\/web\/wp-json\/wp\/v2\/posts\/17805\/revisions\/17808"}],"wp:featuredmedia":[{"embeddable":true,"href":"https:\/\/face.unt.edu.ar\/web\/wp-json\/wp\/v2\/media\/17806"}],"wp:attachment":[{"href":"https:\/\/face.unt.edu.ar\/web\/wp-json\/wp\/v2\/media?parent=17805"}],"wp:term":[{"taxonomy":"category","embeddable":true,"href":"https:\/\/face.unt.edu.ar\/web\/wp-json\/wp\/v2\/categories?post=17805"},{"taxonomy":"post_tag","embeddable":true,"href":"https:\/\/face.unt.edu.ar\/web\/wp-json\/wp\/v2\/tags?post=17805"}],"curies":[{"name":"wp","href":"https:\/\/api.w.org\/{rel}","templated":true}]}}