{"id":17821,"date":"2024-03-15T23:21:38","date_gmt":"2024-03-15T23:21:38","guid":{"rendered":"https:\/\/face.unt.edu.ar\/web\/?p=17821"},"modified":"2024-03-15T23:21:38","modified_gmt":"2024-03-15T23:21:38","slug":"nuestro-programa-de-radio-inicio-su-nuevo-ciclo-con-la-participacion-de-directores-de-posgrado","status":"publish","type":"post","link":"https:\/\/face.unt.edu.ar\/web\/blog\/nuestro-programa-de-radio-inicio-su-nuevo-ciclo-con-la-participacion-de-directores-de-posgrado\/","title":{"rendered":"Nuestro programa de radio inici\u00f3 su nuevo ciclo con la participaci\u00f3n de directores de posgrado"},"content":{"rendered":"<p dir=\"ltr\">Con Valor Agregado, el programa de la Facultad de Ciencias Econ\u00f3micas de la UNT comenz\u00f3 sus emisiones semanales en Radio Universidad.<\/p>\n<p dir=\"ltr\">Estuvieron en el estudio, la secretaria de Ciencia, T\u00e9cnica y Posgrado de la Facultad, Esp. Gabriel S\u00e1nchez, y los directores de distintas carreras de posgrado: la Dra. Viviana Lencina (Maestr\u00eda en Estad\u00edstica); el Dr. Gabriel Feldman, (Especializaci\u00f3n en Finanzas); el Mg. Luis Godoy (Especializaci\u00f3n en Auditor\u00eda y Contabilidad); y la Cra. Natalia Quinteros (coordinadora de la Especializaci\u00f3n en Sindicatura Concursal).<\/p>\n<p dir=\"ltr\">En esta ocasi\u00f3n, se abordaron diversos temas relacionados a las nuevas propuestas que plantean cada posgrado y las incumbencias profesionales de cada disciplina, teniendo en cuenta que las nuevas cohortes inician en abril.<\/p>\n<p dir=\"ltr\">Cabe destacar que este es un espacio abierto a la participaci\u00f3n de todos los docentes de nuestra Facultad.<\/p>\n<p style=\"text-align: left\"><a href=\"https:\/\/face.unt.edu.ar\/web\/wp-content\/uploads\/2024\/03\/IMG-20240315-WA0091.jpg\"><img decoding=\"async\" loading=\"lazy\" class=\"alignnone size-medium wp-image-17823\" src=\"https:\/\/face.unt.edu.ar\/web\/wp-content\/uploads\/2024\/03\/IMG-20240315-WA0091-300x169.jpg\" alt=\"\" width=\"300\" height=\"169\" srcset=\"https:\/\/face.unt.edu.ar\/web\/wp-content\/uploads\/2024\/03\/IMG-20240315-WA0091-300x169.jpg 300w, https:\/\/face.unt.edu.ar\/web\/wp-content\/uploads\/2024\/03\/IMG-20240315-WA0091-1024x577.jpg 1024w, https:\/\/face.unt.edu.ar\/web\/wp-content\/uploads\/2024\/03\/IMG-20240315-WA0091-768x432.jpg 768w, https:\/\/face.unt.edu.ar\/web\/wp-content\/uploads\/2024\/03\/IMG-20240315-WA0091-1536x865.jpg 1536w, https:\/\/face.unt.edu.ar\/web\/wp-content\/uploads\/2024\/03\/IMG-20240315-WA0091-696x392.jpg 696w, https:\/\/face.unt.edu.ar\/web\/wp-content\/uploads\/2024\/03\/IMG-20240315-WA0091-1392x784.jpg 1392w, https:\/\/face.unt.edu.ar\/web\/wp-content\/uploads\/2024\/03\/IMG-20240315-WA0091-1068x601.jpg 1068w, https:\/\/face.unt.edu.ar\/web\/wp-content\/uploads\/2024\/03\/IMG-20240315-WA0091-746x420.jpg 746w, https:\/\/face.unt.edu.ar\/web\/wp-content\/uploads\/2024\/03\/IMG-20240315-WA0091-1492x840.jpg 1492w, https:\/\/face.unt.edu.ar\/web\/wp-content\/uploads\/2024\/03\/IMG-20240315-WA0091.jpg 1600w\" sizes=\"(max-width: 300px) 100vw, 300px\" \/><\/a> <a href=\"https:\/\/face.unt.edu.ar\/web\/wp-content\/uploads\/2024\/03\/IMG-20240315-WA0090.jpg\"><img decoding=\"async\" loading=\"lazy\" class=\"alignnone size-medium wp-image-17824\" src=\"https:\/\/face.unt.edu.ar\/web\/wp-content\/uploads\/2024\/03\/IMG-20240315-WA0090-300x169.jpg\" alt=\"\" width=\"300\" height=\"169\" srcset=\"https:\/\/face.unt.edu.ar\/web\/wp-content\/uploads\/2024\/03\/IMG-20240315-WA0090-300x169.jpg 300w, https:\/\/face.unt.edu.ar\/web\/wp-content\/uploads\/2024\/03\/IMG-20240315-WA0090-1024x577.jpg 1024w, https:\/\/face.unt.edu.ar\/web\/wp-content\/uploads\/2024\/03\/IMG-20240315-WA0090-768x432.jpg 768w, https:\/\/face.unt.edu.ar\/web\/wp-content\/uploads\/2024\/03\/IMG-20240315-WA0090-1536x865.jpg 1536w, https:\/\/face.unt.edu.ar\/web\/wp-content\/uploads\/2024\/03\/IMG-20240315-WA0090-696x392.jpg 696w, https:\/\/face.unt.edu.ar\/web\/wp-content\/uploads\/2024\/03\/IMG-20240315-WA0090-1392x784.jpg 1392w, https:\/\/face.unt.edu.ar\/web\/wp-content\/uploads\/2024\/03\/IMG-20240315-WA0090-1068x601.jpg 1068w, https:\/\/face.unt.edu.ar\/web\/wp-content\/uploads\/2024\/03\/IMG-20240315-WA0090-746x420.jpg 746w, https:\/\/face.unt.edu.ar\/web\/wp-content\/uploads\/2024\/03\/IMG-20240315-WA0090-1492x840.jpg 1492w, https:\/\/face.unt.edu.ar\/web\/wp-content\/uploads\/2024\/03\/IMG-20240315-WA0090.jpg 1600w\" sizes=\"(max-width: 300px) 100vw, 300px\" \/><\/a><\/p>\n","protected":false},"excerpt":{"rendered":"<p>Con Valor Agregado, el programa de la Facultad de Ciencias Econ\u00f3micas de la UNT comenz\u00f3 sus emisiones semanales en Radio Universidad. Estuvieron en el estudio, la secretaria de Ciencia, T\u00e9cnica y Posgrado de la Facultad, Esp. Gabriel S\u00e1nchez, y los directores de distintas carreras de posgrado: la Dra. Viviana Lencina (Maestr\u00eda en Estad\u00edstica); el Dr. [&hellip;]<\/p>\n","protected":false},"author":2,"featured_media":17822,"comment_status":"closed","ping_status":"closed","sticky":false,"template":"","format":"standard","meta":{"_et_pb_use_builder":"","_et_pb_old_content":"","_et_gb_content_width":"","footnotes":""},"categories":[4],"tags":[],"_links":{"self":[{"href":"https:\/\/face.unt.edu.ar\/web\/wp-json\/wp\/v2\/posts\/17821"}],"collection":[{"href":"https:\/\/face.unt.edu.ar\/web\/wp-json\/wp\/v2\/posts"}],"about":[{"href":"https:\/\/face.unt.edu.ar\/web\/wp-json\/wp\/v2\/types\/post"}],"author":[{"embeddable":true,"href":"https:\/\/face.unt.edu.ar\/web\/wp-json\/wp\/v2\/users\/2"}],"replies":[{"embeddable":true,"href":"https:\/\/face.unt.edu.ar\/web\/wp-json\/wp\/v2\/comments?post=17821"}],"version-history":[{"count":1,"href":"https:\/\/face.unt.edu.ar\/web\/wp-json\/wp\/v2\/posts\/17821\/revisions"}],"predecessor-version":[{"id":17825,"href":"https:\/\/face.unt.edu.ar\/web\/wp-json\/wp\/v2\/posts\/17821\/revisions\/17825"}],"wp:featuredmedia":[{"embeddable":true,"href":"https:\/\/face.unt.edu.ar\/web\/wp-json\/wp\/v2\/media\/17822"}],"wp:attachment":[{"href":"https:\/\/face.unt.edu.ar\/web\/wp-json\/wp\/v2\/media?parent=17821"}],"wp:term":[{"taxonomy":"category","embeddable":true,"href":"https:\/\/face.unt.edu.ar\/web\/wp-json\/wp\/v2\/categories?post=17821"},{"taxonomy":"post_tag","embeddable":true,"href":"https:\/\/face.unt.edu.ar\/web\/wp-json\/wp\/v2\/tags?post=17821"}],"curies":[{"name":"wp","href":"https:\/\/api.w.org\/{rel}","templated":true}]}}