{"id":18097,"date":"2024-04-25T12:02:43","date_gmt":"2024-04-25T12:02:43","guid":{"rendered":"https:\/\/face.unt.edu.ar\/web\/?p=18097"},"modified":"2024-04-25T12:05:04","modified_gmt":"2024-04-25T12:05:04","slug":"mesa-panel-desafios-coyunturales-y-estructurales-de-la-argentina-y-tucuman","status":"publish","type":"post","link":"https:\/\/face.unt.edu.ar\/web\/blog\/mesa-panel-desafios-coyunturales-y-estructurales-de-la-argentina-y-tucuman\/","title":{"rendered":"Mesa panel \u201cDesaf\u00edos coyunturales y estructurales de la Argentina y Tucum\u00e1n\u201d"},"content":{"rendered":"<p>El pr\u00f3ximo <strong>viernes 26 de abril<\/strong>, se realizar\u00e1 en nuestra <strong>Facultad de Ciencias Econ\u00f3micas de la UNT,<\/strong> la mesa panel <strong>\u201cDesaf\u00edos coyunturales y estructurales de la Argentina y Tucum\u00e1n\u201d<\/strong>, a cargo de los docentes<strong> Dr. Osvaldo Meloni<\/strong> y el <strong>PhD Alejandro Danon.<\/strong><\/p>\n<p>Tendr\u00e1 lugar en el <strong>aula 16<\/strong> de nuestra Facultad, a las <strong>17:00 horas<\/strong>. Es una actividad <strong>abierta a todo el p\u00fablico<\/strong>.<\/p>\n<p>Cabe destacar que la misma se desarrolla en el marco de la inauguraci\u00f3n del a\u00f1o lectivo 2024 de la carrera de posgrado:<strong> Especializaci\u00f3n en Administraci\u00f3n y Pol\u00edticas P\u00fablicas.<\/strong><\/p>\n","protected":false},"excerpt":{"rendered":"<p>El pr\u00f3ximo viernes 26 de abril, se realizar\u00e1 en nuestra Facultad de Ciencias Econ\u00f3micas de la UNT, la mesa panel \u201cDesaf\u00edos coyunturales y estructurales de la Argentina y Tucum\u00e1n\u201d, a cargo de los docentes Dr. Osvaldo Meloni y el PhD Alejandro Danon. Tendr\u00e1 lugar en el aula 16 de nuestra Facultad, a las 17:00 horas. [&hellip;]<\/p>\n","protected":false},"author":123457,"featured_media":18098,"comment_status":"closed","ping_status":"closed","sticky":false,"template":"","format":"standard","meta":{"_et_pb_use_builder":"","_et_pb_old_content":"","_et_gb_content_width":"","footnotes":""},"categories":[4,5],"tags":[36,1191,500],"_links":{"self":[{"href":"https:\/\/face.unt.edu.ar\/web\/wp-json\/wp\/v2\/posts\/18097"}],"collection":[{"href":"https:\/\/face.unt.edu.ar\/web\/wp-json\/wp\/v2\/posts"}],"about":[{"href":"https:\/\/face.unt.edu.ar\/web\/wp-json\/wp\/v2\/types\/post"}],"author":[{"embeddable":true,"href":"https:\/\/face.unt.edu.ar\/web\/wp-json\/wp\/v2\/users\/123457"}],"replies":[{"embeddable":true,"href":"https:\/\/face.unt.edu.ar\/web\/wp-json\/wp\/v2\/comments?post=18097"}],"version-history":[{"count":1,"href":"https:\/\/face.unt.edu.ar\/web\/wp-json\/wp\/v2\/posts\/18097\/revisions"}],"predecessor-version":[{"id":18099,"href":"https:\/\/face.unt.edu.ar\/web\/wp-json\/wp\/v2\/posts\/18097\/revisions\/18099"}],"wp:featuredmedia":[{"embeddable":true,"href":"https:\/\/face.unt.edu.ar\/web\/wp-json\/wp\/v2\/media\/18098"}],"wp:attachment":[{"href":"https:\/\/face.unt.edu.ar\/web\/wp-json\/wp\/v2\/media?parent=18097"}],"wp:term":[{"taxonomy":"category","embeddable":true,"href":"https:\/\/face.unt.edu.ar\/web\/wp-json\/wp\/v2\/categories?post=18097"},{"taxonomy":"post_tag","embeddable":true,"href":"https:\/\/face.unt.edu.ar\/web\/wp-json\/wp\/v2\/tags?post=18097"}],"curies":[{"name":"wp","href":"https:\/\/api.w.org\/{rel}","templated":true}]}}